{"id":3763,"date":"2021-06-23T11:22:29","date_gmt":"2021-06-23T11:22:29","guid":{"rendered":"https:\/\/xn--huracnpolmicocancnquintanaroo-knc6wmu.com\/?p=3763"},"modified":"2021-06-23T05:25:26","modified_gmt":"2021-06-23T05:25:26","slug":"veracruz-lanza-decreto-no-hagas-olas-evita-la-tercera-por-covid","status":"publish","type":"post","link":"https:\/\/xn--huracnpolmicocancnquintanaroo-knc6wmu.com\/?p=3763","title":{"rendered":"Veracruz lanza decreto \u2018No hagas olas, evita la tercera\u2019 por covid"},"content":{"rendered":"<p>Ante el incremento en casos de covid-19, el Gobierno de Veracruz public\u00f3 un decreto en la Gaceta Oficial denominado \u201cNo hagas olas, evita la tercera\u201d, dirigido a la juventud para frenar los contagios.<\/p>\n<p>El decreto busca implementar restricciones del 22 al 28 de junio y el objetivo es regresar al sem\u00e1foro epidemiol\u00f3gico verde, que es riesgo medio.<\/p>\n<p>En conferencia, el gobernador Cuitl\u00e1huac Garc\u00eda dio a conocer esta medida.<\/p>\n<blockquote><p>Por lo tanto, no hagan olas, qu\u00e9date en casa, no asistas a fiestas, a pachangas, aguanta tantito, ya en una semana m\u00e1s se podr\u00e1, con las medidas sanitarias disfrutar de las vacaciones, queremos que las restricciones sean estrictamente de color verde\u201d, dijo.<\/p><\/blockquote>\n<p>Pidi\u00f3 participar en la reactivaci\u00f3n econ\u00f3mica de la regi\u00f3n, por lo que recomend\u00f3 a la poblaci\u00f3n de los municipios con sem\u00e1foro en verde, que tendr\u00e1n espect\u00e1culos recreativos, acudir observando las medidas sanitarias.<\/p>\n<p><iframe loading=\"lazy\" id=\"gaejLdJ0Ss8-youtube\" class=\"youtube-container st-swap-player\" title=\"YouTube video player\" src=\"https:\/\/www.youtube.com\/embed\/gaejLdJ0Ss8?autoplay=0&amp;controls=2&amp;rel=0&amp;embed_config=%7B%22adsConfig%22%3A%7B%22adTagParameters%22%3A%7B%22iu%22%3A%22%2F35139216%2FYouTube_Intrasitio%2FExcelsior_TV%22%2C%22cust_params%22%3A%22intereses%3DNoticias%2CRedes%20Sociales%2CDeportes%2CPresidencia%2CDinero%2CTecnolog%C3%ADa%2CPortada%2CTrending%2COpini%C3%B3n%26channel%3Dnacional%22%2C%22ppid%22%3A%22not_define%22%7D%7D%7D&amp;enablejsapi=1&amp;origin=https%3A%2F%2Fwww.excelsior.com.mx&amp;widgetid=1\" width=\"100%\" height=\"315\" frameborder=\"0\" allowfullscreen=\"allowfullscreen\" data-width=\"100%\" data-height=\"315\" data-youtubeid=\"gaejLdJ0Ss8\" data-mce-fragment=\"1\"><\/iframe><\/p>\n","protected":false},"excerpt":{"rendered":"<p>Ante el incremento en casos de covid-19, el Gobierno de Veracruz public\u00f3 un decreto en&#8230;<\/p>\n","protected":false},"author":1,"featured_media":3764,"comment_status":"closed","ping_status":"closed","sticky":false,"template":"","format":"standard","meta":{"footnotes":""},"categories":[12],"tags":[],"class_list":["post-3763","post","type-post","status-publish","format-standard","has-post-thumbnail","hentry","category-nacional"],"_links":{"self":[{"href":"https:\/\/xn--huracnpolmicocancnquintanaroo-knc6wmu.com\/index.php?rest_route=\/wp\/v2\/posts\/3763","targetHints":{"allow":["GET"]}}],"collection":[{"href":"https:\/\/xn--huracnpolmicocancnquintanaroo-knc6wmu.com\/index.php?rest_route=\/wp\/v2\/posts"}],"about":[{"href":"https:\/\/xn--huracnpolmicocancnquintanaroo-knc6wmu.com\/index.php?rest_route=\/wp\/v2\/types\/post"}],"author":[{"embeddable":true,"href":"https:\/\/xn--huracnpolmicocancnquintanaroo-knc6wmu.com\/index.php?rest_route=\/wp\/v2\/users\/1"}],"replies":[{"embeddable":true,"href":"https:\/\/xn--huracnpolmicocancnquintanaroo-knc6wmu.com\/index.php?rest_route=%2Fwp%2Fv2%2Fcomments&post=3763"}],"version-history":[{"count":1,"href":"https:\/\/xn--huracnpolmicocancnquintanaroo-knc6wmu.com\/index.php?rest_route=\/wp\/v2\/posts\/3763\/revisions"}],"predecessor-version":[{"id":3765,"href":"https:\/\/xn--huracnpolmicocancnquintanaroo-knc6wmu.com\/index.php?rest_route=\/wp\/v2\/posts\/3763\/revisions\/3765"}],"wp:featuredmedia":[{"embeddable":true,"href":"https:\/\/xn--huracnpolmicocancnquintanaroo-knc6wmu.com\/index.php?rest_route=\/wp\/v2\/media\/3764"}],"wp:attachment":[{"href":"https:\/\/xn--huracnpolmicocancnquintanaroo-knc6wmu.com\/index.php?rest_route=%2Fwp%2Fv2%2Fmedia&parent=3763"}],"wp:term":[{"taxonomy":"category","embeddable":true,"href":"https:\/\/xn--huracnpolmicocancnquintanaroo-knc6wmu.com\/index.php?rest_route=%2Fwp%2Fv2%2Fcategories&post=3763"},{"taxonomy":"post_tag","embeddable":true,"href":"https:\/\/xn--huracnpolmicocancnquintanaroo-knc6wmu.com\/index.php?rest_route=%2Fwp%2Fv2%2Ftags&post=3763"}],"curies":[{"name":"wp","href":"https:\/\/api.w.org\/{rel}","templated":true}]}}