{"id":3772,"date":"2021-06-24T11:20:46","date_gmt":"2021-06-24T11:20:46","guid":{"rendered":"https:\/\/xn--huracnpolmicocancnquintanaroo-knc6wmu.com\/?p=3772"},"modified":"2021-06-23T22:25:22","modified_gmt":"2021-06-23T22:25:22","slug":"se-desprende-plafon-en-la-estacion-villa-de-cortes-del-metro","status":"publish","type":"post","link":"https:\/\/xn--huracnpolmicocancnquintanaroo-knc6wmu.com\/?p=3772","title":{"rendered":"Se desprende plaf\u00f3n en la estaci\u00f3n Villa de Cort\u00e9s del metro"},"content":{"rendered":"<p>Alrededor de las 10:00 horas se registr\u00f3 el desprendimiento de una secci\u00f3n del plaf\u00f3n del puente peatonal que conecta con la estaci\u00f3n Villa de Cort\u00e9s, de la L\u00ednea 2 del Metro y dos veh\u00edculos resultaron con da\u00f1os, pero sin registro de lesionados.<\/p>\n<p>El Sistema de Transporte Colectivo (STC) Metro inform\u00f3 que la instalaci\u00f3n corresponde a un Permiso Administrativo Temporal Revocable, que forma parte de la construcci\u00f3n de dos torres en la estaci\u00f3n referida, as\u00ed como los puentes de conexi\u00f3n al inmueble del Metro.<\/p>\n<h2>Se desprende plaf\u00f3n en la estaci\u00f3n Villa de Cort\u00e9s del metro<\/h2>\n<p>En tanto el \u00e1rea jur\u00eddica del STC tom\u00f3 conocimiento y la empresa se har\u00e1 cargo de los da\u00f1os a los veh\u00edculos.<\/p>\n<p>Actualmente el Permiso Administrativo Temporal Revocable a trav\u00e9s del cual se otorg\u00f3 a una empresa la construcci\u00f3n de dos torres en Villa de Cort\u00e9s, se encuentra en proceso de revocaci\u00f3n.<\/p>\n","protected":false},"excerpt":{"rendered":"<p>Alrededor de las 10:00 horas se registr\u00f3 el desprendimiento de una secci\u00f3n del plaf\u00f3n del&#8230;<\/p>\n","protected":false},"author":1,"featured_media":3773,"comment_status":"closed","ping_status":"closed","sticky":false,"template":"","format":"standard","meta":{"footnotes":""},"categories":[12],"tags":[],"class_list":["post-3772","post","type-post","status-publish","format-standard","has-post-thumbnail","hentry","category-nacional"],"_links":{"self":[{"href":"https:\/\/xn--huracnpolmicocancnquintanaroo-knc6wmu.com\/index.php?rest_route=\/wp\/v2\/posts\/3772","targetHints":{"allow":["GET"]}}],"collection":[{"href":"https:\/\/xn--huracnpolmicocancnquintanaroo-knc6wmu.com\/index.php?rest_route=\/wp\/v2\/posts"}],"about":[{"href":"https:\/\/xn--huracnpolmicocancnquintanaroo-knc6wmu.com\/index.php?rest_route=\/wp\/v2\/types\/post"}],"author":[{"embeddable":true,"href":"https:\/\/xn--huracnpolmicocancnquintanaroo-knc6wmu.com\/index.php?rest_route=\/wp\/v2\/users\/1"}],"replies":[{"embeddable":true,"href":"https:\/\/xn--huracnpolmicocancnquintanaroo-knc6wmu.com\/index.php?rest_route=%2Fwp%2Fv2%2Fcomments&post=3772"}],"version-history":[{"count":1,"href":"https:\/\/xn--huracnpolmicocancnquintanaroo-knc6wmu.com\/index.php?rest_route=\/wp\/v2\/posts\/3772\/revisions"}],"predecessor-version":[{"id":3774,"href":"https:\/\/xn--huracnpolmicocancnquintanaroo-knc6wmu.com\/index.php?rest_route=\/wp\/v2\/posts\/3772\/revisions\/3774"}],"wp:featuredmedia":[{"embeddable":true,"href":"https:\/\/xn--huracnpolmicocancnquintanaroo-knc6wmu.com\/index.php?rest_route=\/wp\/v2\/media\/3773"}],"wp:attachment":[{"href":"https:\/\/xn--huracnpolmicocancnquintanaroo-knc6wmu.com\/index.php?rest_route=%2Fwp%2Fv2%2Fmedia&parent=3772"}],"wp:term":[{"taxonomy":"category","embeddable":true,"href":"https:\/\/xn--huracnpolmicocancnquintanaroo-knc6wmu.com\/index.php?rest_route=%2Fwp%2Fv2%2Fcategories&post=3772"},{"taxonomy":"post_tag","embeddable":true,"href":"https:\/\/xn--huracnpolmicocancnquintanaroo-knc6wmu.com\/index.php?rest_route=%2Fwp%2Fv2%2Ftags&post=3772"}],"curies":[{"name":"wp","href":"https:\/\/api.w.org\/{rel}","templated":true}]}}