{"id":3778,"date":"2021-06-25T11:02:49","date_gmt":"2021-06-25T11:02:49","guid":{"rendered":"https:\/\/xn--huracnpolmicocancnquintanaroo-knc6wmu.com\/?p=3778"},"modified":"2021-06-25T02:57:41","modified_gmt":"2021-06-25T02:57:41","slug":"oficialmente-se-va-capella","status":"publish","type":"post","link":"https:\/\/xn--huracnpolmicocancnquintanaroo-knc6wmu.com\/?p=3778","title":{"rendered":"Oficialmente se va Capella"},"content":{"rendered":"<p>Canc\u00fan.- El Gobernador del Estado, Carlos Joaqu\u00edn Gonz\u00e1lez en la inauguraci\u00f3n del Complejo de Seguridad de Quintana Roo C5, confirm\u00f3 la Renuncia del Licenciado Alberto Capella Ibarra como Secretario de Seguridad P\u00fablica y ratific\u00f3 al Comandante Lucio Hernandez Gutierrez como titular de la Secretar\u00eda de Seguridad P\u00fablica de Quintana Roo.<br \/>\nCapella fue invitado a la inauguraci\u00f3n donde dio su \u00faltimo discurso luego de estar con licencia por los eventos del 9D.<\/p>\n<p>Capella Ibarra tuvo posici\u00f3n central en el presidium y en la develaci\u00f3n de la placa conmemorativa, al lado opuesto del gobernador en esta despedida.<br \/>\nTambi\u00e9n fue el primero en efectuar su discurso, en donde lament\u00f3 la muerte de un agente de la Polic\u00eda Estatal, ocurrido hoy en Felipe Carrillo Puerto, producto de un accidente automovil\u00edstico.<br \/>\nEl titular de la SSP destac\u00f3 la importancia de la red de 2 mil 200 c\u00e1maras que supervisar\u00e1 el C5, que adem\u00e1s contar\u00e1 con un registro de datos biom\u00e9tricos e identificador de placas.<br \/>\n\u00abEs el m\u00e1s avanzado de Latinoam\u00e9rica en estos momentos, sin duda\u00bb, coment\u00f3.<\/p>\n<p>Agradeci\u00f3 al gobernador por la confianza y la oportunidad de sumarlo a su equipo.<br \/>\nCapella Ibarra fue separado de su cargo, luego de la violenta represi\u00f3n de una manifestaci\u00f3n feminista, por parte de polic\u00edas municipales en Canc\u00fan, adscritos al Mando \u00danico, el pasado 9 de noviembre.<\/p>\n","protected":false},"excerpt":{"rendered":"<p>Canc\u00fan.- El Gobernador del Estado, Carlos Joaqu\u00edn Gonz\u00e1lez en la inauguraci\u00f3n del Complejo de Seguridad&#8230;<\/p>\n","protected":false},"author":1,"featured_media":3779,"comment_status":"closed","ping_status":"closed","sticky":false,"template":"","format":"standard","meta":{"footnotes":""},"categories":[2],"tags":[],"class_list":["post-3778","post","type-post","status-publish","format-standard","has-post-thumbnail","hentry","category-local"],"_links":{"self":[{"href":"https:\/\/xn--huracnpolmicocancnquintanaroo-knc6wmu.com\/index.php?rest_route=\/wp\/v2\/posts\/3778","targetHints":{"allow":["GET"]}}],"collection":[{"href":"https:\/\/xn--huracnpolmicocancnquintanaroo-knc6wmu.com\/index.php?rest_route=\/wp\/v2\/posts"}],"about":[{"href":"https:\/\/xn--huracnpolmicocancnquintanaroo-knc6wmu.com\/index.php?rest_route=\/wp\/v2\/types\/post"}],"author":[{"embeddable":true,"href":"https:\/\/xn--huracnpolmicocancnquintanaroo-knc6wmu.com\/index.php?rest_route=\/wp\/v2\/users\/1"}],"replies":[{"embeddable":true,"href":"https:\/\/xn--huracnpolmicocancnquintanaroo-knc6wmu.com\/index.php?rest_route=%2Fwp%2Fv2%2Fcomments&post=3778"}],"version-history":[{"count":1,"href":"https:\/\/xn--huracnpolmicocancnquintanaroo-knc6wmu.com\/index.php?rest_route=\/wp\/v2\/posts\/3778\/revisions"}],"predecessor-version":[{"id":3780,"href":"https:\/\/xn--huracnpolmicocancnquintanaroo-knc6wmu.com\/index.php?rest_route=\/wp\/v2\/posts\/3778\/revisions\/3780"}],"wp:featuredmedia":[{"embeddable":true,"href":"https:\/\/xn--huracnpolmicocancnquintanaroo-knc6wmu.com\/index.php?rest_route=\/wp\/v2\/media\/3779"}],"wp:attachment":[{"href":"https:\/\/xn--huracnpolmicocancnquintanaroo-knc6wmu.com\/index.php?rest_route=%2Fwp%2Fv2%2Fmedia&parent=3778"}],"wp:term":[{"taxonomy":"category","embeddable":true,"href":"https:\/\/xn--huracnpolmicocancnquintanaroo-knc6wmu.com\/index.php?rest_route=%2Fwp%2Fv2%2Fcategories&post=3778"},{"taxonomy":"post_tag","embeddable":true,"href":"https:\/\/xn--huracnpolmicocancnquintanaroo-knc6wmu.com\/index.php?rest_route=%2Fwp%2Fv2%2Ftags&post=3778"}],"curies":[{"name":"wp","href":"https:\/\/api.w.org\/{rel}","templated":true}]}}