{"id":3812,"date":"2021-06-29T11:35:31","date_gmt":"2021-06-29T11:35:31","guid":{"rendered":"https:\/\/xn--huracnpolmicocancnquintanaroo-knc6wmu.com\/?p=3812"},"modified":"2021-06-29T04:48:34","modified_gmt":"2021-06-29T04:48:34","slug":"bombardeo-impacta-base-militar-de-estados-unidos-en-siria","status":"publish","type":"post","link":"https:\/\/xn--huracnpolmicocancnquintanaroo-knc6wmu.com\/?p=3812","title":{"rendered":"Bombardeo impacta base militar de Estados Unidos en Siria"},"content":{"rendered":"<p>Este 28 de junio se registraron varios bombardeos en\u00a0<strong>Siria<\/strong>; en la provincia de<strong>\u00a0Deir al Zur<\/strong>, una serie de proyectiles impactaron una base militar de\u00a0<strong>Estados Unidos<\/strong>, a menos de 24 horas de un ataque del mismo pa\u00eds a milicias apoyadas por Ir\u00e1n en el area.<\/p>\n<div class=\"banner hide--mobile\">\n<p>De acuerdo a la fuente an\u00f3nima citada por el medio Efe, el bombardeo fue en contra de un complejo residencial en la base ubicada en los alrededores del campo petrolero de\u00a0<strong>Al Omar.\u00a0\u00a0<\/strong><\/p>\n<p>El ataque se produce despu\u00e9s de un\u00a0bombardeo ordenado por Joe Biden; en febrero pasado el nuevo presidente de Estados Unidos ya hab\u00eda ordenado un ataque en contra de zonas de Siria donde se sospechaba la presencia de Ir\u00e1n.<\/p>\n<div class=\"banner hide--mobile\">\n<h2>Base americana es impactada por proyectiles<\/h2>\n<div>\n<figure class=\"image\"><img decoding=\"async\" class=\"i-amphtml-fill-content i-amphtml-replaced-content\" src=\"https:\/\/laverdadnoticias.com\/__export\/1624924832102\/sites\/laverdad\/img\/2021\/06\/28\/bombardeo_siria.jfif_186469708.jfif\" alt=\"Bombardeo impacta base militar de Estados Unidos en Siria\" \/><figcaption>Base militar de EE.UU. es atacada en Siria<\/figcaption><\/figure>\n<\/div>\n<p>De acuerdo al\u00a0<strong>Observatorio Sirio de Derechos Humanos<\/strong>, report\u00f3 varios da\u00f1os materiales e incendio de veh\u00edculos en la base y el \u00e1rea del campo petrolero tras el impacto de los proyectiles.<\/p>\n<p>La ONG asegur\u00f3 que los proyectiles habr\u00edan sido lanzados por milicias pro-iran\u00edes que se han desplegado en la regi\u00f3n occidental del r\u00edo \u00c9ufrates, provenientes de las zonas rurales en la provincia de Deir al Zur.<\/p>\n<p>El\u00a0primer ataque de Joe Biden dej\u00f3 22 muertos en Siria, realizado en febrero pasado, fue una de las primeras acciones militares de su administraci\u00f3n tras las elecciones presidenciales de 2020.<\/p>\n<h2>\u00bfPor qu\u00e9 Estados Unidos bombarde\u00f3 Siria?<\/h2>\n<div>\n<figure class=\"image\"><img decoding=\"async\" class=\"i-amphtml-fill-content i-amphtml-replaced-content\" src=\"https:\/\/laverdadnoticias.com\/__export\/1624924897265\/sites\/laverdad\/img\/2021\/06\/28\/siria.jpg_121823238.jpg\" alt=\"Estados Unidos bombardea zona fronteriza de Siria\" \/><figcaption>Estados Unidos bombardea zona fronteriza de Siria<\/figcaption><\/figure>\n<\/div>\n<p>El ataque a la base americana se produce en respuesta a un bombardeo ordenado por Joe Biden esta madrugada descrito como una acci\u00f3n defensiva en contra de grupos armados de\u00a0<strong>Teher\u00e1n\u00a0<\/strong>en la frontera sirio-iraqu\u00ed.<\/p>\n<p>Seg\u00fan los reportes obtenidos por\u00a0<strong>La Verdad Noticias<\/strong>, los\u00a0ataques a\u00e9reos de EE.UU. a Siria\u00a0de este viernes dej\u00f3 un saldo de siete muertos, incluido un ni\u00f1o peque\u00f1o y cinco miembros del grupo militar iraqu\u00ed,<strong>\u00a0Multitud Popular<\/strong>.<\/p>\n<div class=\"banner hide--mobile\"><\/div>\n<\/div>\n<\/div>\n","protected":false},"excerpt":{"rendered":"<p>Este 28 de junio se registraron varios bombardeos en\u00a0Siria; en la provincia de\u00a0Deir al Zur,&#8230;<\/p>\n","protected":false},"author":1,"featured_media":3813,"comment_status":"closed","ping_status":"closed","sticky":false,"template":"","format":"standard","meta":{"footnotes":""},"categories":[11],"tags":[],"class_list":["post-3812","post","type-post","status-publish","format-standard","has-post-thumbnail","hentry","category-internacional"],"_links":{"self":[{"href":"https:\/\/xn--huracnpolmicocancnquintanaroo-knc6wmu.com\/index.php?rest_route=\/wp\/v2\/posts\/3812","targetHints":{"allow":["GET"]}}],"collection":[{"href":"https:\/\/xn--huracnpolmicocancnquintanaroo-knc6wmu.com\/index.php?rest_route=\/wp\/v2\/posts"}],"about":[{"href":"https:\/\/xn--huracnpolmicocancnquintanaroo-knc6wmu.com\/index.php?rest_route=\/wp\/v2\/types\/post"}],"author":[{"embeddable":true,"href":"https:\/\/xn--huracnpolmicocancnquintanaroo-knc6wmu.com\/index.php?rest_route=\/wp\/v2\/users\/1"}],"replies":[{"embeddable":true,"href":"https:\/\/xn--huracnpolmicocancnquintanaroo-knc6wmu.com\/index.php?rest_route=%2Fwp%2Fv2%2Fcomments&post=3812"}],"version-history":[{"count":1,"href":"https:\/\/xn--huracnpolmicocancnquintanaroo-knc6wmu.com\/index.php?rest_route=\/wp\/v2\/posts\/3812\/revisions"}],"predecessor-version":[{"id":3814,"href":"https:\/\/xn--huracnpolmicocancnquintanaroo-knc6wmu.com\/index.php?rest_route=\/wp\/v2\/posts\/3812\/revisions\/3814"}],"wp:featuredmedia":[{"embeddable":true,"href":"https:\/\/xn--huracnpolmicocancnquintanaroo-knc6wmu.com\/index.php?rest_route=\/wp\/v2\/media\/3813"}],"wp:attachment":[{"href":"https:\/\/xn--huracnpolmicocancnquintanaroo-knc6wmu.com\/index.php?rest_route=%2Fwp%2Fv2%2Fmedia&parent=3812"}],"wp:term":[{"taxonomy":"category","embeddable":true,"href":"https:\/\/xn--huracnpolmicocancnquintanaroo-knc6wmu.com\/index.php?rest_route=%2Fwp%2Fv2%2Fcategories&post=3812"},{"taxonomy":"post_tag","embeddable":true,"href":"https:\/\/xn--huracnpolmicocancnquintanaroo-knc6wmu.com\/index.php?rest_route=%2Fwp%2Fv2%2Ftags&post=3812"}],"curies":[{"name":"wp","href":"https:\/\/api.w.org\/{rel}","templated":true}]}}