{"id":3837,"date":"2021-07-02T11:12:11","date_gmt":"2021-07-02T11:12:11","guid":{"rendered":"https:\/\/xn--huracnpolmicocancnquintanaroo-knc6wmu.com\/?p=3837"},"modified":"2021-07-02T05:18:44","modified_gmt":"2021-07-02T05:18:44","slug":"ya-hay-fecha-tentativa-para-vacunar-a-mayores-de-18-anos-en-quintana-roo","status":"publish","type":"post","link":"https:\/\/xn--huracnpolmicocancnquintanaroo-knc6wmu.com\/?p=3837","title":{"rendered":"Ya hay fecha tentativa para vacunar a mayores de 18 a\u00f1os en Quintana Roo"},"content":{"rendered":"<p>El s<strong>em\u00e1foro COVID se mantiene en color naranja<\/strong>\u00a0para la pr\u00f3xima semana en Quintana Roo, sin embargo, se ha detectado un\u00a0<strong>relajamiento de las medidas sanitarias<\/strong>\u00a0y h\u00e1bitos de salud, especialmente en Canc\u00fan.<\/p>\n<p>Ante esto, el gobernador Carlos Joaqu\u00edn hizo un llamado a la poblaci\u00f3n y visitantes a mantener los h\u00e1bitos de salud con o sin vacuna,\u00a0<strong>a fin de evitar un retroceso de lo ya logrado<\/strong>\u00a0y alargue a\u00fan m\u00e1s avanzar a color amarillo del sem\u00e1foro epidemiol\u00f3gico estatal.<\/p>\n<p>Se inform\u00f3 adem\u00e1s que la curva de contagios por COVID-19 por municipio qued\u00f3 de la siguiente manera:<\/p>\n<ul>\n<li>Puerto Morelos 100% disminuci\u00f3n,<\/li>\n<li>Oth\u00f3n P. Blanco 12% disminuci\u00f3n,<\/li>\n<li>Felipe Carrillo Puerto 3% disminuci\u00f3n,<\/li>\n<li>Cozumel 4%, aumento,<\/li>\n<li>Solidaridad 5% aumento,<\/li>\n<li>Isla Mujeres 10% aumento,<\/li>\n<li>Benito Ju\u00e1rez 25% aumento,<\/li>\n<li>Bacalar 38% aumento,<\/li>\n<li>Tulum 94% aumento,<\/li>\n<li>Jos\u00e9 Mar\u00eda Morelos 97% aumento,<\/li>\n<li>L\u00e1zaro C\u00e1rdenas 156% aumento.<\/li>\n<\/ul>\n<div id=\"div-gpt-ad-inread-60de955364bd070013ed9405\" data-name=\"inread\" data-size=\"[[336,250], [300,250]]\" data-google-query-id=\"CJjMpa_Qw_ECFWbuKAUdmD8KHw\">\n<div id=\"google_ads_iframe_\/4334274\/inread_4__container__\">Sobre el <strong>municipio de Benito Ju\u00e1rez<\/strong>, el gobernador afirm\u00f3 que nuevamente tiene\u00a0<strong>aumento de contagios de COVID<\/strong>, con d\u00edas en los que se registraron hasta 150 casos diarios, con peligro de presentar una curva de acenso.<\/div>\n<\/div>\n<p>Por tanto, durante la semana del\u00a0<strong>5 al 11 de julio pr\u00f3ximos el Sem\u00e1foro Epidemiol\u00f3gico Estatal se mantiene en color naranja<\/strong>\u00a0tanto en el norte como en el sur.<\/p>\n<div class=\"media-caption\"><a class=\"magnific-gallery-item\" title=\"Sem\u00e1foro COVID zona norte.\" href=\"https:\/\/images.sipse.com\/d4iaRBBko4z470CfhYrunwzAmpo=\/fit-in\/900x500\/2021\/07\/02\/1625199734919.jpeg\" data-fancybox=\"gallery-60de955364bd070013ed9405\" data-options=\"{&quot;hash&quot;:false}\"><img decoding=\"async\" class=\"img-responsive center-block\" src=\"https:\/\/images.sipse.com\/S1XX47AHsW5rq1gLYwcBqHPOEkw=\/fit-in\/580x500\/2021\/07\/02\/1625199734919.jpeg\" \/><\/a><\/p>\n<div class=\"content-caption\">Sem\u00e1foro COVID zona norte.<\/div>\n<\/div>\n<div class=\"media-caption\"><a class=\"magnific-gallery-item\" title=\"Sem\u00e1foro COVID zona sur.\" href=\"https:\/\/images.sipse.com\/7QU3WEU1nrTsXMrWSIrHMiBpRyk=\/fit-in\/900x500\/2021\/07\/02\/1625199735098.jpeg\" data-fancybox=\"gallery-60de955364bd070013ed9405\" data-options=\"{&quot;hash&quot;:false}\"><img decoding=\"async\" class=\"img-responsive center-block\" src=\"https:\/\/images.sipse.com\/aPWVc6uQtOo2f5D1v84aS6HpTqU=\/fit-in\/580x500\/2021\/07\/02\/1625199735098.jpeg\" \/><\/a><\/p>\n<div class=\"content-caption\">Sem\u00e1foro COVID zona sur.<\/div>\n<\/div>\n<p>Advirti\u00f3 que si las medidas sanitarias no se cumplen, hay riesgo de que el s<strong>em\u00e1foro retroceda a color rojo.\u00a0\u00a0<\/strong><\/p>\n<div id=\"div-gpt-ad-inread-2-60de955364bd070013ed9405\" data-name=\"inread\" data-size=\"[[336,250], [300,250]]\" data-google-query-id=\"CMzupa_Qw_ECFdXiKAUdqGwKsA\">\n<div id=\"google_ads_iframe_\/4334274\/inread_5__container__\">Al hablar de la jornada de vacunaci\u00f3n contra la covid-19, Carlos Joaqu\u00edn detall\u00f3 que del rango de 30 a 39 a\u00f1os de edad representa m\u00e1s de <strong>300 mil personas y se han aplicado 50 mil vacunas en cuatro d\u00edas<\/strong>, incluyendo al personal tur\u00edstico, siento esto un gran logro.<\/div>\n<\/div>\n<h2>Vacunaci\u00f3n de 18 en adelante comenzar\u00eda en dos semanas<\/h2>\n<p>Durante la actualizaci\u00f3n del sem\u00e1foro, el gobernador tambi\u00e9n dio a conocer que se estima que en un plazo de dos semanas, se\u00a0<strong>estar\u00eda vacunando a las personas de entre 18 a 29 a\u00f1os.<\/strong><\/p>\n<p>Esto ocurrir\u00e1 en cuanto termine la jornada de vacunaci\u00f3n de las personas de entre 30 y 39 a\u00f1os.<\/p>\n<p><iframe loading=\"lazy\" src=\"https:\/\/www.youtube.com\/embed\/zxOBPF2zHNQ\" width=\"560\" height=\"314\" allowfullscreen=\"allowfullscreen\" data-mce-fragment=\"1\"><\/iframe><\/p>\n","protected":false},"excerpt":{"rendered":"<p>El sem\u00e1foro COVID se mantiene en color naranja\u00a0para la pr\u00f3xima semana en Quintana Roo, sin&#8230;<\/p>\n","protected":false},"author":1,"featured_media":3838,"comment_status":"closed","ping_status":"closed","sticky":false,"template":"","format":"standard","meta":{"footnotes":""},"categories":[2],"tags":[],"class_list":["post-3837","post","type-post","status-publish","format-standard","has-post-thumbnail","hentry","category-local"],"_links":{"self":[{"href":"https:\/\/xn--huracnpolmicocancnquintanaroo-knc6wmu.com\/index.php?rest_route=\/wp\/v2\/posts\/3837","targetHints":{"allow":["GET"]}}],"collection":[{"href":"https:\/\/xn--huracnpolmicocancnquintanaroo-knc6wmu.com\/index.php?rest_route=\/wp\/v2\/posts"}],"about":[{"href":"https:\/\/xn--huracnpolmicocancnquintanaroo-knc6wmu.com\/index.php?rest_route=\/wp\/v2\/types\/post"}],"author":[{"embeddable":true,"href":"https:\/\/xn--huracnpolmicocancnquintanaroo-knc6wmu.com\/index.php?rest_route=\/wp\/v2\/users\/1"}],"replies":[{"embeddable":true,"href":"https:\/\/xn--huracnpolmicocancnquintanaroo-knc6wmu.com\/index.php?rest_route=%2Fwp%2Fv2%2Fcomments&post=3837"}],"version-history":[{"count":1,"href":"https:\/\/xn--huracnpolmicocancnquintanaroo-knc6wmu.com\/index.php?rest_route=\/wp\/v2\/posts\/3837\/revisions"}],"predecessor-version":[{"id":3839,"href":"https:\/\/xn--huracnpolmicocancnquintanaroo-knc6wmu.com\/index.php?rest_route=\/wp\/v2\/posts\/3837\/revisions\/3839"}],"wp:featuredmedia":[{"embeddable":true,"href":"https:\/\/xn--huracnpolmicocancnquintanaroo-knc6wmu.com\/index.php?rest_route=\/wp\/v2\/media\/3838"}],"wp:attachment":[{"href":"https:\/\/xn--huracnpolmicocancnquintanaroo-knc6wmu.com\/index.php?rest_route=%2Fwp%2Fv2%2Fmedia&parent=3837"}],"wp:term":[{"taxonomy":"category","embeddable":true,"href":"https:\/\/xn--huracnpolmicocancnquintanaroo-knc6wmu.com\/index.php?rest_route=%2Fwp%2Fv2%2Fcategories&post=3837"},{"taxonomy":"post_tag","embeddable":true,"href":"https:\/\/xn--huracnpolmicocancnquintanaroo-knc6wmu.com\/index.php?rest_route=%2Fwp%2Fv2%2Ftags&post=3837"}],"curies":[{"name":"wp","href":"https:\/\/api.w.org\/{rel}","templated":true}]}}