{"id":3846,"date":"2021-07-06T11:52:59","date_gmt":"2021-07-06T11:52:59","guid":{"rendered":"https:\/\/xn--huracnpolmicocancnquintanaroo-knc6wmu.com\/?p=3846"},"modified":"2021-07-06T05:06:05","modified_gmt":"2021-07-06T05:06:05","slug":"pseudo-trabajadores-de-inteligencia-mexico-agreden-a-policias-con-bombas-molotov-y-pedradas","status":"publish","type":"post","link":"https:\/\/xn--huracnpolmicocancnquintanaroo-knc6wmu.com\/?p=3846","title":{"rendered":"Pseudo trabajadores de Inteligencia M\u00e9xico agreden a polic\u00edas con bombas molotov y pedradas"},"content":{"rendered":"<p>Tras varias horas en plant\u00f3n frente al Palacio Municipal, trabajadores de una empresa de recolecci\u00f3n de basura\u00a0<strong>pasaron de la manifestaci\u00f3n a la agresi\u00f3n<\/strong>.<\/p>\n<p>Alrededor de las 20 horas, usuarios de redes sociales reportaron que los trabajadores de la\u00a0<strong>empresa agredieron a los polic\u00edas<\/strong>\u00a0que intentan poner orden en los alrededores del primer cuadro de la ciudad, tras horas de caos vial.<\/p>\n<div id=\"div-gpt-ad-inread-60e3b3e564bd070013ed96d8\" data-name=\"inread\" data-size=\"[[336,250], [300,250]]\" data-google-query-id=\"CL6I7_jUzfECFSsH0AQdK8gB0w\">\n<div id=\"google_ads_iframe_\/4334274\/inread_4__container__\">En redes sociales se mostr\u00f3 a uno de los trabajadores de la empresa de recolecci\u00f3n de basura portando una bomba molotov.<\/div>\n<\/div>\n<div class=\"media-caption\"><a class=\"magnific-gallery-item\" title=\"Canc\u00fan: Trabajadores de empresa de recolecci\u00f3n de basura agreden a pedradas a la polic\u00eda. (Foto: SIPSE)\" href=\"https:\/\/images.sipse.com\/iqorglI0UkPFCiLHsV_wktdMGwM=\/fit-in\/900x500\/2021\/07\/06\/1625535203128.jpeg\" data-fancybox=\"gallery-60e3b3e564bd070013ed96d8\" data-options=\"{&quot;hash&quot;:false}\"><img decoding=\"async\" class=\"img-responsive center-block\" src=\"https:\/\/images.sipse.com\/CHHlQymXQxgUp-aEOEWbOJ2B3oE=\/fit-in\/580x500\/2021\/07\/06\/1625535203128.jpeg\" \/><\/a><\/p>\n<div class=\"content-caption\">Canc\u00fan: Trabajadores de empresa de recolecci\u00f3n de basura agreden a pedradas a la polic\u00eda.<\/div>\n<\/div>\n<div class=\"media-caption\"><a class=\"magnific-gallery-item\" title=\"Canc\u00fan: Trabajadores de empresa de recolecci\u00f3n de basura agreden a pedradas a la polic\u00eda. (Foto: SIPSE)\" href=\"https:\/\/images.sipse.com\/4W_UiFop6aRIP504p7WYo9FmICs=\/fit-in\/900x500\/2021\/07\/06\/1625535314370.jpeg\" data-fancybox=\"gallery-60e3b3e564bd070013ed96d8\" data-options=\"{&quot;hash&quot;:false}\"><img decoding=\"async\" class=\"img-responsive center-block\" src=\"https:\/\/images.sipse.com\/CI7hZD7BbU1C-gJvdQY2fZ1fXxM=\/fit-in\/580x500\/2021\/07\/06\/1625535314370.jpeg\" \/><\/a><\/p>\n<div class=\"content-caption\">Canc\u00fan: Trabajadores de empresa de recolecci\u00f3n de basura agreden a pedradas a la polic\u00eda.<\/div>\n<\/div>\n<div class=\"media-caption\"><a class=\"magnific-gallery-item\" title=\"Canc\u00fan: Trabajadores de empresa de recolecci\u00f3n de basura agreden a pedradas a la polic\u00eda. (Foto: SIPSE)\" href=\"https:\/\/images.sipse.com\/-1NqO9CiqBtgFqk0X9e_mouvPAs=\/fit-in\/900x500\/2021\/07\/06\/1625534799632.jpeg\" data-fancybox=\"gallery-60e3b3e564bd070013ed96d8\" data-options=\"{&quot;hash&quot;:false}\"><img decoding=\"async\" class=\"img-responsive center-block\" src=\"https:\/\/images.sipse.com\/NQLO4w35mGYxsU04ydULlF0QcvQ=\/fit-in\/580x500\/2021\/07\/06\/1625534799632.jpeg\" \/><\/a><\/p>\n<div class=\"content-caption\">Canc\u00fan: Trabajadores de empresa de recolecci\u00f3n de basura agreden a pedradas a la polic\u00eda.<\/div>\n<\/div>\n<div id=\"div-gpt-ad-inread-3-60e3b3e564bd070013ed96d8\" data-name=\"inread\" data-size=\"[[336,250], [300,250]]\" data-google-query-id=\"CILx9PjUzfECFcza4QodUr0PtQ\">\n<div id=\"google_ads_iframe_\/4334274\/inread_6__container__\"><\/div>\n<\/div>\n<div class=\"media-caption\"><a class=\"magnific-gallery-item\" title=\"Canc\u00fan: Trabajadores de empresa de recolecci\u00f3n de basura agreden a pedradas a la polic\u00eda. (Foto: SIPSE)\" href=\"https:\/\/images.sipse.com\/M8zSvJqrKL4kA-Ua7ZSzW1Uec34=\/fit-in\/900x500\/2021\/07\/06\/1625534799703.jpeg\" data-fancybox=\"gallery-60e3b3e564bd070013ed96d8\" data-options=\"{&quot;hash&quot;:false}\"><img decoding=\"async\" class=\"img-responsive center-block\" src=\"https:\/\/images.sipse.com\/4RNwrgOlrVlj2P-h4CSdB3tvv0E=\/fit-in\/580x500\/2021\/07\/06\/1625534799703.jpeg\" \/><\/a><\/p>\n<div class=\"content-caption\">Canc\u00fan: Trabajadores de empresa de recolecci\u00f3n de basura agreden a pedradas a la polic\u00eda.<\/div>\n<\/div>\n<p>&nbsp;<\/p>\n<div class=\"media-caption\"><a class=\"magnific-gallery-item\" title=\"Canc\u00fan: Trabajadores de empresa de recolecci\u00f3n de basura agreden a pedradas a la polic\u00eda. (Foto: SIPSE)\" href=\"https:\/\/images.sipse.com\/k-kMUqc4ECigBGd00ORgWHFVbb0=\/fit-in\/900x500\/2021\/07\/06\/1625534980788.jpeg\" data-fancybox=\"gallery-60e3b3e564bd070013ed96d8\" data-options=\"{&quot;hash&quot;:false}\"><img decoding=\"async\" class=\"img-responsive center-block\" src=\"https:\/\/images.sipse.com\/GGKtO4V2h7G-eioRsVxLNd4dPOA=\/fit-in\/580x500\/2021\/07\/06\/1625534980788.jpeg\" \/><\/a><\/p>\n<div class=\"content-caption\">Canc\u00fan: Trabajadores de empresa de recolecci\u00f3n de basura agreden a pedradas a la polic\u00eda.<\/div>\n<\/div>\n<div class=\"media-caption\"><a class=\"magnific-gallery-item\" title=\"Canc\u00fan: Trabajadores de empresa de recolecci\u00f3n de basura agreden a pedradas a la polic\u00eda. (Foto: SIPSE)\" href=\"https:\/\/images.sipse.com\/pWLqTUv3sbDgMY5wKRbue1QTFzA=\/fit-in\/900x500\/2021\/07\/06\/1625534898523.jpeg\" data-fancybox=\"gallery-60e3b3e564bd070013ed96d8\" data-options=\"{&quot;hash&quot;:false}\"><img decoding=\"async\" class=\"img-responsive center-block\" src=\"https:\/\/images.sipse.com\/uj1m9YaLgZ6Pe8ZCZ3fwMM97H50=\/fit-in\/580x500\/2021\/07\/06\/1625534898523.jpeg\" \/><\/a><\/p>\n<div class=\"content-caption\">Canc\u00fan: Trabajadores de empresa de recolecci\u00f3n de basura agreden a pedradas a la polic\u00eda.<\/div>\n<\/div>\n<p>Alrededor de las\u00a0<strong>20:30 horas, gr\u00faas se encargaron de retirar los camiones<\/strong>\u00a0recolectores de la avenida Tulum.<\/p>\n<div class=\"media-caption\"><a class=\"magnific-gallery-item\" title=\"Canc\u00fan: Trabajadores de empresa de recolecci\u00f3n de basura agreden a pedradas a la polic\u00eda\" href=\"https:\/\/images.sipse.com\/ekexXwS_qqgjcTcPzbN8tMU9FSk=\/fit-in\/900x500\/2021\/07\/06\/1625535011216.jpeg\" data-fancybox=\"gallery-60e3b3e564bd070013ed96d8\" data-options=\"{&quot;hash&quot;:false}\"><img decoding=\"async\" class=\"img-responsive center-block\" src=\"https:\/\/images.sipse.com\/g6zeSjd0SQojIKILUQnDX0sgfWM=\/fit-in\/580x500\/2021\/07\/06\/1625535011216.jpeg\" \/><\/a><\/p>\n<div class=\"content-caption\">Canc\u00fan: Trabajadores de empresa de recolecci\u00f3n de basura agreden a pedradas a la polic\u00eda<\/div>\n<\/div>\n<p>Desde poco antes de las 16 horas de hoy, la manifestaci\u00f3n del personal de recoja de basura frente a la sede del Ayuntamiento\u00a0<strong>cerr\u00f3 la circulaci\u00f3n sobre la avenida Tulum<\/strong>\u00a0desde la avenida Coba hasta la avenida Uxmal.<\/p>\n<div class=\"media-caption\"><a class=\"magnific-gallery-item\" title=\"Canc\u00fan: Trabajadores de empresa de recolecci\u00f3n de basura agreden a pedradas a la polic\u00eda. (Foto: SIPSE)\" href=\"https:\/\/images.sipse.com\/r907Ul-ET9pfLgEv1Xiyg1Kt6SE=\/fit-in\/900x500\/2021\/07\/06\/1625534881116.jpeg\" data-fancybox=\"gallery-60e3b3e564bd070013ed96d8\" data-options=\"{&quot;hash&quot;:false}\"><img decoding=\"async\" class=\"img-responsive center-block\" src=\"https:\/\/images.sipse.com\/mcOKoi6RwCaDxpawf7CUzG7IoFo=\/fit-in\/580x500\/2021\/07\/06\/1625534881116.jpeg\" \/><\/a><\/p>\n<div class=\"content-caption\">Canc\u00fan: Trabajadores de empresa de recolecci\u00f3n de basura agreden a pedradas a la polic\u00eda.<\/div>\n<\/div>\n<div class=\"media-caption\"><a class=\"magnific-gallery-item\" title=\"Canc\u00fan: Trabajadores de empresa de recolecci\u00f3n de basura agreden a pedradas a la polic\u00eda. (Foto: SIPSE)\" href=\"https:\/\/images.sipse.com\/mdhcbljP9odYf_HKl9OMTL6Jzz8=\/fit-in\/900x500\/2021\/07\/06\/1625534880940.jpeg\" data-fancybox=\"gallery-60e3b3e564bd070013ed96d8\" data-options=\"{&quot;hash&quot;:false}\"><img decoding=\"async\" class=\"img-responsive center-block\" src=\"https:\/\/images.sipse.com\/5J26iy9hmLV2MJQBpHndrOGJICs=\/fit-in\/580x500\/2021\/07\/06\/1625534880940.jpeg\" \/><\/a><\/p>\n<div class=\"content-caption\">Canc\u00fan: Trabajadores de empresa de recolecci\u00f3n de basura agreden a pedradas a la polic\u00eda.<\/div>\n<\/div>\n<h2>Manifestante revela que le pagaron para ir contra polic\u00edas<\/h2>\n<p>A trav\u00e9s de un video,\u00a0uno de los manifestantes revel\u00f3 que recibi\u00f3 dinero para participar en la manifestaci\u00f3n y agredir con palos y piedras a la polic\u00eda.<\/p>\n<h2>Coparmex respalda acciones de la autoridad<\/h2>\n<p>A trav\u00e9s de sus redes sociales, la Confederaci\u00f3n Patronal de la Rep\u00fablica Mexicana (Coparmex) en Quintana Roo\u00a0<strong>reprob\u00f3 las acciones realizadas por los pseudotrabajadores<\/strong>\u00a0de la empresa Inteligencia M\u00e9xico.<\/p>\n<p>El grupo empresarial descalific\u00f3 la manifestaciones y toma de la avenida Tulum ya que afect\u00f3 a la ciudadan\u00eda, la movilidad y seguridad.<\/p>\n<p>Adem\u00e1s, la\u00a0<strong>Coparmex respald\u00f3 el actuar de la polic\u00eda<\/strong>.<\/p>\n<p><iframe loading=\"lazy\" src=\"https:\/\/www.facebook.com\/plugins\/post.php?href=https%3A%2F%2Fwww.facebook.com%2FCoparmexQRoo%2Fposts%2F4006469346067426&amp;show_text=true&amp;width=500\" width=\"500\" height=\"269\" frameborder=\"0\" scrolling=\"no\" allowfullscreen=\"allowfullscreen\" data-mce-fragment=\"1\"><\/iframe><\/p>\n","protected":false},"excerpt":{"rendered":"<p>Tras varias horas en plant\u00f3n frente al Palacio Municipal, trabajadores de una empresa de recolecci\u00f3n&#8230;<\/p>\n","protected":false},"author":1,"featured_media":3847,"comment_status":"closed","ping_status":"closed","sticky":false,"template":"","format":"standard","meta":{"footnotes":""},"categories":[2],"tags":[],"class_list":["post-3846","post","type-post","status-publish","format-standard","has-post-thumbnail","hentry","category-local"],"_links":{"self":[{"href":"https:\/\/xn--huracnpolmicocancnquintanaroo-knc6wmu.com\/index.php?rest_route=\/wp\/v2\/posts\/3846","targetHints":{"allow":["GET"]}}],"collection":[{"href":"https:\/\/xn--huracnpolmicocancnquintanaroo-knc6wmu.com\/index.php?rest_route=\/wp\/v2\/posts"}],"about":[{"href":"https:\/\/xn--huracnpolmicocancnquintanaroo-knc6wmu.com\/index.php?rest_route=\/wp\/v2\/types\/post"}],"author":[{"embeddable":true,"href":"https:\/\/xn--huracnpolmicocancnquintanaroo-knc6wmu.com\/index.php?rest_route=\/wp\/v2\/users\/1"}],"replies":[{"embeddable":true,"href":"https:\/\/xn--huracnpolmicocancnquintanaroo-knc6wmu.com\/index.php?rest_route=%2Fwp%2Fv2%2Fcomments&post=3846"}],"version-history":[{"count":1,"href":"https:\/\/xn--huracnpolmicocancnquintanaroo-knc6wmu.com\/index.php?rest_route=\/wp\/v2\/posts\/3846\/revisions"}],"predecessor-version":[{"id":3848,"href":"https:\/\/xn--huracnpolmicocancnquintanaroo-knc6wmu.com\/index.php?rest_route=\/wp\/v2\/posts\/3846\/revisions\/3848"}],"wp:featuredmedia":[{"embeddable":true,"href":"https:\/\/xn--huracnpolmicocancnquintanaroo-knc6wmu.com\/index.php?rest_route=\/wp\/v2\/media\/3847"}],"wp:attachment":[{"href":"https:\/\/xn--huracnpolmicocancnquintanaroo-knc6wmu.com\/index.php?rest_route=%2Fwp%2Fv2%2Fmedia&parent=3846"}],"wp:term":[{"taxonomy":"category","embeddable":true,"href":"https:\/\/xn--huracnpolmicocancnquintanaroo-knc6wmu.com\/index.php?rest_route=%2Fwp%2Fv2%2Fcategories&post=3846"},{"taxonomy":"post_tag","embeddable":true,"href":"https:\/\/xn--huracnpolmicocancnquintanaroo-knc6wmu.com\/index.php?rest_route=%2Fwp%2Fv2%2Ftags&post=3846"}],"curies":[{"name":"wp","href":"https:\/\/api.w.org\/{rel}","templated":true}]}}