{"id":3856,"date":"2021-07-09T11:56:25","date_gmt":"2021-07-09T11:56:25","guid":{"rendered":"https:\/\/xn--huracnpolmicocancnquintanaroo-knc6wmu.com\/?p=3856"},"modified":"2021-07-09T05:04:37","modified_gmt":"2021-07-09T05:04:37","slug":"redobla-gobierno-de-cancun-coordinacion-para-atencion-al-sargazo","status":"publish","type":"post","link":"https:\/\/xn--huracnpolmicocancnquintanaroo-knc6wmu.com\/?p=3856","title":{"rendered":"Redobla gobierno de Canc\u00fan coordinaci\u00f3n para atenci\u00f3n al sargazo"},"content":{"rendered":"<p>Con el fin de reforzar las estrategias y el trabajo interinstitucional para hacer m\u00e1s eficiente la l<a href=\"https:\/\/twitter.com\/infoturquesa\">impieza de sargazo en Canc\u00fan<\/a>, la Presidenta Municipal Mara Lezama sostuvo una reuni\u00f3n de trabajo con personal de la Secretar\u00eda de Marina (SEMAR) y el Gobierno del Estado.<\/p>\n<div class=\"afw afw_custom  afw_ad afwadid-267205  \" data-ad-id=\"267205\">\n<div id=\"div-gpt-ad-1571779814198-0\" data-google-query-id=\"CKjL3qWa1fECFY8SwwodqUkDSQ\">\n<div id=\"google_ads_iframe_\/121287434\/web750_0__container__\">La Presidenta Municipal dialog\u00f3 con el coordinador de la Estrategia Nacional Antisargazo, Contralmirante C. G. D. E. M. Alejandro L\u00f3pez Zenteno; la coordinadora de Vinculaci\u00f3n y Enlace de la oficina del Ejecutivo Estatal, Mariana Garc\u00eda P\u00e9rez; y el director de la Zona Federal Mar\u00edtimo Terrestre (Zofemat) de Benito Ju\u00e1rez, Vagner Elbiorn Vega.<\/div>\n<\/div>\n<\/div>\n<p>\u201cSeguiremos poniendo \u00e9nfasis en el cuidado, atenci\u00f3n y esfuerzo de todos para mantener nuestras playas a la vanguardia, ya que eso nos permite seguir en la preferencia como destino tur\u00edstico de M\u00e9xico, Am\u00e9rica Latina y del mundo, porque construimos y consolidamos el Canc\u00fan que viene, el Canc\u00fan de los pr\u00f3ximos 50 a\u00f1os\u201d, dijo.<\/p>\n<p>En ese marco, Mara Lezama se congratul\u00f3 de las gestiones para la designaci\u00f3n y puesta en operaci\u00f3n de tres buques sargaceros en pr\u00f3ximas fechas para este municipio, con lo que se incrementar\u00eda la recolecci\u00f3n de la macroalga en aguas cercanas a la costa y se redoblar\u00eda la labor a cargo de la autoridad local.<\/p>\n<p><img loading=\"lazy\" decoding=\"async\" class=\"aligncenter wp-image-298666 size-full lazyautosizes lazyloaded\" src=\"https:\/\/turquesanews.mx\/wp-content\/uploads\/2021\/07\/mara-lezama2.jpeg.webp\" sizes=\"auto, 660px\" srcset=\"https:\/\/turquesanews.mx\/wp-content\/uploads\/2021\/07\/mara-lezama2.jpeg.webp 1057w, https:\/\/turquesanews.mx\/wp-content\/uploads\/2021\/07\/mara-lezama2-300x210.jpeg.webp 300w, https:\/\/turquesanews.mx\/wp-content\/uploads\/2021\/07\/mara-lezama2-768x538.jpeg.webp 768w\" alt=\"\" width=\"1057\" height=\"740\" data-src=\"https:\/\/turquesanews.mx\/wp-content\/uploads\/2021\/07\/mara-lezama2.jpeg.webp\" data-srcset=\"https:\/\/turquesanews.mx\/wp-content\/uploads\/2021\/07\/mara-lezama2.jpeg.webp 1057w, https:\/\/turquesanews.mx\/wp-content\/uploads\/2021\/07\/mara-lezama2-300x210.jpeg.webp 300w, https:\/\/turquesanews.mx\/wp-content\/uploads\/2021\/07\/mara-lezama2-768x538.jpeg.webp 768w\" data-sizes=\"auto\" data-eio-rwidth=\"1057\" data-eio-rheight=\"740\" data-src-webp=\"https:\/\/turquesanews.mx\/wp-content\/uploads\/2021\/07\/mara-lezama2.jpeg.webp\" data-srcset-webp=\"https:\/\/turquesanews.mx\/wp-content\/uploads\/2021\/07\/mara-lezama2.jpeg.webp 1057w, https:\/\/turquesanews.mx\/wp-content\/uploads\/2021\/07\/mara-lezama2-300x210.jpeg.webp 300w, https:\/\/turquesanews.mx\/wp-content\/uploads\/2021\/07\/mara-lezama2-768x538.jpeg.webp 768w\" \/><\/p>\n<p>El director de Zofemat, Vagner Elbiorn, explic\u00f3 que se trabaja en la log\u00edstica de anclaje para reducir el tiempo de traslado de las embarcaciones y que puedan empezar m\u00e1s temprano al retiro de sargazo en aguas someras.<\/p>\n<p>Reiter\u00f3 que actualmente se cuenta con 180 trabajadores en la recolecci\u00f3n diaria de sargazo en dos turnos desde las 5:00 hasta las 20:00 horas en las siete playas p\u00fablicas a cargo de la autoridad municipal m\u00e1s los accesos de los cinco arenales concesionados que tienen acceso p\u00fablico.<\/p>\n<p><img loading=\"lazy\" decoding=\"async\" class=\"aligncenter wp-image-298667 size-full lazyautosizes lazyloaded\" src=\"https:\/\/turquesanews.mx\/wp-content\/uploads\/2021\/07\/mara-lezama1.jpeg.webp\" sizes=\"auto, 660px\" srcset=\"https:\/\/turquesanews.mx\/wp-content\/uploads\/2021\/07\/mara-lezama1.jpeg.webp 1200w, https:\/\/turquesanews.mx\/wp-content\/uploads\/2021\/07\/mara-lezama1-300x182.jpeg.webp 300w, https:\/\/turquesanews.mx\/wp-content\/uploads\/2021\/07\/mara-lezama1-768x467.jpeg.webp 768w\" alt=\"\" width=\"1200\" height=\"729\" data-src=\"https:\/\/turquesanews.mx\/wp-content\/uploads\/2021\/07\/mara-lezama1.jpeg.webp\" data-srcset=\"https:\/\/turquesanews.mx\/wp-content\/uploads\/2021\/07\/mara-lezama1.jpeg.webp 1200w, https:\/\/turquesanews.mx\/wp-content\/uploads\/2021\/07\/mara-lezama1-300x182.jpeg.webp 300w, https:\/\/turquesanews.mx\/wp-content\/uploads\/2021\/07\/mara-lezama1-768x467.jpeg.webp 768w\" data-sizes=\"auto\" data-eio-rwidth=\"1200\" data-eio-rheight=\"729\" data-src-webp=\"https:\/\/turquesanews.mx\/wp-content\/uploads\/2021\/07\/mara-lezama1.jpeg.webp\" data-srcset-webp=\"https:\/\/turquesanews.mx\/wp-content\/uploads\/2021\/07\/mara-lezama1.jpeg.webp 1200w, https:\/\/turquesanews.mx\/wp-content\/uploads\/2021\/07\/mara-lezama1-300x182.jpeg.webp 300w, https:\/\/turquesanews.mx\/wp-content\/uploads\/2021\/07\/mara-lezama1-768x467.jpeg.webp 768w\" \/><\/p>\n<p>\u201cNo hemos tenido un recale grande como hace tres semanas, son recales moderados, sin embargo, el trabajo no para\u201d, dijo.<\/p>\n","protected":false},"excerpt":{"rendered":"<p>Con el fin de reforzar las estrategias y el trabajo interinstitucional para hacer m\u00e1s eficiente&#8230;<\/p>\n","protected":false},"author":1,"featured_media":3857,"comment_status":"closed","ping_status":"closed","sticky":false,"template":"","format":"standard","meta":{"footnotes":""},"categories":[2],"tags":[],"class_list":["post-3856","post","type-post","status-publish","format-standard","has-post-thumbnail","hentry","category-local"],"_links":{"self":[{"href":"https:\/\/xn--huracnpolmicocancnquintanaroo-knc6wmu.com\/index.php?rest_route=\/wp\/v2\/posts\/3856","targetHints":{"allow":["GET"]}}],"collection":[{"href":"https:\/\/xn--huracnpolmicocancnquintanaroo-knc6wmu.com\/index.php?rest_route=\/wp\/v2\/posts"}],"about":[{"href":"https:\/\/xn--huracnpolmicocancnquintanaroo-knc6wmu.com\/index.php?rest_route=\/wp\/v2\/types\/post"}],"author":[{"embeddable":true,"href":"https:\/\/xn--huracnpolmicocancnquintanaroo-knc6wmu.com\/index.php?rest_route=\/wp\/v2\/users\/1"}],"replies":[{"embeddable":true,"href":"https:\/\/xn--huracnpolmicocancnquintanaroo-knc6wmu.com\/index.php?rest_route=%2Fwp%2Fv2%2Fcomments&post=3856"}],"version-history":[{"count":1,"href":"https:\/\/xn--huracnpolmicocancnquintanaroo-knc6wmu.com\/index.php?rest_route=\/wp\/v2\/posts\/3856\/revisions"}],"predecessor-version":[{"id":3858,"href":"https:\/\/xn--huracnpolmicocancnquintanaroo-knc6wmu.com\/index.php?rest_route=\/wp\/v2\/posts\/3856\/revisions\/3858"}],"wp:featuredmedia":[{"embeddable":true,"href":"https:\/\/xn--huracnpolmicocancnquintanaroo-knc6wmu.com\/index.php?rest_route=\/wp\/v2\/media\/3857"}],"wp:attachment":[{"href":"https:\/\/xn--huracnpolmicocancnquintanaroo-knc6wmu.com\/index.php?rest_route=%2Fwp%2Fv2%2Fmedia&parent=3856"}],"wp:term":[{"taxonomy":"category","embeddable":true,"href":"https:\/\/xn--huracnpolmicocancnquintanaroo-knc6wmu.com\/index.php?rest_route=%2Fwp%2Fv2%2Fcategories&post=3856"},{"taxonomy":"post_tag","embeddable":true,"href":"https:\/\/xn--huracnpolmicocancnquintanaroo-knc6wmu.com\/index.php?rest_route=%2Fwp%2Fv2%2Ftags&post=3856"}],"curies":[{"name":"wp","href":"https:\/\/api.w.org\/{rel}","templated":true}]}}