{"id":3869,"date":"2021-07-14T11:24:44","date_gmt":"2021-07-14T11:24:44","guid":{"rendered":"https:\/\/xn--huracnpolmicocancnquintanaroo-knc6wmu.com\/?p=3869"},"modified":"2021-07-14T06:28:05","modified_gmt":"2021-07-14T06:28:05","slug":"el-proximo-ciclo-escolar-en-nivel-basico-seria-de-manera-hibrida","status":"publish","type":"post","link":"https:\/\/xn--huracnpolmicocancnquintanaroo-knc6wmu.com\/?p=3869","title":{"rendered":"El pr\u00f3ximo ciclo escolar en nivel b\u00e1sico ser\u00eda de manera h\u00edbrida"},"content":{"rendered":"<p><strong>Canc\u00fan, 13 de julio<\/strong>\u00a0.- Luz Mar\u00eda Abuxapqui Gonz\u00e1lez, subsecretaria de Educaci\u00f3n B\u00e1sica, admiti\u00f3 que para el\u00a0<strong>pr\u00f3ximo ciclo escolar ser\u00eda bajo un sistema h\u00edbrido<\/strong>\u00a0y recalc\u00f3 que el regreso presencial a clase<strong>\u00a0s\u00f3lo se dar\u00e1 cuando se est\u00e9 en verde en el sem\u00e1foro epidemiol\u00f3gico,<\/strong>\u00a0adem\u00e1s de que ser\u00e1 decisi\u00f3n de cada padre enviar a sus hijos a clases.<\/p>\n<p>La funcionaria indic\u00f3 que lo m\u00e1s probable es que los primeros d\u00edas se comience a trabajar a trav\u00e9s de los centros comunitarios de aprendizaje, que son m\u00e1s bien periodos de capacitaci\u00f3n y orientaci\u00f3n de corto tiempo para que el alumno y padre pueda seguir realizando\u00a0<strong>la actividad en casa.<\/strong><\/p>\n<blockquote><p>\u201cMuchas veces al trabajar en l\u00ednea quedan dudas y no todos los pap\u00e1s tienen la capacidad de acompa\u00f1ar y ayudar a sus hijos\u201d, se\u00f1al\u00f3 y recalc\u00f3 que todas estas acciones ser\u00e1n cuando se est\u00e9 en el sem\u00e1foro epidemiol\u00f3gico en amarillo.<\/p><\/blockquote>\n<p>Ya cuando se est\u00e9 en verde, se\u00f1al\u00f3, podr\u00e1 darse el regreso de manera presencial, pero no podr\u00e1 ser como se estaba acostumbrado, es decir,<strong>\u00a0no todos podr\u00e1n regresar al mismo tiempo a las aulas<\/strong>, y por eso habr\u00e1 que trabajar con una organizaci\u00f3n que se basar\u00e1 de acuerdo con la aplicaci\u00f3n del diagn\u00f3stico que se hizo con los padres de familia antes de concluir el ciclo escolar.<\/p>\n<h3>El pr\u00f3ximo ciclo escolar en nivel b\u00e1sico ser\u00eda de manera h\u00edbrida<\/h3>\n<p>\u201cLos alumnos que requieran mayor asesor\u00eda ser\u00e1n los que tendr\u00e1n m\u00e1s tiempo en las escuelas, aunque tambi\u00e9n se tendr\u00e1 en cuenta el proyecto que presentar\u00e1 cada escuela, pues cada una tienen distintas capacidades\u201d, indic\u00f3 y reiter\u00f3 que la organizaci\u00f3n se dar\u00e1 de acuerdo con el diagn\u00f3stico.<\/p>\n<p>La subsecretaria de Educaci\u00f3n B\u00e1sica recalc\u00f3 que el padre de familia tendr\u00e1 el derecho de decidir si trae a su hijo o las escuelas, y para los que no puedan podr\u00e1n seguir con la educaci\u00f3n a distancia.<\/p>\n<p>A su vez, Carlos Gorocica Moreno, subsecretario de Educaci\u00f3n en la zona norte, manifest\u00f3 que conf\u00eda que haya la suficiente disposici\u00f3n de los sindicatos de la educaci\u00f3n para asumir los compromisos que le correspondan, y enfatiz\u00f3 que para el regreso es necesario cumplir varios puntos que est\u00e1n bien marcados.<\/p>\n<p>\u201cUna vez que se est\u00e9 en amarillo se podr\u00e1 trabajar con los centros comunitarios de aprendizaje y cuando se est\u00e9 en verde ser\u00e1 voluntario, pues los padres de familia deber\u00e1n firmar una carta compromiso y con los que no se seguir\u00e1 con un trabajo a distancia\u201d, indic\u00f3.<\/p>\n<p>\u201cAqu\u00ed hay un compromiso que todos debemos de asumir, de ah\u00ed el llamado a las organizaciones para que contribuyan a coadyuvar para iniciar un proceso que garantice la seguridad de toda la comunidad educativa\u201d, a\u00f1adi\u00f3.<\/p>\n","protected":false},"excerpt":{"rendered":"<p>Canc\u00fan, 13 de julio\u00a0.- Luz Mar\u00eda Abuxapqui Gonz\u00e1lez, subsecretaria de Educaci\u00f3n B\u00e1sica, admiti\u00f3 que para&#8230;<\/p>\n","protected":false},"author":1,"featured_media":3870,"comment_status":"closed","ping_status":"closed","sticky":false,"template":"","format":"standard","meta":{"footnotes":""},"categories":[2],"tags":[],"class_list":["post-3869","post","type-post","status-publish","format-standard","has-post-thumbnail","hentry","category-local"],"_links":{"self":[{"href":"https:\/\/xn--huracnpolmicocancnquintanaroo-knc6wmu.com\/index.php?rest_route=\/wp\/v2\/posts\/3869","targetHints":{"allow":["GET"]}}],"collection":[{"href":"https:\/\/xn--huracnpolmicocancnquintanaroo-knc6wmu.com\/index.php?rest_route=\/wp\/v2\/posts"}],"about":[{"href":"https:\/\/xn--huracnpolmicocancnquintanaroo-knc6wmu.com\/index.php?rest_route=\/wp\/v2\/types\/post"}],"author":[{"embeddable":true,"href":"https:\/\/xn--huracnpolmicocancnquintanaroo-knc6wmu.com\/index.php?rest_route=\/wp\/v2\/users\/1"}],"replies":[{"embeddable":true,"href":"https:\/\/xn--huracnpolmicocancnquintanaroo-knc6wmu.com\/index.php?rest_route=%2Fwp%2Fv2%2Fcomments&post=3869"}],"version-history":[{"count":1,"href":"https:\/\/xn--huracnpolmicocancnquintanaroo-knc6wmu.com\/index.php?rest_route=\/wp\/v2\/posts\/3869\/revisions"}],"predecessor-version":[{"id":3871,"href":"https:\/\/xn--huracnpolmicocancnquintanaroo-knc6wmu.com\/index.php?rest_route=\/wp\/v2\/posts\/3869\/revisions\/3871"}],"wp:featuredmedia":[{"embeddable":true,"href":"https:\/\/xn--huracnpolmicocancnquintanaroo-knc6wmu.com\/index.php?rest_route=\/wp\/v2\/media\/3870"}],"wp:attachment":[{"href":"https:\/\/xn--huracnpolmicocancnquintanaroo-knc6wmu.com\/index.php?rest_route=%2Fwp%2Fv2%2Fmedia&parent=3869"}],"wp:term":[{"taxonomy":"category","embeddable":true,"href":"https:\/\/xn--huracnpolmicocancnquintanaroo-knc6wmu.com\/index.php?rest_route=%2Fwp%2Fv2%2Fcategories&post=3869"},{"taxonomy":"post_tag","embeddable":true,"href":"https:\/\/xn--huracnpolmicocancnquintanaroo-knc6wmu.com\/index.php?rest_route=%2Fwp%2Fv2%2Ftags&post=3869"}],"curies":[{"name":"wp","href":"https:\/\/api.w.org\/{rel}","templated":true}]}}