{"id":3882,"date":"2021-07-19T11:25:59","date_gmt":"2021-07-19T11:25:59","guid":{"rendered":"https:\/\/xn--huracnpolmicocancnquintanaroo-knc6wmu.com\/?p=3882"},"modified":"2021-07-19T04:31:43","modified_gmt":"2021-07-19T04:31:43","slug":"fluye-el-transito-vehicular-en-la-carretera-cancun-playa-del-carmen","status":"publish","type":"post","link":"https:\/\/xn--huracnpolmicocancnquintanaroo-knc6wmu.com\/?p=3882","title":{"rendered":"Fluye el tr\u00e1nsito vehicular en la carretera Canc\u00fan-Playa del Carmen"},"content":{"rendered":"<div class=\"zox-post-body left zoxrel zox100\">\n<p>Con la apertura por parte del Fonatur de dos carriles de la carretera Canc\u00fan-Playa del Carmen, por fin de aligera el pesado tr\u00e1fico que se padece en la zona, ocasionado por un hundimiento en la carretera federal 307.<\/p>\n<div class=\"afw afw_custom  afw_ad afwadid-267205  \" data-ad-id=\"267205\">\n<div id=\"div-gpt-ad-1571779814198-0\" data-google-query-id=\"CMz2r5am7vECFc4nhwodLrIBZA\">\n<div id=\"google_ads_iframe_\/121287434\/web750_0__container__\">Fue el propio gobernador de Quintana Roo, Carlos Joaqu\u00edn, quien dio a conocer la nueva medida emergente para reducir el impacto negativo para los miles de automovilistas que a diario transitan por ah\u00ed.<\/div>\n<\/div>\n<\/div>\n<p>\u201cHace unos momentos, @FonaturMX abri\u00f3 2 carriles adicionales en carretera Federal #Cancun a #PlayaDelCarmen, en donde estaba el socav\u00f3n. Con ello se libera el tr\u00e1nsito vehicular a 4 carriles de nuevo y se evita el congestionamiento vehicular que se padeci\u00f3\u201d, escribi\u00f3 en su cuenta de Twitter.<\/p>\n<div id=\"attachment_301379\" class=\"wp-caption aligncenter\"><img loading=\"lazy\" decoding=\"async\" class=\"size-full wp-image-301379 lazyautosizes lazyloaded\" src=\"https:\/\/turquesanews.mx\/wp-content\/uploads\/2021\/07\/Screenshot_20210717_135924.jpg.webp\" sizes=\"auto, 696px\" srcset=\"https:\/\/turquesanews.mx\/wp-content\/uploads\/2021\/07\/Screenshot_20210717_135924.jpg.webp 696w, https:\/\/turquesanews.mx\/wp-content\/uploads\/2021\/07\/Screenshot_20210717_135924-300x244.jpg.webp 300w\" alt=\"Fluye el tr\u00e1nsito vehicular en la carrerea Canc\u00fan-Playa del Carmen; v\u00eda alterna a zona de hundimiento es un alivio para los automovilistas.\" width=\"696\" height=\"565\" aria-describedby=\"caption-attachment-301379\" data-src=\"https:\/\/turquesanews.mx\/wp-content\/uploads\/2021\/07\/Screenshot_20210717_135924.jpg.webp\" data-srcset=\"https:\/\/turquesanews.mx\/wp-content\/uploads\/2021\/07\/Screenshot_20210717_135924.jpg.webp 696w, https:\/\/turquesanews.mx\/wp-content\/uploads\/2021\/07\/Screenshot_20210717_135924-300x244.jpg.webp 300w\" data-sizes=\"auto\" data-eio-rwidth=\"696\" data-eio-rheight=\"565\" data-src-webp=\"https:\/\/turquesanews.mx\/wp-content\/uploads\/2021\/07\/Screenshot_20210717_135924.jpg.webp\" data-srcset-webp=\"https:\/\/turquesanews.mx\/wp-content\/uploads\/2021\/07\/Screenshot_20210717_135924.jpg.webp 696w, https:\/\/turquesanews.mx\/wp-content\/uploads\/2021\/07\/Screenshot_20210717_135924-300x244.jpg.webp 300w\" \/><\/p>\n<p id=\"caption-attachment-301379\" class=\"wp-caption-text\">Fluye el tr\u00e1nsito vehicular en la carretera Canc\u00fan-Playa del Carmen; v\u00eda alterna a zona de hundimiento es un alivio para los automovilistas.<\/p>\n<\/div>\n<p>En esa zona tambi\u00e9n la construcci\u00f3n de la vialidad alterna.<\/p>\n<p>Esta pasar\u00e1 por la servidumbre de las l\u00edneas de alta tensi\u00f3n de la CFE y abarcar\u00e1 un total de 23 kil\u00f3metros de forma paralela a la carretera federal.<\/p>\n<p>Asimismo, tendr\u00e1 seis circuitos que se interconectar\u00e1n en ambas vialidades empezando desde Puerto Morelos, a la altura del entronque de la Ruta de los Cenotes, hasta llegar a la entrada de Playa del Carmen por el banco de la constructora ABC.<\/p>\n<p>Se estima que los trabajos est\u00e9n concluidos al t\u00e9rmino de dos meses.<\/p>\n<\/div>\n","protected":false},"excerpt":{"rendered":"<p>Con la apertura por parte del Fonatur de dos carriles de la carretera Canc\u00fan-Playa del&#8230;<\/p>\n","protected":false},"author":1,"featured_media":3883,"comment_status":"closed","ping_status":"closed","sticky":false,"template":"","format":"standard","meta":{"footnotes":""},"categories":[2],"tags":[],"class_list":["post-3882","post","type-post","status-publish","format-standard","has-post-thumbnail","hentry","category-local"],"_links":{"self":[{"href":"https:\/\/xn--huracnpolmicocancnquintanaroo-knc6wmu.com\/index.php?rest_route=\/wp\/v2\/posts\/3882","targetHints":{"allow":["GET"]}}],"collection":[{"href":"https:\/\/xn--huracnpolmicocancnquintanaroo-knc6wmu.com\/index.php?rest_route=\/wp\/v2\/posts"}],"about":[{"href":"https:\/\/xn--huracnpolmicocancnquintanaroo-knc6wmu.com\/index.php?rest_route=\/wp\/v2\/types\/post"}],"author":[{"embeddable":true,"href":"https:\/\/xn--huracnpolmicocancnquintanaroo-knc6wmu.com\/index.php?rest_route=\/wp\/v2\/users\/1"}],"replies":[{"embeddable":true,"href":"https:\/\/xn--huracnpolmicocancnquintanaroo-knc6wmu.com\/index.php?rest_route=%2Fwp%2Fv2%2Fcomments&post=3882"}],"version-history":[{"count":1,"href":"https:\/\/xn--huracnpolmicocancnquintanaroo-knc6wmu.com\/index.php?rest_route=\/wp\/v2\/posts\/3882\/revisions"}],"predecessor-version":[{"id":3884,"href":"https:\/\/xn--huracnpolmicocancnquintanaroo-knc6wmu.com\/index.php?rest_route=\/wp\/v2\/posts\/3882\/revisions\/3884"}],"wp:featuredmedia":[{"embeddable":true,"href":"https:\/\/xn--huracnpolmicocancnquintanaroo-knc6wmu.com\/index.php?rest_route=\/wp\/v2\/media\/3883"}],"wp:attachment":[{"href":"https:\/\/xn--huracnpolmicocancnquintanaroo-knc6wmu.com\/index.php?rest_route=%2Fwp%2Fv2%2Fmedia&parent=3882"}],"wp:term":[{"taxonomy":"category","embeddable":true,"href":"https:\/\/xn--huracnpolmicocancnquintanaroo-knc6wmu.com\/index.php?rest_route=%2Fwp%2Fv2%2Fcategories&post=3882"},{"taxonomy":"post_tag","embeddable":true,"href":"https:\/\/xn--huracnpolmicocancnquintanaroo-knc6wmu.com\/index.php?rest_route=%2Fwp%2Fv2%2Ftags&post=3882"}],"curies":[{"name":"wp","href":"https:\/\/api.w.org\/{rel}","templated":true}]}}