{"id":3908,"date":"2021-07-28T11:49:17","date_gmt":"2021-07-28T11:49:17","guid":{"rendered":"https:\/\/xn--huracnpolmicocancnquintanaroo-knc6wmu.com\/?p=3908"},"modified":"2021-07-28T03:55:26","modified_gmt":"2021-07-28T03:55:26","slug":"inicia-operativo-coordinado-para-mayor-vigilancia-en-cancun","status":"publish","type":"post","link":"https:\/\/xn--huracnpolmicocancnquintanaroo-knc6wmu.com\/?p=3908","title":{"rendered":"Inicia operativo coordinado para mayor vigilancia en Canc\u00fan"},"content":{"rendered":"<div class=\"zox-post-body left zoxrel zox100\">\n<p><strong>Inicia operativo coordinado para mayor vigilancia en Canc\u00fan.<\/strong>\u00a0Para brindar mayor seguridad a la ciudadan\u00eda, la Polic\u00eda de Canc\u00fan, en coordinaci\u00f3n con autoridades de los tres \u00d3rdenes de Gobierno, fortalece las estrategias preventivas con la implementaci\u00f3n del \u201cOperativo Vive Seguro Benito Ju\u00e1rez\u201d.<\/p>\n<div class=\"afw afw_custom  afw_ad afwadid-267205  \" data-ad-id=\"267205\">\n<div id=\"div-gpt-ad-1571779814198-0\" data-google-query-id=\"CLvtytHuhPICFdGCWgUdho0Bdw\">\n<div id=\"google_ads_iframe_\/121287434\/web750_0__container__\">Con el prop\u00f3sito de intensificar las medidas de prevenci\u00f3n, la Secretar\u00eda Municipal de Seguridad P\u00fablica de Benito Ju\u00e1rez trabaja de manera conjunta para lograr una mayor capacidad preventiva y reactiva en los hechos que pudieran registrarse en la ciudad.<\/div>\n<\/div>\n<\/div>\n<p>El firme compromiso es con la sociedad benitojuarense para mantener la tranquilidad en la ciudad y lograr un Canc\u00fan cada vez m\u00e1s seguro para todas y todos.<\/p>\n<div id=\"attachment_303638\" class=\"wp-caption aligncenter\"><img loading=\"lazy\" decoding=\"async\" class=\"size-full wp-image-303638  lazyautosizes lazyloaded\" src=\"https:\/\/turquesanews.mx\/wp-content\/uploads\/2021\/07\/SEGURIDAD-CANCUN-2.jpg\" sizes=\"auto, 900px\" srcset=\"https:\/\/turquesanews.mx\/wp-content\/uploads\/2021\/07\/SEGURIDAD-CANCUN-2.jpg 1080w, https:\/\/turquesanews.mx\/wp-content\/uploads\/2021\/07\/SEGURIDAD-CANCUN-2-300x188.jpg 300w, https:\/\/turquesanews.mx\/wp-content\/uploads\/2021\/07\/SEGURIDAD-CANCUN-2-768x482.jpg 768w\" alt=\"Inicia operativo coordinado para mayor vigilancia en Canc\u00fan; participan Seguridad P\u00fablica Municipal, Sedena, Semar, Polic\u00eda Quintana Roo y GN\" width=\"1080\" height=\"678\" aria-describedby=\"caption-attachment-303638\" data-src=\"https:\/\/turquesanews.mx\/wp-content\/uploads\/2021\/07\/SEGURIDAD-CANCUN-2.jpg.webp\" data-srcset=\"https:\/\/turquesanews.mx\/wp-content\/uploads\/2021\/07\/SEGURIDAD-CANCUN-2.jpg.webp 1080w, https:\/\/turquesanews.mx\/wp-content\/uploads\/2021\/07\/SEGURIDAD-CANCUN-2-300x188.jpg.webp 300w, https:\/\/turquesanews.mx\/wp-content\/uploads\/2021\/07\/SEGURIDAD-CANCUN-2-768x482.jpg.webp 768w\" data-sizes=\"auto\" data-eio-rwidth=\"1080\" data-eio-rheight=\"678\" data-src-webp=\"https:\/\/turquesanews.mx\/wp-content\/uploads\/2021\/07\/SEGURIDAD-CANCUN-2.jpg.webp\" data-srcset-webp=\"https:\/\/turquesanews.mx\/wp-content\/uploads\/2021\/07\/SEGURIDAD-CANCUN-2.jpg.webp 1080w, https:\/\/turquesanews.mx\/wp-content\/uploads\/2021\/07\/SEGURIDAD-CANCUN-2-300x188.jpg.webp 300w, https:\/\/turquesanews.mx\/wp-content\/uploads\/2021\/07\/SEGURIDAD-CANCUN-2-768x482.jpg.webp 768w\" \/><\/p>\n<p id=\"caption-attachment-303638\" class=\"wp-caption-text\">Inicia operativo coordinado para mayor vigilancia en Canc\u00fan; participan Seguridad P\u00fablica Municipal, Sedena, Semar, Polic\u00eda Quintana Roo y GN.<\/p>\n<\/div>\n<p>Con la participaci\u00f3n de oficiales preventivos y de tr\u00e1nsito de la Polic\u00eda Quintana Roo de Benito Ju\u00e1rez, Sedena, Semar, Guardia Nacional y Polic\u00eda Estatal, se orienta la operatividad de las fuerzas de seguridad en la atenci\u00f3n de \u00e1reas prioritarias.<\/p>\n<p>Por ello, las fuerzas del orden se encuentran de manera permanente patrullando, vigilando y estableciendo operativos de seguridad en distintas regiones de la ciudad, poniendo puntual atenci\u00f3n en la protecci\u00f3n de los ciudadanos y en la prevenci\u00f3n de hechos il\u00edcitos para generar mejores condiciones de seguridad p\u00fablica.<\/p>\n<\/div>\n","protected":false},"excerpt":{"rendered":"<p>Inicia operativo coordinado para mayor vigilancia en Canc\u00fan.\u00a0Para brindar mayor seguridad a la ciudadan\u00eda, la&#8230;<\/p>\n","protected":false},"author":1,"featured_media":3909,"comment_status":"closed","ping_status":"closed","sticky":false,"template":"","format":"standard","meta":{"footnotes":""},"categories":[2],"tags":[],"class_list":["post-3908","post","type-post","status-publish","format-standard","has-post-thumbnail","hentry","category-local"],"_links":{"self":[{"href":"https:\/\/xn--huracnpolmicocancnquintanaroo-knc6wmu.com\/index.php?rest_route=\/wp\/v2\/posts\/3908","targetHints":{"allow":["GET"]}}],"collection":[{"href":"https:\/\/xn--huracnpolmicocancnquintanaroo-knc6wmu.com\/index.php?rest_route=\/wp\/v2\/posts"}],"about":[{"href":"https:\/\/xn--huracnpolmicocancnquintanaroo-knc6wmu.com\/index.php?rest_route=\/wp\/v2\/types\/post"}],"author":[{"embeddable":true,"href":"https:\/\/xn--huracnpolmicocancnquintanaroo-knc6wmu.com\/index.php?rest_route=\/wp\/v2\/users\/1"}],"replies":[{"embeddable":true,"href":"https:\/\/xn--huracnpolmicocancnquintanaroo-knc6wmu.com\/index.php?rest_route=%2Fwp%2Fv2%2Fcomments&post=3908"}],"version-history":[{"count":1,"href":"https:\/\/xn--huracnpolmicocancnquintanaroo-knc6wmu.com\/index.php?rest_route=\/wp\/v2\/posts\/3908\/revisions"}],"predecessor-version":[{"id":3910,"href":"https:\/\/xn--huracnpolmicocancnquintanaroo-knc6wmu.com\/index.php?rest_route=\/wp\/v2\/posts\/3908\/revisions\/3910"}],"wp:featuredmedia":[{"embeddable":true,"href":"https:\/\/xn--huracnpolmicocancnquintanaroo-knc6wmu.com\/index.php?rest_route=\/wp\/v2\/media\/3909"}],"wp:attachment":[{"href":"https:\/\/xn--huracnpolmicocancnquintanaroo-knc6wmu.com\/index.php?rest_route=%2Fwp%2Fv2%2Fmedia&parent=3908"}],"wp:term":[{"taxonomy":"category","embeddable":true,"href":"https:\/\/xn--huracnpolmicocancnquintanaroo-knc6wmu.com\/index.php?rest_route=%2Fwp%2Fv2%2Fcategories&post=3908"},{"taxonomy":"post_tag","embeddable":true,"href":"https:\/\/xn--huracnpolmicocancnquintanaroo-knc6wmu.com\/index.php?rest_route=%2Fwp%2Fv2%2Ftags&post=3908"}],"curies":[{"name":"wp","href":"https:\/\/api.w.org\/{rel}","templated":true}]}}