{"id":3930,"date":"2021-08-04T11:28:59","date_gmt":"2021-08-04T11:28:59","guid":{"rendered":"https:\/\/xn--huracnpolmicocancnquintanaroo-knc6wmu.com\/?p=3930"},"modified":"2021-08-04T05:44:21","modified_gmt":"2021-08-04T05:44:21","slug":"bolsa-de-trabajo-del-tren-maya-promesa-cumplida-del-presidente-lopez-obrador-luis-alegre","status":"publish","type":"post","link":"https:\/\/xn--huracnpolmicocancnquintanaroo-knc6wmu.com\/?p=3930","title":{"rendered":"Bolsa de trabajo del Tren Maya, promesa cumplida del presidente L\u00f3pez Obrador: Luis Alegre"},"content":{"rendered":"<p>La apertura de la bolsa de trabajo en Quintana Roo para el proyecto Tren Maya, es parte de la promesa del\u00a0Presidente Andr\u00e9s Manuel L\u00f3pez Obrador\u00a0de asegurar que esta magna obra beneficie a la poblaci\u00f3n local, consider\u00f3 en entrevista radiof\u00f3nica con Informativo Turquesa el diputado federal Luis Alegre Salazar.<\/p>\n<div class=\"afw afw_custom  afw_ad afwadid-267205  \" data-ad-id=\"267205\">\n<div id=\"div-gpt-ad-1571779814198-0\" data-google-query-id=\"CNq36IfTlvICFYzoKAUdK80MPw\">\n<div id=\"google_ads_iframe_\/121287434\/web750_0__container__\">El tambi\u00e9n representante del Presidente de la Rep\u00fablica para los trabajos del Tren Maya en Quintana Roo explic\u00f3 que \u201cesto es precisamente lo que el Jefe del Ejecutivo Federal prometi\u00f3, su palabra la empe\u00f1\u00f3 y aqu\u00ed la est\u00e1 recobrando a trav\u00e9s de estas acciones de Fonatur\u201d.<\/div>\n<\/div>\n<\/div>\n<p>Alegre Salazar sostuvo que Radio Turquesa se suma, a trav\u00e9s de sus estaciones de radio y de sus plataformas digitales, a la difusi\u00f3n del calendario de fechas\u00a0 del reclutamiento para los trabajos del Tren Maya en Quintana Roo.<\/p>\n<p>\u201cRadio Turquesa tiene presencia en toda la pen\u00ednsula, en Yucat\u00e1n, en todo Quintana Roo y parte de Campeche, con 17 frecuencias\u201d detall\u00f3 Alegre Salazar, agregando que \u201cdifundiremos las fechas, para que toda la poblaci\u00f3n tenga la oportunidad de acceder al trabajo que tanto nos hace falta\u201d.<\/p>\n<p><img loading=\"lazy\" decoding=\"async\" class=\"aligncenter wp-image-305505 size-full lazyloaded\" src=\"https:\/\/turquesanews.mx\/wp-content\/uploads\/2021\/08\/Bolsa-de-trabajo2.jpg.webp\" sizes=\"auto, (max-width: 987px) 100vw, 987px\" srcset=\"https:\/\/turquesanews.mx\/wp-content\/uploads\/2021\/08\/Bolsa-de-trabajo2.jpg.webp 987w,https:\/\/turquesanews.mx\/wp-content\/uploads\/2021\/08\/Bolsa-de-trabajo2-300x225.jpg.webp 300w,https:\/\/turquesanews.mx\/wp-content\/uploads\/2021\/08\/Bolsa-de-trabajo2-768x576.jpg.webp 768w\" alt=\"\" width=\"987\" height=\"740\" data-ll-status=\"loaded\" \/><\/p>\n<p>Especialmente a los quintanarroenses, de quienes dijo el representante del presidente, \u201chemos sufrido tanto, no solo por los olvidos de otras administraciones de gobiernos federales, porque no han creado infraestructura a nuestra zona pero finalmente, el Presidente L\u00f3pez Obrador\u00a0 volte\u00f3 a ver el Sureste de M\u00e9xico y a trav\u00e9s de este gran proyecto est\u00e1 generando inversi\u00f3n y empleos a una zona que tanto lo necesita\u201d.<\/p>\n<p>Y agreg\u00f3: \u201cEspecialmente despu\u00e9s de pasar y seguir estando en medio de una pandemia de coronavirus, pues somos una zona netamente tur\u00edstica, en Quintana Roo todos dependemos de una u otra forma del turismo, y el turismo internacional se vio severamente afectado por la pandemia\u201d.<\/p>\n<p><img loading=\"lazy\" decoding=\"async\" class=\"aligncenter wp-image-305506 size-full lazyloaded\" src=\"https:\/\/turquesanews.mx\/wp-content\/uploads\/2021\/08\/Bolsa-de-trabajo1.jpg.webp\" sizes=\"auto, (max-width: 987px) 100vw, 987px\" srcset=\"https:\/\/turquesanews.mx\/wp-content\/uploads\/2021\/08\/Bolsa-de-trabajo1.jpg.webp 987w,https:\/\/turquesanews.mx\/wp-content\/uploads\/2021\/08\/Bolsa-de-trabajo1-300x225.jpg.webp 300w,https:\/\/turquesanews.mx\/wp-content\/uploads\/2021\/08\/Bolsa-de-trabajo1-768x576.jpg.webp 768w\" alt=\"\" width=\"987\" height=\"740\" data-ll-status=\"loaded\" \/><\/p>\n<p>Tras hacer \u00e9nfasis que con estas acciones se empieza a cristalizar la promesa del Presidente en materia de infraestructura, inversi\u00f3n y trabajo, el diputado federal Luis Alegre Salazar pidi\u00f3 a la poblaci\u00f3n en general tener paciencia por las algunas afectaciones a las vialidades durante el tiempo que tarde en construirse el Tren Maya.<\/p>\n<p>\u201cTenemos que tomar las medidas necesarias, a los touroperadores y a los due\u00f1os de los centros tur\u00edsticos, les pido comprensi\u00f3n y paciencia, as\u00ed como tomar las previsiones que se necesiten\u201d, inst\u00f3.<\/p>\n<p><iframe loading=\"lazy\" title=\"Spotify Embed: Apertura de la Bolsa de Trabajo para el Tren Maya\" src=\"https:\/\/open.spotify.com\/embed\/episode\/7AYy04vewfzdITj5sHJr1R\" width=\"100%\" height=\"232\" frameborder=\"0\" data-mce-fragment=\"1\"><\/iframe><\/p>\n<p>La bolsa de trabajo para Quintana Roo, se llevar\u00e1 a cabo a trav\u00e9s de varias ferias de empleo que realizar\u00e1 el consorcio de las empresas Grupo M\u00e9xico-Acciona, de las cuales las cuatro primeras se har\u00e1n para la zona del tramo 5 Sur, que abarca a Playa del Carmen, y posteriormente, iniciado el tramo 5 norte, se realizar\u00e1n otras ferias del empleo en Puerto Morelos.<\/p>\n<p>Las pr\u00f3ximas locaciones y fechas para estas ferias son las siguientes:\u00a0El 9 y 10 de agosto en la colonia Gonzalo Guerrero, entre las calles 22 y 24 norte, y entre las avenidas 35 y 40.<\/p>\n<p>El 16 y 17 de agosto en el domo deportivo de la colonia Ejidal, entre las avenidas 75 y 80, asi como el 23 y 24 de agosto en la colonia Bellavista. en la avenida 120, entre las calles 1 y 33 sur.<\/p>\n<p>Y finalmente los d\u00edas 30 y 31 de agosto en el domo del fraccionamiento Misi\u00f3n de las Flores, en la avenida del Para\u00edso entre Jazm\u00edn y Lilis, todas las semanas de agosto habr\u00e1 estas ferias de reclutamiento.<\/p>\n","protected":false},"excerpt":{"rendered":"<p>La apertura de la bolsa de trabajo en Quintana Roo para el proyecto Tren Maya,&#8230;<\/p>\n","protected":false},"author":1,"featured_media":3931,"comment_status":"closed","ping_status":"closed","sticky":false,"template":"","format":"standard","meta":{"footnotes":""},"categories":[2],"tags":[],"class_list":["post-3930","post","type-post","status-publish","format-standard","has-post-thumbnail","hentry","category-local"],"_links":{"self":[{"href":"https:\/\/xn--huracnpolmicocancnquintanaroo-knc6wmu.com\/index.php?rest_route=\/wp\/v2\/posts\/3930","targetHints":{"allow":["GET"]}}],"collection":[{"href":"https:\/\/xn--huracnpolmicocancnquintanaroo-knc6wmu.com\/index.php?rest_route=\/wp\/v2\/posts"}],"about":[{"href":"https:\/\/xn--huracnpolmicocancnquintanaroo-knc6wmu.com\/index.php?rest_route=\/wp\/v2\/types\/post"}],"author":[{"embeddable":true,"href":"https:\/\/xn--huracnpolmicocancnquintanaroo-knc6wmu.com\/index.php?rest_route=\/wp\/v2\/users\/1"}],"replies":[{"embeddable":true,"href":"https:\/\/xn--huracnpolmicocancnquintanaroo-knc6wmu.com\/index.php?rest_route=%2Fwp%2Fv2%2Fcomments&post=3930"}],"version-history":[{"count":1,"href":"https:\/\/xn--huracnpolmicocancnquintanaroo-knc6wmu.com\/index.php?rest_route=\/wp\/v2\/posts\/3930\/revisions"}],"predecessor-version":[{"id":3932,"href":"https:\/\/xn--huracnpolmicocancnquintanaroo-knc6wmu.com\/index.php?rest_route=\/wp\/v2\/posts\/3930\/revisions\/3932"}],"wp:featuredmedia":[{"embeddable":true,"href":"https:\/\/xn--huracnpolmicocancnquintanaroo-knc6wmu.com\/index.php?rest_route=\/wp\/v2\/media\/3931"}],"wp:attachment":[{"href":"https:\/\/xn--huracnpolmicocancnquintanaroo-knc6wmu.com\/index.php?rest_route=%2Fwp%2Fv2%2Fmedia&parent=3930"}],"wp:term":[{"taxonomy":"category","embeddable":true,"href":"https:\/\/xn--huracnpolmicocancnquintanaroo-knc6wmu.com\/index.php?rest_route=%2Fwp%2Fv2%2Fcategories&post=3930"},{"taxonomy":"post_tag","embeddable":true,"href":"https:\/\/xn--huracnpolmicocancnquintanaroo-knc6wmu.com\/index.php?rest_route=%2Fwp%2Fv2%2Ftags&post=3930"}],"curies":[{"name":"wp","href":"https:\/\/api.w.org\/{rel}","templated":true}]}}