{"id":3950,"date":"2021-08-11T11:50:45","date_gmt":"2021-08-11T11:50:45","guid":{"rendered":"https:\/\/xn--huracnpolmicocancnquintanaroo-knc6wmu.com\/?p=3950"},"modified":"2021-08-11T03:53:36","modified_gmt":"2021-08-11T03:53:36","slug":"dejan-con-sentencia-de-25-anos-de-prision-a-dos-asesinos-en-cancun","status":"publish","type":"post","link":"https:\/\/xn--huracnpolmicocancnquintanaroo-knc6wmu.com\/?p=3950","title":{"rendered":"Dejan con sentencia de 25 a\u00f1os de prisi\u00f3n a dos asesinos en Canc\u00fan"},"content":{"rendered":"<p>Benito Ju\u00e1rez.- La Fiscal\u00eda General del Estado de Quintana Roo informa que Fiscales del Ministerio P\u00fablico lograron una sentencia condenatoria de 25 a\u00f1os de prisi\u00f3n y una multa de 126 mil 735 pesos para Gamaliel \u201cG\u201d y Gerardo \u201cL\u201d por el delito de homicidio calificado en agravio de una v\u00edctima de identidad reservada, relacionada en el juicio 25\/2021.<\/p>\n<p><img loading=\"lazy\" decoding=\"async\" class=\"alignnone size-medium wp-image-51770 ls-is-cached lazyloaded\" src=\"https:\/\/noticiascancun.mx\/wp-content\/uploads\/2021\/08\/ad5fa86d-3176-4783-9bee-58048a923a13-232x300.jpg\" sizes=\"auto, (max-width: 232px) 100vw, 232px\" srcset=\"https:\/\/noticiascancun.mx\/wp-content\/uploads\/2021\/08\/ad5fa86d-3176-4783-9bee-58048a923a13-232x300.jpg 232w, https:\/\/noticiascancun.mx\/wp-content\/uploads\/2021\/08\/ad5fa86d-3176-4783-9bee-58048a923a13-791x1024.jpg 791w, https:\/\/noticiascancun.mx\/wp-content\/uploads\/2021\/08\/ad5fa86d-3176-4783-9bee-58048a923a13-768x994.jpg 768w, https:\/\/noticiascancun.mx\/wp-content\/uploads\/2021\/08\/ad5fa86d-3176-4783-9bee-58048a923a13-480x621.jpg 480w, https:\/\/noticiascancun.mx\/wp-content\/uploads\/2021\/08\/ad5fa86d-3176-4783-9bee-58048a923a13-386x500.jpg 386w, https:\/\/noticiascancun.mx\/wp-content\/uploads\/2021\/08\/ad5fa86d-3176-4783-9bee-58048a923a13.jpg 927w\" alt=\"\" width=\"232\" height=\"300\" data-srcset=\"https:\/\/noticiascancun.mx\/wp-content\/uploads\/2021\/08\/ad5fa86d-3176-4783-9bee-58048a923a13-232x300.jpg 232w, https:\/\/noticiascancun.mx\/wp-content\/uploads\/2021\/08\/ad5fa86d-3176-4783-9bee-58048a923a13-791x1024.jpg 791w, https:\/\/noticiascancun.mx\/wp-content\/uploads\/2021\/08\/ad5fa86d-3176-4783-9bee-58048a923a13-768x994.jpg 768w, https:\/\/noticiascancun.mx\/wp-content\/uploads\/2021\/08\/ad5fa86d-3176-4783-9bee-58048a923a13-480x621.jpg 480w, https:\/\/noticiascancun.mx\/wp-content\/uploads\/2021\/08\/ad5fa86d-3176-4783-9bee-58048a923a13-386x500.jpg 386w, https:\/\/noticiascancun.mx\/wp-content\/uploads\/2021\/08\/ad5fa86d-3176-4783-9bee-58048a923a13.jpg 927w\" data-src=\"https:\/\/noticiascancun.mx\/wp-content\/uploads\/2021\/08\/ad5fa86d-3176-4783-9bee-58048a923a13-232x300.jpg\" data-sizes=\"(max-width: 232px) 100vw, 232px\" \/><\/p>\n<p><img loading=\"lazy\" decoding=\"async\" class=\"alignnone size-medium wp-image-51772 lazyloaded\" src=\"https:\/\/noticiascancun.mx\/wp-content\/uploads\/2021\/08\/42fb1573-94a8-466f-910e-90e307aab761-225x300.jpg\" sizes=\"auto, (max-width: 225px) 100vw, 225px\" srcset=\"https:\/\/noticiascancun.mx\/wp-content\/uploads\/2021\/08\/42fb1573-94a8-466f-910e-90e307aab761-225x300.jpg 225w, https:\/\/noticiascancun.mx\/wp-content\/uploads\/2021\/08\/42fb1573-94a8-466f-910e-90e307aab761-768x1024.jpg 768w, https:\/\/noticiascancun.mx\/wp-content\/uploads\/2021\/08\/42fb1573-94a8-466f-910e-90e307aab761-480x640.jpg 480w, https:\/\/noticiascancun.mx\/wp-content\/uploads\/2021\/08\/42fb1573-94a8-466f-910e-90e307aab761-375x500.jpg 375w, https:\/\/noticiascancun.mx\/wp-content\/uploads\/2021\/08\/42fb1573-94a8-466f-910e-90e307aab761.jpg 960w\" alt=\"\" width=\"225\" height=\"300\" data-srcset=\"https:\/\/noticiascancun.mx\/wp-content\/uploads\/2021\/08\/42fb1573-94a8-466f-910e-90e307aab761-225x300.jpg 225w, https:\/\/noticiascancun.mx\/wp-content\/uploads\/2021\/08\/42fb1573-94a8-466f-910e-90e307aab761-768x1024.jpg 768w, https:\/\/noticiascancun.mx\/wp-content\/uploads\/2021\/08\/42fb1573-94a8-466f-910e-90e307aab761-480x640.jpg 480w, https:\/\/noticiascancun.mx\/wp-content\/uploads\/2021\/08\/42fb1573-94a8-466f-910e-90e307aab761-375x500.jpg 375w, https:\/\/noticiascancun.mx\/wp-content\/uploads\/2021\/08\/42fb1573-94a8-466f-910e-90e307aab761.jpg 960w\" data-src=\"https:\/\/noticiascancun.mx\/wp-content\/uploads\/2021\/08\/42fb1573-94a8-466f-910e-90e307aab761-225x300.jpg\" data-sizes=\"(max-width: 225px) 100vw, 225px\" \/><\/p>\n<p>Fiscales Especializados en Investigaci\u00f3n de Homicidios incorporaron pruebas suficientes que permitieron demostrar la participaci\u00f3n de ambos sujetos en hechos ocurridos el 27 de abril de 2019, en inmediaciones de la colonia Valle Verde en el municipio de Benito Ju\u00e1rez.<\/p>\n<p>De acuerdo con las investigaciones, el d\u00eda de los hechos, los ahora sentenciados llegaron al lugar en compa\u00f1\u00eda de dos personas m\u00e1s, las cuales trataron de subir por la fuerza a la v\u00edctima, mientras los dos imputados vigilaban el lugar. Tras un forcejeo, la v\u00edctima logr\u00f3 escapar, sin embargo, -en su huida-, una de las personas que lo intent\u00f3 someter para introducirlo al veh\u00edculo, le dispar\u00f3 en varias ocasiones, lo que provoc\u00f3 que perdiera la vida.<\/p>\n<p>Polic\u00edas Municipales que se encontraban cerca del lugar, iniciaron la persecuci\u00f3n de los sospechosos, hasta lograr su detenci\u00f3n.<\/p>\n<p>Al t\u00e9rmino de la audiencia de individualizaci\u00f3n de la pena, se conoci\u00f3 la resoluci\u00f3n del juez, quien dict\u00f3 una sentencia condenatoria de 25 a\u00f1os de prisi\u00f3n para Gamaliel \u201cG\u201d y Gerardo \u201cL\u201d, quienes tambi\u00e9n deber\u00e1n pagar una multa de 126 mil 735 pesos.<\/p>\n<p>Con estas acciones, la Fiscal\u00eda General del Estado de Quintana Roo cumple con su encomienda constitucional de procurar justicia a trav\u00e9s de la investigaci\u00f3n, localizaci\u00f3n, captura y llevar ante tribunales a quienes irrumpan la ley y atenten contra la integridad f\u00edsica de las y los quintanarroenses y sus visitantes.<\/p>\n","protected":false},"excerpt":{"rendered":"<p>Benito Ju\u00e1rez.- La Fiscal\u00eda General del Estado de Quintana Roo informa que Fiscales del Ministerio&#8230;<\/p>\n","protected":false},"author":1,"featured_media":3951,"comment_status":"closed","ping_status":"closed","sticky":false,"template":"","format":"standard","meta":{"footnotes":""},"categories":[2],"tags":[],"class_list":["post-3950","post","type-post","status-publish","format-standard","has-post-thumbnail","hentry","category-local"],"_links":{"self":[{"href":"https:\/\/xn--huracnpolmicocancnquintanaroo-knc6wmu.com\/index.php?rest_route=\/wp\/v2\/posts\/3950","targetHints":{"allow":["GET"]}}],"collection":[{"href":"https:\/\/xn--huracnpolmicocancnquintanaroo-knc6wmu.com\/index.php?rest_route=\/wp\/v2\/posts"}],"about":[{"href":"https:\/\/xn--huracnpolmicocancnquintanaroo-knc6wmu.com\/index.php?rest_route=\/wp\/v2\/types\/post"}],"author":[{"embeddable":true,"href":"https:\/\/xn--huracnpolmicocancnquintanaroo-knc6wmu.com\/index.php?rest_route=\/wp\/v2\/users\/1"}],"replies":[{"embeddable":true,"href":"https:\/\/xn--huracnpolmicocancnquintanaroo-knc6wmu.com\/index.php?rest_route=%2Fwp%2Fv2%2Fcomments&post=3950"}],"version-history":[{"count":1,"href":"https:\/\/xn--huracnpolmicocancnquintanaroo-knc6wmu.com\/index.php?rest_route=\/wp\/v2\/posts\/3950\/revisions"}],"predecessor-version":[{"id":3952,"href":"https:\/\/xn--huracnpolmicocancnquintanaroo-knc6wmu.com\/index.php?rest_route=\/wp\/v2\/posts\/3950\/revisions\/3952"}],"wp:featuredmedia":[{"embeddable":true,"href":"https:\/\/xn--huracnpolmicocancnquintanaroo-knc6wmu.com\/index.php?rest_route=\/wp\/v2\/media\/3951"}],"wp:attachment":[{"href":"https:\/\/xn--huracnpolmicocancnquintanaroo-knc6wmu.com\/index.php?rest_route=%2Fwp%2Fv2%2Fmedia&parent=3950"}],"wp:term":[{"taxonomy":"category","embeddable":true,"href":"https:\/\/xn--huracnpolmicocancnquintanaroo-knc6wmu.com\/index.php?rest_route=%2Fwp%2Fv2%2Fcategories&post=3950"},{"taxonomy":"post_tag","embeddable":true,"href":"https:\/\/xn--huracnpolmicocancnquintanaroo-knc6wmu.com\/index.php?rest_route=%2Fwp%2Fv2%2Ftags&post=3950"}],"curies":[{"name":"wp","href":"https:\/\/api.w.org\/{rel}","templated":true}]}}