{"id":3987,"date":"2021-08-24T11:22:08","date_gmt":"2021-08-24T11:22:08","guid":{"rendered":"https:\/\/xn--huracnpolmicocancnquintanaroo-knc6wmu.com\/?p=3987"},"modified":"2021-08-24T07:30:54","modified_gmt":"2021-08-24T07:30:54","slug":"reanudan-en-quintana-roo-la-aplicacion-de-segundas-dosis-contra-la-covid-19-a-personas-de-40-a-49-anos-de-edad","status":"publish","type":"post","link":"https:\/\/xn--huracnpolmicocancnquintanaroo-knc6wmu.com\/?p=3987","title":{"rendered":"Reanudan en Quintana Roo la aplicaci\u00f3n de segundas dosis contra la COVID-19 a personas de 40 a 49 a\u00f1os de edad"},"content":{"rendered":"<p>A partir de este lunes 23 se est\u00e1n aplicando segundas dosis de la vacuna AstraZ\u00e9neca a personas de 40 a 49 a\u00f1os de edad en Chetumal, Bacalar y Benito Ju\u00e1rez, con lo que estan cerr\u00e1ndose ciclos, expres\u00f3 el gobernador Carlos Joaqu\u00edn.<\/p>\n<div class=\"afw afw_custom  afw_ad afwadid-267205  \" data-ad-id=\"267205\">\n<div id=\"div-gpt-ad-1629502256186-0\" data-google-query-id=\"CKbQ47CRyfICFUgjhwod4ZQH5w\">\n<div id=\"google_ads_iframe_\/121287434\/web750_0__container__\"><\/div>\n<\/div>\n<\/div>\n<div class=\"twitter-tweet twitter-tweet-rendered\"><iframe id=\"twitter-widget-0\" class=\"\" title=\"Twitter Tweet\" src=\"https:\/\/platform.twitter.com\/embed\/Tweet.html?creatorScreenName=infoturquesa&amp;dnt=true&amp;embedId=twitter-widget-0&amp;features=eyJ0ZndfZXhwZXJpbWVudHNfY29va2llX2V4cGlyYXRpb24iOnsiYnVja2V0IjoxMjA5NjAwLCJ2ZXJzaW9uIjpudWxsfSwidGZ3X2hvcml6b25fdHdlZXRfZW1iZWRfOTU1NSI6eyJidWNrZXQiOiJodGUiLCJ2ZXJzaW9uIjpudWxsfSwidGZ3X3NwYWNlX2NhcmQiOnsiYnVja2V0Ijoib2ZmIiwidmVyc2lvbiI6bnVsbH19&amp;frame=false&amp;hideCard=false&amp;hideThread=false&amp;id=1429915768540614660&amp;lang=es&amp;origin=https%3A%2F%2Fturquesanews.mx%2Fquintana-roo%2Freanudan-en-quintana-roo-la-aplicacion-de-segundas-dosis-contra-la-covid-19-a-personas-de-40-a-49-anos-de-edad%2F&amp;sessionId=41a573978f59c58e26f5f29bff919d46e1cbc8d2&amp;siteScreenName=infoturquesa&amp;theme=light&amp;widgetsVersion=1890d59c%3A1627936082797&amp;width=550px\" frameborder=\"0\" scrolling=\"no\" allowfullscreen=\"allowfullscreen\" data-tweet-id=\"1429915768540614660\" data-mce-fragment=\"1\"><\/iframe><\/div>\n<p>El titular del Ejecutivo expres\u00f3 que, para atender las solicitudes de personas rezagadas, que por alguna circuntancia no se han aplicado las primeras dosis, la Capit\u00e1n de Corbeta Servicio de Sanidad Naval, Yadira M\u00e9ndez Paredes, coordinadora de las brigadas especiales de vacunaci\u00f3n en la entidad, ha estado solicitando a la Secretar\u00eda de Salud m\u00e1s dosis.<\/p>\n<div class=\"twitter-tweet twitter-tweet-rendered\"><iframe id=\"twitter-widget-1\" class=\"\" title=\"Twitter Tweet\" src=\"https:\/\/platform.twitter.com\/embed\/Tweet.html?creatorScreenName=infoturquesa&amp;dnt=true&amp;embedId=twitter-widget-1&amp;features=eyJ0ZndfZXhwZXJpbWVudHNfY29va2llX2V4cGlyYXRpb24iOnsiYnVja2V0IjoxMjA5NjAwLCJ2ZXJzaW9uIjpudWxsfSwidGZ3X2hvcml6b25fdHdlZXRfZW1iZWRfOTU1NSI6eyJidWNrZXQiOiJodGUiLCJ2ZXJzaW9uIjpudWxsfSwidGZ3X3NwYWNlX2NhcmQiOnsiYnVja2V0Ijoib2ZmIiwidmVyc2lvbiI6bnVsbH19&amp;frame=false&amp;hideCard=false&amp;hideThread=false&amp;id=1429891470228664320&amp;lang=es&amp;origin=https%3A%2F%2Fturquesanews.mx%2Fquintana-roo%2Freanudan-en-quintana-roo-la-aplicacion-de-segundas-dosis-contra-la-covid-19-a-personas-de-40-a-49-anos-de-edad%2F&amp;sessionId=41a573978f59c58e26f5f29bff919d46e1cbc8d2&amp;siteScreenName=infoturquesa&amp;theme=light&amp;widgetsVersion=1890d59c%3A1627936082797&amp;width=550px\" frameborder=\"0\" scrolling=\"no\" allowfullscreen=\"allowfullscreen\" data-tweet-id=\"1429891470228664320\" data-mce-fragment=\"1\"><\/iframe><\/div>\n<p>Conforme al Plan Nacional de Vacunaci\u00f3n, la secretaria de Salud Alejandra Aguirre Crespo subray\u00f3 que la vacuna es efectiva para evitar el desarrollo de casos graves de la enfermedad. Sin embargo, las personas vacunadas a\u00fan pueden contagiarse, por lo que desacelerar la velocidad de transmisi\u00f3n del virus SARS-CoV-2 implica la aplicaci\u00f3n de los h\u00e1bitos sanitarios.<\/p>\n<div class=\"twitter-tweet twitter-tweet-rendered\"><iframe id=\"twitter-widget-2\" class=\"\" title=\"Twitter Tweet\" src=\"https:\/\/platform.twitter.com\/embed\/Tweet.html?creatorScreenName=infoturquesa&amp;dnt=true&amp;embedId=twitter-widget-2&amp;features=eyJ0ZndfZXhwZXJpbWVudHNfY29va2llX2V4cGlyYXRpb24iOnsiYnVja2V0IjoxMjA5NjAwLCJ2ZXJzaW9uIjpudWxsfSwidGZ3X2hvcml6b25fdHdlZXRfZW1iZWRfOTU1NSI6eyJidWNrZXQiOiJodGUiLCJ2ZXJzaW9uIjpudWxsfSwidGZ3X3NwYWNlX2NhcmQiOnsiYnVja2V0Ijoib2ZmIiwidmVyc2lvbiI6bnVsbH19&amp;frame=false&amp;hideCard=false&amp;hideThread=false&amp;id=1429790536899063816&amp;lang=es&amp;origin=https%3A%2F%2Fturquesanews.mx%2Fquintana-roo%2Freanudan-en-quintana-roo-la-aplicacion-de-segundas-dosis-contra-la-covid-19-a-personas-de-40-a-49-anos-de-edad%2F&amp;sessionId=41a573978f59c58e26f5f29bff919d46e1cbc8d2&amp;siteScreenName=infoturquesa&amp;theme=light&amp;widgetsVersion=1890d59c%3A1627936082797&amp;width=550px\" frameborder=\"0\" scrolling=\"no\" allowfullscreen=\"allowfullscreen\" data-tweet-id=\"1429790536899063816\" data-mce-fragment=\"1\"><\/iframe><\/div>\n<p>Pidi\u00f3 a la poblaci\u00f3n no bajar la guardia y continuar con el uso obligatorio del cubrebocas, respetar la sana distancia y el lavado frecuente de manos.<\/p>\n<p>Subray\u00f3 que la aplicaci\u00f3n de estas medidas sanitarias, as\u00ed como evitar las aglomeraciones, las fiestas, y no salir si no es necesarion contribuyen a disminuir los riesgos de contagio por COVID-19.<\/p>\n<p>En relaci\u00f3n al avance de la vacunaci\u00f3n, la titular de la SESA refiri\u00f3 que el acumulado de dosis aplicadas, de enero al corte de las 13 horas de este 23 de agosto, es de 1 mill\u00f3n 342 mil 770 vacunas contra la COVID-19.<\/p>\n<p>Se\u00f1al\u00f3 que, del total de dosis acumuladas, en personal de salud se aplicaron 35 mil 277 dosis, en adultos mayores de 60 a\u00f1os 199 mil 784, en personas de 50 a 59 a\u00f1os de edad 240 mil 139 y en las de 40 a 49 a\u00f1os un total de 254 mil 983.<\/p>\n<p><img loading=\"lazy\" decoding=\"async\" class=\"aligncenter wp-image-309379 size-full\" src=\"https:\/\/turquesanews.mx\/wp-content\/uploads\/2021\/08\/carlos-joaquin-vacunas3.jpeg\" sizes=\"auto, (max-width: 1024px) 100vw, 1024px\" srcset=\"https:\/\/turquesanews.mx\/wp-content\/uploads\/2021\/08\/carlos-joaquin-vacunas3.jpeg 1024w, https:\/\/turquesanews.mx\/wp-content\/uploads\/2021\/08\/carlos-joaquin-vacunas3-300x200.jpeg 300w, https:\/\/turquesanews.mx\/wp-content\/uploads\/2021\/08\/carlos-joaquin-vacunas3-768x512.jpeg 768w\" alt=\"\" width=\"1024\" height=\"683\" \/><\/p>\n<p>Agreg\u00f3 que en las personas de 30 a 39 a\u00f1os el acumulado de dosis aplicadas es de 248 mil 083, en las 18 a 29 a\u00f1os de edad de 325 mil 383, en embarazadas de 5 mil 318, en personal del sistema educativo de 30 mil 256, y en personal de brigadas, voluntarios y otros grupos un total de 3 mil 547.<\/p>\n<p><img loading=\"lazy\" decoding=\"async\" class=\"aligncenter wp-image-309380 size-full\" src=\"https:\/\/turquesanews.mx\/wp-content\/uploads\/2021\/08\/carlos-joaquin-vacunas7.jpeg\" sizes=\"auto, (max-width: 1024px) 100vw, 1024px\" srcset=\"https:\/\/turquesanews.mx\/wp-content\/uploads\/2021\/08\/carlos-joaquin-vacunas7.jpeg 1024w, https:\/\/turquesanews.mx\/wp-content\/uploads\/2021\/08\/carlos-joaquin-vacunas7-300x187.jpeg 300w, https:\/\/turquesanews.mx\/wp-content\/uploads\/2021\/08\/carlos-joaquin-vacunas7-768x479.jpeg 768w\" alt=\"\" width=\"1024\" height=\"639\" \/><\/p>\n<p>El gobernador Carlos Joaqu\u00edn invit\u00f3 a la poblaci\u00f3n a estar pendiente del sistema que se sigue para recibir la vacuna. En Oth\u00f3n P. Blanco es por edades y los m\u00f3dulos estan en el domo del parque Las Casitas, en el Sal\u00f3n Bellavista y en la primaria \u201cMelchor Ocampo\u201d en Calderitas.<\/p>\n<p><img loading=\"lazy\" decoding=\"async\" class=\"aligncenter wp-image-309381 size-full\" src=\"https:\/\/turquesanews.mx\/wp-content\/uploads\/2021\/08\/carlos-joaquin-vacunas8.jpeg\" sizes=\"auto, (max-width: 1024px) 100vw, 1024px\" srcset=\"https:\/\/turquesanews.mx\/wp-content\/uploads\/2021\/08\/carlos-joaquin-vacunas8.jpeg 1024w, https:\/\/turquesanews.mx\/wp-content\/uploads\/2021\/08\/carlos-joaquin-vacunas8-300x200.jpeg 300w, https:\/\/turquesanews.mx\/wp-content\/uploads\/2021\/08\/carlos-joaquin-vacunas8-768x512.jpeg 768w\" alt=\"\" width=\"1024\" height=\"683\" \/><\/p>\n<p>En Benito Ju\u00e1rez es por orden alfab\u00e9tico, con base en la primera letra del primer apellido.<\/p>\n<p>En Bacalar, tambi\u00e9n se usa el sistema por edades, por lo que el titular del Ejecutivo reiter\u00f3 estar pendientes para recibir la segunda dosis.<\/p>\n","protected":false},"excerpt":{"rendered":"<p>A partir de este lunes 23 se est\u00e1n aplicando segundas dosis de la vacuna AstraZ\u00e9neca&#8230;<\/p>\n","protected":false},"author":1,"featured_media":3988,"comment_status":"closed","ping_status":"closed","sticky":false,"template":"","format":"standard","meta":{"footnotes":""},"categories":[2],"tags":[],"class_list":["post-3987","post","type-post","status-publish","format-standard","has-post-thumbnail","hentry","category-local"],"_links":{"self":[{"href":"https:\/\/xn--huracnpolmicocancnquintanaroo-knc6wmu.com\/index.php?rest_route=\/wp\/v2\/posts\/3987","targetHints":{"allow":["GET"]}}],"collection":[{"href":"https:\/\/xn--huracnpolmicocancnquintanaroo-knc6wmu.com\/index.php?rest_route=\/wp\/v2\/posts"}],"about":[{"href":"https:\/\/xn--huracnpolmicocancnquintanaroo-knc6wmu.com\/index.php?rest_route=\/wp\/v2\/types\/post"}],"author":[{"embeddable":true,"href":"https:\/\/xn--huracnpolmicocancnquintanaroo-knc6wmu.com\/index.php?rest_route=\/wp\/v2\/users\/1"}],"replies":[{"embeddable":true,"href":"https:\/\/xn--huracnpolmicocancnquintanaroo-knc6wmu.com\/index.php?rest_route=%2Fwp%2Fv2%2Fcomments&post=3987"}],"version-history":[{"count":1,"href":"https:\/\/xn--huracnpolmicocancnquintanaroo-knc6wmu.com\/index.php?rest_route=\/wp\/v2\/posts\/3987\/revisions"}],"predecessor-version":[{"id":3989,"href":"https:\/\/xn--huracnpolmicocancnquintanaroo-knc6wmu.com\/index.php?rest_route=\/wp\/v2\/posts\/3987\/revisions\/3989"}],"wp:featuredmedia":[{"embeddable":true,"href":"https:\/\/xn--huracnpolmicocancnquintanaroo-knc6wmu.com\/index.php?rest_route=\/wp\/v2\/media\/3988"}],"wp:attachment":[{"href":"https:\/\/xn--huracnpolmicocancnquintanaroo-knc6wmu.com\/index.php?rest_route=%2Fwp%2Fv2%2Fmedia&parent=3987"}],"wp:term":[{"taxonomy":"category","embeddable":true,"href":"https:\/\/xn--huracnpolmicocancnquintanaroo-knc6wmu.com\/index.php?rest_route=%2Fwp%2Fv2%2Fcategories&post=3987"},{"taxonomy":"post_tag","embeddable":true,"href":"https:\/\/xn--huracnpolmicocancnquintanaroo-knc6wmu.com\/index.php?rest_route=%2Fwp%2Fv2%2Ftags&post=3987"}],"curies":[{"name":"wp","href":"https:\/\/api.w.org\/{rel}","templated":true}]}}