{"id":3997,"date":"2021-08-27T11:48:52","date_gmt":"2021-08-27T11:48:52","guid":{"rendered":"https:\/\/xn--huracnpolmicocancnquintanaroo-knc6wmu.com\/?p=3997"},"modified":"2021-08-27T06:58:57","modified_gmt":"2021-08-27T06:58:57","slug":"rescatan-a-menor-con-sindrome-de-down-que-estaba-en-el-techo-de-una-casa","status":"publish","type":"post","link":"https:\/\/xn--huracnpolmicocancnquintanaroo-knc6wmu.com\/?p=3997","title":{"rendered":"Rescatan a menor con s\u00edndrome de down que estaba en el techo de una casa"},"content":{"rendered":"<p><strong>Canc\u00fan.-<\/strong>\u00a0Oficiales de la Polic\u00eda Quintana Roo de Benito Ju\u00e1rez\u00a0<strong>brindaron ayuda a un menor con s\u00edndrome de Down<\/strong>\u00a0que se encontraba en el techo de una casa en Canc\u00fan sin la vigilancia de un adulto.<\/p>\n<p>En una tarjeta informativa, se dio a conocer que los agentes policiales atendieron un llamado en el que se report\u00f3 a un menor que andaba en el techo de su domicilio en la s\u00faper manzana 234 de Canc\u00fan,\u00a0<strong>sin la aparente supervisi\u00f3n de alg\u00fan adulto.<\/strong><\/p>\n<p>Asimismo, al arribar al lugar, los elementos observaron a\u00a0<strong>dicho menor y que no hab\u00eda ning\u00fan familiar por lo que se solicit\u00f3 apoyo d<\/strong>el Grupo Especial de Atenci\u00f3n a V\u00edctimas de Violencia Familiar y de G\u00e9nero (GEAVI) de la Polic\u00eda Quintana Roo en Benito Ju\u00e1rez.<\/p>\n<h3>Rescatan a menor con s\u00edndrome de down que estaba en el techo de una casa<\/h3>\n<p>En ese momento en el que lleg\u00f3 la mam\u00e1 quien dijo que ten\u00eda como media hora que se hab\u00eda quitado de su domicilio, debido a que fue a la escuela a entregar unos documentos de su otro hijo y que no ten\u00eda con quien dejarlo, refiriendo que su hijo ten\u00eda s\u00edndrome de down.<\/p>\n<p>Ante este caso, se le brind\u00f3 atenci\u00f3n para que tenga m\u00e1s cuidado, ya que los menores no deben quedarse solos en casa sin supervisi\u00f3n; por lo que previo apercibimiento y acreditando con documentaci\u00f3n el parentesco con el menor, la madre se comprometi\u00f3 a ser m\u00e1s cuidadosa en la tutela del infante.<\/p>\n","protected":false},"excerpt":{"rendered":"<p>Canc\u00fan.-\u00a0Oficiales de la Polic\u00eda Quintana Roo de Benito Ju\u00e1rez\u00a0brindaron ayuda a un menor con s\u00edndrome&#8230;<\/p>\n","protected":false},"author":1,"featured_media":3998,"comment_status":"closed","ping_status":"closed","sticky":false,"template":"","format":"standard","meta":{"footnotes":""},"categories":[2],"tags":[],"class_list":["post-3997","post","type-post","status-publish","format-standard","has-post-thumbnail","hentry","category-local"],"_links":{"self":[{"href":"https:\/\/xn--huracnpolmicocancnquintanaroo-knc6wmu.com\/index.php?rest_route=\/wp\/v2\/posts\/3997","targetHints":{"allow":["GET"]}}],"collection":[{"href":"https:\/\/xn--huracnpolmicocancnquintanaroo-knc6wmu.com\/index.php?rest_route=\/wp\/v2\/posts"}],"about":[{"href":"https:\/\/xn--huracnpolmicocancnquintanaroo-knc6wmu.com\/index.php?rest_route=\/wp\/v2\/types\/post"}],"author":[{"embeddable":true,"href":"https:\/\/xn--huracnpolmicocancnquintanaroo-knc6wmu.com\/index.php?rest_route=\/wp\/v2\/users\/1"}],"replies":[{"embeddable":true,"href":"https:\/\/xn--huracnpolmicocancnquintanaroo-knc6wmu.com\/index.php?rest_route=%2Fwp%2Fv2%2Fcomments&post=3997"}],"version-history":[{"count":2,"href":"https:\/\/xn--huracnpolmicocancnquintanaroo-knc6wmu.com\/index.php?rest_route=\/wp\/v2\/posts\/3997\/revisions"}],"predecessor-version":[{"id":4000,"href":"https:\/\/xn--huracnpolmicocancnquintanaroo-knc6wmu.com\/index.php?rest_route=\/wp\/v2\/posts\/3997\/revisions\/4000"}],"wp:featuredmedia":[{"embeddable":true,"href":"https:\/\/xn--huracnpolmicocancnquintanaroo-knc6wmu.com\/index.php?rest_route=\/wp\/v2\/media\/3998"}],"wp:attachment":[{"href":"https:\/\/xn--huracnpolmicocancnquintanaroo-knc6wmu.com\/index.php?rest_route=%2Fwp%2Fv2%2Fmedia&parent=3997"}],"wp:term":[{"taxonomy":"category","embeddable":true,"href":"https:\/\/xn--huracnpolmicocancnquintanaroo-knc6wmu.com\/index.php?rest_route=%2Fwp%2Fv2%2Fcategories&post=3997"},{"taxonomy":"post_tag","embeddable":true,"href":"https:\/\/xn--huracnpolmicocancnquintanaroo-knc6wmu.com\/index.php?rest_route=%2Fwp%2Fv2%2Ftags&post=3997"}],"curies":[{"name":"wp","href":"https:\/\/api.w.org\/{rel}","templated":true}]}}