{"id":4001,"date":"2021-08-28T11:05:52","date_gmt":"2021-08-28T11:05:52","guid":{"rendered":"https:\/\/xn--huracnpolmicocancnquintanaroo-knc6wmu.com\/?p=4001"},"modified":"2021-08-28T03:34:45","modified_gmt":"2021-08-28T03:34:45","slug":"fiestas-patrias-en-cancun-sin-color-habra-menos-venta-de-banderas","status":"publish","type":"post","link":"https:\/\/xn--huracnpolmicocancnquintanaroo-knc6wmu.com\/?p=4001","title":{"rendered":"Fiestas patrias en Canc\u00fan sin color: Habr\u00e1 menos venta de banderas"},"content":{"rendered":"<p>Las fiestas patrias en Canc\u00fan podr\u00eda ser un festejo sin mucho color: Muy pocos\u00a0<strong>permisos de venta de banderas\u00a0<\/strong>y decoraci\u00f3n alusiva se han otorgado para vendedores ambulantes en Canc\u00fan.<\/p>\n<p>El gobierno municipal de Benito Ju\u00e1rez\u00a0<strong>ha otorgado 14 permisos temporales<\/strong>\u00a0para poder vender en la v\u00eda p\u00fablica banderas y dem\u00e1s mercanc\u00eda para las fiestas patrias, mientras que el a\u00f1o pasado se dieron alrededor de 20 avales.<\/p>\n<p>Israel Garc\u00eda Lorenzo, director de Comercio y Servicios en la V\u00eda P\u00fablica, explic\u00f3 que estos permisos han sido solicitados por los vendedores semifijos y ambulantes de este tipo de productos desde hace algunos d\u00edas y\u00a0<strong>tienen una duraci\u00f3n de un mes<\/strong>.<\/p>\n<div id=\"div-gpt-ad-inread-612999b4a97325001457fb71\" data-name=\"inread\" data-size=\"[[336,250], [300,250]]\" data-google-query-id=\"CICdi5Xk0vICFQIlhwodzhwLrA\">\n<div id=\"google_ads_iframe_\/4334274\/inread_0__container__\">El funcionario record\u00f3 que se ha registrado un descenso en los permisos para vender productos con motivos patrios, debido a la crisis desatada por la pandemia de COVID-19.<\/div>\n<\/div>\n<blockquote><p><cite>\u201cEn comparaci\u00f3n con 2019, s\u00ed hab\u00eda disminuido considerablemente el n\u00famero de permisos y, en esta ocasi\u00f3n, al parecer seguiremos teniendo la misma tendencia, porque hasta ahora llevamos estos n\u00fameros, pero adem\u00e1s no se ha presentado ninguna solicitud&#8221;.<\/cite><\/p><\/blockquote>\n<p>Sin embargo, el funcionario indic\u00f3 que entre m\u00e1s cercanas est\u00e1n las fechas conmemorativas a las fiestas patrias, las personas que buscan obtener un espacio para la venta de estos art\u00edculos conmemorativos se acercan a solicitar el aval para realizar la actividad.<\/p>\n<p>Por ello confi\u00f3 en que en las primeras dos semanas de septiembre se puedan registrar al menos ocho solicitudes m\u00e1s para vender mercanc\u00edas con motivos patrios, como cornetas, banderas, adornos, retratos de los h\u00e9roes de la Independencia, entre otros art\u00edculos.<\/p>\n<h2>COVID impide viajar a Canc\u00fan a los vendedores de banderas<\/h2>\n<div id=\"div-gpt-ad-inread-2-612999b4a97325001457fb71\" data-name=\"inread\" data-size=\"[[336,250], [300,250]]\" data-google-query-id=\"CIGdi5Xk0vICFQIlhwodzhwLrA\">\n<div id=\"google_ads_iframe_\/4334274\/inread_1__container__\">Garc\u00eda Lorenzo indic\u00f3 que un factor que influye para esta situaci\u00f3n, es que muchos de los <strong>vendedores provienen de fuera del municipio de Benito Ju\u00e1rez<\/strong>, incluso de otros estados del pa\u00eds.<\/div>\n<\/div>\n<p>Lo que no ha cambiado es el lugar que los vendedores escogen para ofrecer sus productos.<\/p>\n<p>As\u00ed como en otros a\u00f1os, en esta ocasi\u00f3n se han tramitado permisos para colocar sus mercanc\u00edas sobre la\u00a0<strong>avenida Tulum, en el parque de Las Palapas<\/strong>, as\u00ed como en la avenida Chich\u00e9n Itz\u00e1 y en segmentos de las avenidas L\u00f3pez Portillo y Kabah, entre otros puntos.<\/p>\n<div id=\"div-gpt-ad-inread-3-612999b4a97325001457fb71\" data-name=\"inread\" data-size=\"[[336,250], [300,250]]\" data-google-query-id=\"CIKdi5Xk0vICFQIlhwodzhwLrA\">\n<div id=\"google_ads_iframe_\/4334274\/inread_2__container__\">Para tramitar un permiso temporal para las fiestas patrias para ventas semifijas y ambulantes, los interesados deber\u00e1n presentarse ante la Direcci\u00f3n de Comercio en la V\u00eda P\u00fablica y presentar informaci\u00f3n, como la ubicaci\u00f3n donde prev\u00e9n instalarse y el nombre de la persona a cargo del permiso y su domicilio.<\/div>\n<\/div>\n<p>Tambi\u00e9n se debe pagar una\u00a0<strong>cuota que va de 300 a 800 pesos<\/strong>, de acuerdo con el tama\u00f1o y la ubicaci\u00f3n del puesto\u00a0 y el tipo de mercanc\u00edas que se van a ofrecer al p\u00fablico.<\/p>\n<p>&#8220;Ya nosotros hacemos el an\u00e1lisis de d\u00f3nde ser\u00eda conveniente y d\u00f3nde no y, en caso de ser necesario, hacer las recomendaciones pertinentes y otorgar el permiso&#8221;, agreg\u00f3 el funcionario.<\/p>\n","protected":false},"excerpt":{"rendered":"<p>Las fiestas patrias en Canc\u00fan podr\u00eda ser un festejo sin mucho color: Muy pocos\u00a0permisos de&#8230;<\/p>\n","protected":false},"author":1,"featured_media":4002,"comment_status":"closed","ping_status":"closed","sticky":false,"template":"","format":"standard","meta":{"footnotes":""},"categories":[2],"tags":[],"class_list":["post-4001","post","type-post","status-publish","format-standard","has-post-thumbnail","hentry","category-local"],"_links":{"self":[{"href":"https:\/\/xn--huracnpolmicocancnquintanaroo-knc6wmu.com\/index.php?rest_route=\/wp\/v2\/posts\/4001","targetHints":{"allow":["GET"]}}],"collection":[{"href":"https:\/\/xn--huracnpolmicocancnquintanaroo-knc6wmu.com\/index.php?rest_route=\/wp\/v2\/posts"}],"about":[{"href":"https:\/\/xn--huracnpolmicocancnquintanaroo-knc6wmu.com\/index.php?rest_route=\/wp\/v2\/types\/post"}],"author":[{"embeddable":true,"href":"https:\/\/xn--huracnpolmicocancnquintanaroo-knc6wmu.com\/index.php?rest_route=\/wp\/v2\/users\/1"}],"replies":[{"embeddable":true,"href":"https:\/\/xn--huracnpolmicocancnquintanaroo-knc6wmu.com\/index.php?rest_route=%2Fwp%2Fv2%2Fcomments&post=4001"}],"version-history":[{"count":1,"href":"https:\/\/xn--huracnpolmicocancnquintanaroo-knc6wmu.com\/index.php?rest_route=\/wp\/v2\/posts\/4001\/revisions"}],"predecessor-version":[{"id":4003,"href":"https:\/\/xn--huracnpolmicocancnquintanaroo-knc6wmu.com\/index.php?rest_route=\/wp\/v2\/posts\/4001\/revisions\/4003"}],"wp:featuredmedia":[{"embeddable":true,"href":"https:\/\/xn--huracnpolmicocancnquintanaroo-knc6wmu.com\/index.php?rest_route=\/wp\/v2\/media\/4002"}],"wp:attachment":[{"href":"https:\/\/xn--huracnpolmicocancnquintanaroo-knc6wmu.com\/index.php?rest_route=%2Fwp%2Fv2%2Fmedia&parent=4001"}],"wp:term":[{"taxonomy":"category","embeddable":true,"href":"https:\/\/xn--huracnpolmicocancnquintanaroo-knc6wmu.com\/index.php?rest_route=%2Fwp%2Fv2%2Fcategories&post=4001"},{"taxonomy":"post_tag","embeddable":true,"href":"https:\/\/xn--huracnpolmicocancnquintanaroo-knc6wmu.com\/index.php?rest_route=%2Fwp%2Fv2%2Ftags&post=4001"}],"curies":[{"name":"wp","href":"https:\/\/api.w.org\/{rel}","templated":true}]}}