{"id":4007,"date":"2021-08-31T11:05:43","date_gmt":"2021-08-31T11:05:43","guid":{"rendered":"https:\/\/xn--huracnpolmicocancnquintanaroo-knc6wmu.com\/?p=4007"},"modified":"2021-08-31T04:36:45","modified_gmt":"2021-08-31T04:36:45","slug":"roban-20-motos-a-clubes-de-motociclistas","status":"publish","type":"post","link":"https:\/\/xn--huracnpolmicocancnquintanaroo-knc6wmu.com\/?p=4007","title":{"rendered":"Roban 20 motos a clubes de motociclistas"},"content":{"rendered":"<p>En lo que va del a\u00f1o,\u00a0<strong>al menos 20 motocicletas de miembros de la organizaci\u00f3n Motociclistas Unidos de Quintana Roo, han sido robadas,<\/strong>\u00a0denunci\u00f3 el biker Adolfo Garc\u00eda, ante lo cual han exigido una mesa de trabajo con la Fiscal\u00eda General del Estado que permanece vigente.<\/p>\n<p>Recientemente, un grupo de motociclistas se manifest\u00f3 a las afueras de la vicefiscal\u00eda del Estado en Canc\u00fan para<strong>\u00a0pedir un alto al robo de motocicletas<\/strong>, as\u00ed como acciones de parte de la autoridad para frenar el problema.<\/p>\n<p>Personal de la Fiscal\u00eda los atendi\u00f3 y pactaron una mesa de trabajo.<\/p>\n<blockquote><p>\u201cCuando hicimos la manifestaci\u00f3n pac\u00edfica llevamos un pliego petitorio. Dentro del pliego se ped\u00eda m\u00e1s apoyo. La Fiscal\u00eda nos atendi\u00f3 muy bien y abri\u00f3 un canal exclusivo para ver lo de robos de motos\u201d, dijo Garc\u00eda.<\/p><\/blockquote>\n<p>Hasta ahora han tenido cuatro mesas de di\u00e1logo con la Fiscal\u00eda, de acuerdo con Garc\u00eda, d<strong>onde se han coordinado para avanzar en el tema de la disminuci\u00f3n de robo de motocicletas.<\/strong><\/p>\n<p>Los motociclistas se han reunido con regidores y con diputados locales a quienes les han expuesto sus inquietudes y problemas.<\/p>\n<h3>Roban 20 motos a clubes de motociclistas<\/h3>\n<p>Por otro lado, Garc\u00eda asegur\u00f3 que los motociclistas est\u00e1n pidiendo agravar la sanci\u00f3n en el caso de robo.<\/p>\n<blockquote><p>\u201cEs que no est\u00e1 tan penado como el robo a un veh\u00edculo. Queremos que se equipare, que se considere como robo a carro, con c\u00e1rcel de seis a ocho a\u00f1os\u201d, coment\u00f3.<\/p><\/blockquote>\n<p>Garc\u00eda hizo un llamado a los motociclistas del estado a denunciar en caso de que sean v\u00edctimas de robo, para no tener cifras negras y para que la autoridad pueda darle seguimiento.<\/p>\n<blockquote><p>\u201cTenemos que fomentar entre nosotros la cultura de la denuncia\u201d, reconoci\u00f3.<\/p><\/blockquote>\n<p>Por otro lado, inform\u00f3 que el pr\u00f3ximo 18 de octubre realizar\u00e1n una \u201crodada por la paz\u201d en Canc\u00fan.<\/p>\n<blockquote><p>\u201cVamos a hacer una campa\u00f1a para fomentar el uso del casco\u201d, adelant\u00f3.<\/p><\/blockquote>\n<p>De acuerdo con los datos del Secretariado Ejecutivo del Sistema Nacional de Seguridad P\u00fablica, en la entidad se han abierto de enero a julio 717 carpetas de investigaci\u00f3n por robo de motocicletas, 29 de los cuales se han llevado a cabo con violencia.<\/p>\n","protected":false},"excerpt":{"rendered":"<p>En lo que va del a\u00f1o,\u00a0al menos 20 motocicletas de miembros de la organizaci\u00f3n Motociclistas&#8230;<\/p>\n","protected":false},"author":1,"featured_media":4008,"comment_status":"closed","ping_status":"closed","sticky":false,"template":"","format":"standard","meta":{"footnotes":""},"categories":[2],"tags":[],"class_list":["post-4007","post","type-post","status-publish","format-standard","has-post-thumbnail","hentry","category-local"],"_links":{"self":[{"href":"https:\/\/xn--huracnpolmicocancnquintanaroo-knc6wmu.com\/index.php?rest_route=\/wp\/v2\/posts\/4007","targetHints":{"allow":["GET"]}}],"collection":[{"href":"https:\/\/xn--huracnpolmicocancnquintanaroo-knc6wmu.com\/index.php?rest_route=\/wp\/v2\/posts"}],"about":[{"href":"https:\/\/xn--huracnpolmicocancnquintanaroo-knc6wmu.com\/index.php?rest_route=\/wp\/v2\/types\/post"}],"author":[{"embeddable":true,"href":"https:\/\/xn--huracnpolmicocancnquintanaroo-knc6wmu.com\/index.php?rest_route=\/wp\/v2\/users\/1"}],"replies":[{"embeddable":true,"href":"https:\/\/xn--huracnpolmicocancnquintanaroo-knc6wmu.com\/index.php?rest_route=%2Fwp%2Fv2%2Fcomments&post=4007"}],"version-history":[{"count":1,"href":"https:\/\/xn--huracnpolmicocancnquintanaroo-knc6wmu.com\/index.php?rest_route=\/wp\/v2\/posts\/4007\/revisions"}],"predecessor-version":[{"id":4009,"href":"https:\/\/xn--huracnpolmicocancnquintanaroo-knc6wmu.com\/index.php?rest_route=\/wp\/v2\/posts\/4007\/revisions\/4009"}],"wp:featuredmedia":[{"embeddable":true,"href":"https:\/\/xn--huracnpolmicocancnquintanaroo-knc6wmu.com\/index.php?rest_route=\/wp\/v2\/media\/4008"}],"wp:attachment":[{"href":"https:\/\/xn--huracnpolmicocancnquintanaroo-knc6wmu.com\/index.php?rest_route=%2Fwp%2Fv2%2Fmedia&parent=4007"}],"wp:term":[{"taxonomy":"category","embeddable":true,"href":"https:\/\/xn--huracnpolmicocancnquintanaroo-knc6wmu.com\/index.php?rest_route=%2Fwp%2Fv2%2Fcategories&post=4007"},{"taxonomy":"post_tag","embeddable":true,"href":"https:\/\/xn--huracnpolmicocancnquintanaroo-knc6wmu.com\/index.php?rest_route=%2Fwp%2Fv2%2Ftags&post=4007"}],"curies":[{"name":"wp","href":"https:\/\/api.w.org\/{rel}","templated":true}]}}