{"id":6243,"date":"2022-03-26T14:59:58","date_gmt":"2022-03-26T19:59:58","guid":{"rendered":"https:\/\/xn--huracnpolmicocancnquintanaroo-knc6wmu.com\/?p=6243"},"modified":"2022-03-26T19:59:59","modified_gmt":"2022-03-26T19:59:59","slug":"elecciones-2022-quienes-se-disputaran-la-gubernatura-de-quintana-roo","status":"publish","type":"post","link":"https:\/\/xn--huracnpolmicocancnquintanaroo-knc6wmu.com\/?p=6243","title":{"rendered":"Elecciones 2022: \u00bfQui\u00e9nes se disputar\u00e1n la gubernatura de Quintana Roo?"},"content":{"rendered":"<div class=\"row\">\n<div class=\"col-sm-xl-12 layout-section wrap-bottom\">\n<h4 class=\"primary-font__PrimaryFontStyles-o56yd5-0 fOYBRX h4-primary sub-headline\" style=\"text-align: center;\">Mara Lezama, abanderada de Morena, parte con ventaja de acuerdo con la \u00faltima encuesta de El Financiero.<\/h4>\n<\/div>\n<\/div>\n<div class=\"row\">\n<div class=\"col-sm-md-12 col-lg-xl-8 left-article-section ie-flex-100-percent-sm layout-section\">\n<p class=\"default__StyledText-xb1qmn-0 kYamVn body-paragraph\">A d\u00edas de que inicien las campa\u00f1as para elegir gobernador en Quintana Roo el pr\u00f3ximo 5 de junio, los candidatos de los diversos partidos pol\u00edticos afinan sus estrategias para suplir en el cargo al perredista\u00a0<b>Carlos Joaqu\u00edn Gonz\u00e1lez.<\/b><\/p>\n<p class=\"default__StyledText-xb1qmn-0 kYamVn body-paragraph\"><b>Tres mujeres y dos hombres se disputar\u00e1n el cargo<\/b>: Laura Fern\u00e1ndez Pi\u00f1a, diputada federal con licencia; Mar\u00eda Elena Hermelinda Lezama Espinosa, presidente municipal con licencia de Canc\u00fan; Leslie Hendricks Rubio, exdiputada local; Nivardo Mena, ex alcalde de L\u00e1zaro C\u00e1rdenas; y Jos\u00e9 Luis Pech V\u00e1rguez, senador con licencia.<\/p>\n<p class=\"default__StyledText-xb1qmn-0 kYamVn body-paragraph\">De acuerdo con la encuesta m\u00e1s reciente de El Financiero, la candidata de la coalici\u00f3n PAN-PRD-Confianza Por Quintana Roo, Laura Fern\u00e1ndez Pi\u00f1a cuenta con el 22 por ciento de las preferencias, lo que la coloca a 13 puntos porcentuales de la contendiente de Morena, Mara Lezama.<\/p>\n<article class=\"container-fluid inline-promo border border_solid border_top color_black_1\">\n<div class=\"inline-promo-wrapper inline-promo-image\">\n<p class=\"default__StyledText-xb1qmn-0 kYamVn body-paragraph\">A continuaci\u00f3n, te presentamos los perfiles de las y los candidatos a la gubernatura de Quintana Roo:<\/p>\n<h2 class=\"heading__StyledHeading-sc-5jxglz-0 jdeyiC\">Laura Fern\u00e1ndez<\/h2>\n<p class=\"default__StyledText-xb1qmn-0 kYamVn body-paragraph\">Originaria de Torre\u00f3n, Coahuila, tiene 50 a\u00f1os de edad y estudi\u00f3 Mercadotecnia en Guadalajara, Jalisco.<\/p>\n<p class=\"default__StyledText-xb1qmn-0 kYamVn body-paragraph\"><b>Es la candidata con mayor trayectoria pol\u00edtica<\/b>, ya que en 1999 ocup\u00f3 la direcci\u00f3n municipal de Turismo de Canc\u00fan y posteriormente tambi\u00e9n fue delegada del Instituto Quintanarroense de la Mujer. En 2005 fue secretaria t\u00e9cnica de gabinete del Ayuntamiento de Canc\u00fan y fue electa diputada por el PVEM en el X Distrito, y presidi\u00f3 la Comisi\u00f3n de Hacienda y Cuenta P\u00fablica.<\/p>\n<p class=\"default__StyledText-xb1qmn-0 kYamVn body-paragraph\">En 2018 se postul\u00f3 como candidata a la alcald\u00eda de Puerto Morelos, en donde fue reelecta en 2021, aunque en 2022 renunci\u00f3 al Partido Verde para postularse como candidata a la gubernatura de Quintana Roo por<b>\u00a0la alianza PAN-PRD.<\/b><\/p>\n<p class=\"default__StyledText-xb1qmn-0 kYamVn body-paragraph\">Fern\u00e1ndez lleg\u00f3 a ser elegida presidenta de la Conferencia Nacional de Municipios de M\u00e9xico (Conamm), el mayor organismo plural en Am\u00e9rica Latina, que agrupa a todos los ayuntamientos del pa\u00eds. Tambi\u00e9n fue representante de<b>\u00a0los municipios tur\u00edsticos de M\u00e9xico<\/b>\u00a0y como tal tuvo una activa participaci\u00f3n en el dise\u00f1o de la estrategia nacional para la recuperaci\u00f3n del turismo en medio de la pandemia.<\/p>\n<h2 class=\"heading__StyledHeading-sc-5jxglz-0 jdeyiC\">Mara Lezama<\/h2>\n<p class=\"default__StyledText-xb1qmn-0 kYamVn body-paragraph\">Tiene 52 a\u00f1os de edad, es originaria de la Ciudad de M\u00e9xico y comunic\u00f3loga de profesi\u00f3n y se dio a conocer en Canc\u00fan a trav\u00e9s de un programa radiof\u00f3nico de ayuda social.<\/p>\n<p class=\"default__StyledText-xb1qmn-0 kYamVn body-paragraph\">Mara ha destacado en Canc\u00fan como presentadora, periodista y directora de los principales medios de comunicaci\u00f3n de Quintana Roo.<\/p>\n<p class=\"default__StyledText-xb1qmn-0 kYamVn body-paragraph\">Gracias a la labor de\u00a0<b>sus programas de radio y de televisi\u00f3n<\/b>, destac\u00f3 por escuchar a quienes necesitaban apoyo y realizar todo tipo de gestiones para ayudarlos a resolver sus problemas en el estado.<\/p>\n<p class=\"default__StyledText-xb1qmn-0 kYamVn body-paragraph\">Fue candidata a la alcald\u00eda del destino en 2018 por Morena y se reeligi\u00f3 en 2021 por este mismo partido. Actualmente es candidata a la gubernatura por la alianza Morena-Verde-PT.<\/p>\n<h2 class=\"heading__StyledHeading-sc-5jxglz-0 jdeyiC\">Leslie Hendricks<\/h2>\n<p class=\"default__StyledText-xb1qmn-0 kYamVn body-paragraph\">Tiene 43 a\u00f1os y\u00a0<b>es hija del exgobernador de Quintana Roo, Joaqu\u00edn Hendricks.<\/b>\u00a0Milita en el PRI desde el a\u00f1o 1996 y desde marzo de 2020 asumi\u00f3 la dirigencia estatal del Organismo de Mujeres (Ompri).<\/p>\n<p class=\"default__StyledText-xb1qmn-0 kYamVn body-paragraph\">Es abogada de profesi\u00f3n por la Universidad del Pedregal en la Ciudad de M\u00e9xico; posteriormente estudi\u00f3 una Maestr\u00eda en Derecho Empresarial por la Universidad del Mayab, M\u00e9rida, Yucat\u00e1n.<\/p>\n<p class=\"default__StyledText-xb1qmn-0 kYamVn body-paragraph\">Fue rectora de la Universidad Tecnol\u00f3gica de Canc\u00fan en 2014 y, posteriormente, fue diputada local de 2016 a 2019 y ahora es candidata del PRI a la gubernatura del estado.<\/p>\n<p class=\"default__StyledText-xb1qmn-0 kYamVn body-paragraph\">Fue directora del Patronato del DIF estatal durante la gesti\u00f3n de su padre, quien actualmente es<b>\u00a0uno de sus asesores de campa\u00f1a<\/b>\u00a0junto con algunos ex gobernadores estatales.<\/p>\n<p class=\"default__StyledText-xb1qmn-0 kYamVn body-paragraph\">Ha destacado por su participaci\u00f3n y apoyo en la Conferencia Permanente de Congresos Locales y como vicepresidenta de Violencia de G\u00e9nero y presidenta del Patronato de Centros de Integraci\u00f3n Juvenil (CIJ), Asociaci\u00f3n Mexicana de Mujeres Empresarias.<\/p>\n<h2 class=\"heading__StyledHeading-sc-5jxglz-0 jdeyiC\">Nivardo Mena<\/h2>\n<p class=\"default__StyledText-xb1qmn-0 kYamVn body-paragraph\">Tiene 54 a\u00f1os y es originario de Holbox, L\u00e1zaro C\u00e1rdenas. Es empresario de esa isla caribe\u00f1a, ya que es propietario de una l\u00ednea de transporte mar\u00edtimo, aunado a que fue capit\u00e1n de puerto de ese mismo lugar.<\/p>\n<p class=\"default__StyledText-xb1qmn-0 kYamVn body-paragraph\">Entre los puestos pol\u00edticos que ha ocupado se encuentra el de regidor por el Partido del Trabajo y despu\u00e9s result\u00f3 electo alcalde de su municipio por la misma fracci\u00f3n.<\/p>\n<p class=\"default__StyledText-xb1qmn-0 kYamVn body-paragraph\">En 2022, se uni\u00f3 al Partido Aut\u00e9ntico Social para ser su candidato a la gubernatura del estado.<\/p>\n<h2 class=\"heading__StyledHeading-sc-5jxglz-0 jdeyiC\">Jos\u00e9 Luis Pech<\/h2>\n<p class=\"default__StyledText-xb1qmn-0 kYamVn body-paragraph\">Tiene 68 a\u00f1os y es originario de M\u00e9rida, Yucat\u00e1n. Ingeniero industrial, el hoy abanderado de Movimiento Ciudadano fue militante de Morena. Desde el 1 de septiembre de 2018 es senador del Congreso de la Uni\u00f3n en la LXIV legislatura en representaci\u00f3n del estado de Quintana Roo y pidi\u00f3 licencia por tiempo indefinido a partir del 5 de marzo para contender por la candidatura.<\/p>\n<p class=\"default__StyledText-xb1qmn-0 kYamVn body-paragraph\">En 1991, durante la gubernatura de Miguel Borge Mart\u00edn ocup\u00f3 el cargo de Secretario T\u00e9cnico de Gabinete, al igual que durante la administraci\u00f3n de Joaqu\u00edn Hendricks D\u00edaz, en el 2000.<\/p>\n<p class=\"default__StyledText-xb1qmn-0 kYamVn body-paragraph\">Tambi\u00e9n fue secretario de Hacienda y Educaci\u00f3n estatal, adem\u00e1s de rector de la Universidad de Quintana Roo en 2005. Adem\u00e1s, en 2016 fue candidato a la gubernatura del estado por Morena, quedando en tercer lugar.<\/p>\n<\/div>\n<\/article>\n<\/div>\n<\/div>\n","protected":false},"excerpt":{"rendered":"<p>Mara Lezama, abanderada de Morena, parte con ventaja de acuerdo con la \u00faltima encuesta de&#8230;<\/p>\n","protected":false},"author":1,"featured_media":6245,"comment_status":"open","ping_status":"closed","sticky":false,"template":"","format":"standard","meta":{"footnotes":""},"categories":[2,15,37],"tags":[],"class_list":["post-6243","post","type-post","status-publish","format-standard","has-post-thumbnail","hentry","category-local","category-politica","category-quintana-roo"],"_links":{"self":[{"href":"https:\/\/xn--huracnpolmicocancnquintanaroo-knc6wmu.com\/index.php?rest_route=\/wp\/v2\/posts\/6243","targetHints":{"allow":["GET"]}}],"collection":[{"href":"https:\/\/xn--huracnpolmicocancnquintanaroo-knc6wmu.com\/index.php?rest_route=\/wp\/v2\/posts"}],"about":[{"href":"https:\/\/xn--huracnpolmicocancnquintanaroo-knc6wmu.com\/index.php?rest_route=\/wp\/v2\/types\/post"}],"author":[{"embeddable":true,"href":"https:\/\/xn--huracnpolmicocancnquintanaroo-knc6wmu.com\/index.php?rest_route=\/wp\/v2\/users\/1"}],"replies":[{"embeddable":true,"href":"https:\/\/xn--huracnpolmicocancnquintanaroo-knc6wmu.com\/index.php?rest_route=%2Fwp%2Fv2%2Fcomments&post=6243"}],"version-history":[{"count":1,"href":"https:\/\/xn--huracnpolmicocancnquintanaroo-knc6wmu.com\/index.php?rest_route=\/wp\/v2\/posts\/6243\/revisions"}],"predecessor-version":[{"id":6244,"href":"https:\/\/xn--huracnpolmicocancnquintanaroo-knc6wmu.com\/index.php?rest_route=\/wp\/v2\/posts\/6243\/revisions\/6244"}],"wp:featuredmedia":[{"embeddable":true,"href":"https:\/\/xn--huracnpolmicocancnquintanaroo-knc6wmu.com\/index.php?rest_route=\/wp\/v2\/media\/6245"}],"wp:attachment":[{"href":"https:\/\/xn--huracnpolmicocancnquintanaroo-knc6wmu.com\/index.php?rest_route=%2Fwp%2Fv2%2Fmedia&parent=6243"}],"wp:term":[{"taxonomy":"category","embeddable":true,"href":"https:\/\/xn--huracnpolmicocancnquintanaroo-knc6wmu.com\/index.php?rest_route=%2Fwp%2Fv2%2Fcategories&post=6243"},{"taxonomy":"post_tag","embeddable":true,"href":"https:\/\/xn--huracnpolmicocancnquintanaroo-knc6wmu.com\/index.php?rest_route=%2Fwp%2Fv2%2Ftags&post=6243"}],"curies":[{"name":"wp","href":"https:\/\/api.w.org\/{rel}","templated":true}]}}