{"id":6261,"date":"2022-03-27T16:28:45","date_gmt":"2022-03-27T21:28:45","guid":{"rendered":"https:\/\/xn--huracnpolmicocancnquintanaroo-knc6wmu.com\/?p=6261"},"modified":"2022-03-31T21:30:00","modified_gmt":"2022-03-31T21:30:00","slug":"prepelic-se-rompe-en-murcia","status":"publish","type":"post","link":"https:\/\/xn--huracnpolmicocancnquintanaroo-knc6wmu.com\/?p=6261","title":{"rendered":"Prepelic se rompe en Murcia"},"content":{"rendered":"<div class=\"voc-article-container\">\n<article class=\"voc-article voc-article--detail voc-article--detail--base voc-article--photo-bottom\">\n<div class=\"voc-info-container\">\n<h4 class=\"voc-sub-title\" style=\"text-align: center;\">El esloveno dice adi\u00f3s a la temporada por una doble fractura en el brazo izquierdo | El Valencia Basket, consternado por la grave lesi\u00f3n del escolta, logra atar el triunfo en Murcia y depende de s\u00ed mismo para ser cabeza de serie<\/h4>\n<\/div>\n<\/article>\n<\/div>\n<div class=\"voc-detail\" data-voc-share-selection=\"\">\n<div class=\"voc-author-timesocial \">\n<div class=\"voc-author-timesocial__signature\">\n<p class=\"voc-paragraph\">El partido f\u00edsico e intenso en el Palacio de los Deportes entre el UCAM Murcia y el Valencia Basket pas\u00f3 a tener ning\u00fan inter\u00e9s a 58 segundos del final. Prepelic, tras recibir un tap\u00f3n de Lima, cay\u00f3 de frente aterrizando el peso de su cuerpo sobre el brazo izquierdo. Sus gritos de dolor encendieron la alarma desde el primer instante. Los gestos de sus compa\u00f1eros, entre el desespero y la consternaci\u00f3n, certificaron la gravedad. El esloveno recibi\u00f3 una primera exploraci\u00f3n en la enfermer\u00eda del pabell\u00f3n que ya diagnostic\u00f3, a falta de las pruebas radiol\u00f3gicas, una doble fractura en el radio y el c\u00fabito del antebrazo izquierdo. El jugador fue trasladado en ambulancia, en compa\u00f1\u00eda del fisio del primer equipo Paco Pedregosa a un centro hospitalario cercano donde se confirm\u00f3 el peor de los escenarios. Tras su doble fractura, dice adi\u00f3s a la temporada y ser\u00e1 operado en Valencia.<\/p>\n<p class=\"voc-paragraph\">La grave lesi\u00f3n impact\u00f3 a todo el Palacio de los Deportes y, especialmente, a sus compa\u00f1eros que no pudieron levantar ninguno de ellos la cabeza pese a haber conseguido la victoria en el camino a vestuarios. Pe\u00f1arroya, consternado, fue incapaz de contestar preguntas en la rueda de prensa posterior: \u00abTengo pocas ganas de valorar el partido y cuando pasan cosas como la de Klemen ganar o perder es lo de menos\u00bb. Unos minutos despu\u00e9s de que saliera la ambulancia que traslad\u00f3 al esloveno al hospital, el autob\u00fas oficial del Valencia Basket comenz\u00f3 su camino de regreso sin un jugador que, una vez pas\u00f3 las pruebas m\u00e9dicas, se pronunci\u00f3 a trav\u00e9s de su cuenta de Twitter: \u00ab\u00a1Gracias por todos los mensajes de apoyo! Empieza la cuenta atr\u00e1s! Volver\u00e9 m\u00e1s fuerte! #familiataronja\u00bb.<\/p>\n<p class=\"voc-paragraph\">La grave noticia, que se produjo sobre las dos y cuarto de la tarde, lleg\u00f3 hasta la Fonteta donde dos horas despu\u00e9s comenz\u00f3 la final de la Copa de la Reina, donde estaba como anfitri\u00f3n taronja Enric Carbonell, director general del club, junto a Jorge Garbajosa, presidente de la FEB. La baja de Prepelic deja a Pe\u00f1arroya con la posici\u00f3n de base\/escolta hasta el regreso de Van Rossom y Dimitrijevic s\u00f3lo con Hermannsson y Ferrando. Un drama en una semana de tres partidos (con viaja a Eslovenia y dos partidos clave en la lucha por ser cabeza de serie en el playoff frente al Tenerife y el Unicaja). La hoja de ruta esta temporada, tanto en el equipo femenino como en el masculino, es el de no fichar por lesiones aunque sean de larga duraci\u00f3n. En este caso el drama es mayor puesto que en la Eurocup, el gran objetivo de la temporada, ya no se puede inscribir a nadie.<\/p>\n<p class=\"voc-paragraph\">\u00bfEl partido? Se lo llev\u00f3 el Valencia Basket en un final de infarto. Tras la lesi\u00f3n de Prepelic (69-70), Hermannsson logr\u00f3 anotar tras un rebote en ataque de Ar\u00f3stegui (69-72). Lima contest\u00f3 con un mate (71-72), Pradilla fall\u00f3 a falta se seis segundos, Taylor cogi\u00f3 el rebote&#8230; pero su triple lejano no lleg\u00f3 a destino. El triunfo permite a los taronja depender de s\u00ed mismo para ser cabeza de serie en la ACB.<\/p>\n<p class=\"voc-paragraph\">Para acabar con el gafe murciano este curso, los valencianos saltaron intensos desde el arranque del partido. El mejor ejemplo lleg\u00f3 en la \u00faltima jugada de la primera parte. Con tres d\u00e9cimas para una \u00faltima acci\u00f3n ofensiva, Rivero emergi\u00f3 entre un mar de brazos murcianos para tocar el bal\u00f3n y embocarlo (27-38 y m\u00e1xima renta). En el tercer cuarto, el UCAM apret\u00f3 para llegar a empatar 44-44 y Prepelic, que fue el mejor de los suyos con 19 puntos, se invent\u00f3 un 0-6 para dar un respiro (44-50). La tendencia se estir\u00f3 hasta el final del tercer cuarto (49-60). En el \u00faltimo, el Murcia lleg\u00f3 a empatar (65-65) pero nunca culmin\u00f3 la remontada ante un Valencia Basket que supo sufrir para ganar.<\/p>\n<\/div>\n<\/div>\n<\/div>\n","protected":false},"excerpt":{"rendered":"<p>El esloveno dice adi\u00f3s a la temporada por una doble fractura en el brazo izquierdo&#8230;<\/p>\n","protected":false},"author":1,"featured_media":6263,"comment_status":"open","ping_status":"closed","sticky":false,"template":"","format":"standard","meta":{"footnotes":""},"categories":[6,9,11],"tags":[],"class_list":["post-6261","post","type-post","status-publish","format-standard","has-post-thumbnail","hentry","category-deportes","category-espectaculos","category-internacional"],"_links":{"self":[{"href":"https:\/\/xn--huracnpolmicocancnquintanaroo-knc6wmu.com\/index.php?rest_route=\/wp\/v2\/posts\/6261","targetHints":{"allow":["GET"]}}],"collection":[{"href":"https:\/\/xn--huracnpolmicocancnquintanaroo-knc6wmu.com\/index.php?rest_route=\/wp\/v2\/posts"}],"about":[{"href":"https:\/\/xn--huracnpolmicocancnquintanaroo-knc6wmu.com\/index.php?rest_route=\/wp\/v2\/types\/post"}],"author":[{"embeddable":true,"href":"https:\/\/xn--huracnpolmicocancnquintanaroo-knc6wmu.com\/index.php?rest_route=\/wp\/v2\/users\/1"}],"replies":[{"embeddable":true,"href":"https:\/\/xn--huracnpolmicocancnquintanaroo-knc6wmu.com\/index.php?rest_route=%2Fwp%2Fv2%2Fcomments&post=6261"}],"version-history":[{"count":1,"href":"https:\/\/xn--huracnpolmicocancnquintanaroo-knc6wmu.com\/index.php?rest_route=\/wp\/v2\/posts\/6261\/revisions"}],"predecessor-version":[{"id":6262,"href":"https:\/\/xn--huracnpolmicocancnquintanaroo-knc6wmu.com\/index.php?rest_route=\/wp\/v2\/posts\/6261\/revisions\/6262"}],"wp:featuredmedia":[{"embeddable":true,"href":"https:\/\/xn--huracnpolmicocancnquintanaroo-knc6wmu.com\/index.php?rest_route=\/wp\/v2\/media\/6263"}],"wp:attachment":[{"href":"https:\/\/xn--huracnpolmicocancnquintanaroo-knc6wmu.com\/index.php?rest_route=%2Fwp%2Fv2%2Fmedia&parent=6261"}],"wp:term":[{"taxonomy":"category","embeddable":true,"href":"https:\/\/xn--huracnpolmicocancnquintanaroo-knc6wmu.com\/index.php?rest_route=%2Fwp%2Fv2%2Fcategories&post=6261"},{"taxonomy":"post_tag","embeddable":true,"href":"https:\/\/xn--huracnpolmicocancnquintanaroo-knc6wmu.com\/index.php?rest_route=%2Fwp%2Fv2%2Ftags&post=6261"}],"curies":[{"name":"wp","href":"https:\/\/api.w.org\/{rel}","templated":true}]}}