{"id":6267,"date":"2022-03-27T16:55:18","date_gmt":"2022-03-27T21:55:18","guid":{"rendered":"https:\/\/xn--huracnpolmicocancnquintanaroo-knc6wmu.com\/?p=6267"},"modified":"2022-03-31T22:53:45","modified_gmt":"2022-03-31T22:53:45","slug":"victoria-del-spd-en-el-sarre","status":"publish","type":"post","link":"https:\/\/xn--huracnpolmicocancnquintanaroo-knc6wmu.com\/?p=6267","title":{"rendered":"Victoria del SPD en el Sarre"},"content":{"rendered":"<div class=\"teaserContentWrap\">\n<p>El Partido Socialdem\u00f3crata de Alemania obtuvo una clara victoria en la regi\u00f3n del Sarre, en la primera prueba electoral desde que Olaf Scholz se convirtiera en canciller alem\u00e1n. La regi\u00f3n llevaba 22 a\u00f1os con gobiernos controlados por la CDU, el \u00faltimo en coalici\u00f3n con Anke Rehlinger, del propio SPD, ganadora de estos comicios. AfD obtuvo representaci\u00f3n, pero Los Verdes, no.<\/p>\n<p>El Partido Socialdem\u00f3crata de Alemania (SPD) obtuvo el domingo (27.03.2022) una clara victoria en la regi\u00f3n del Sarre, seg\u00fan los primeros sondeos a pie de urna, en la primera prueba electoral desde que Olaf Scholz se convirtiera en canciller alem\u00e1n.<\/p>\n<p>El partido del jefe de gobierno obtendr\u00eda el 43% de los votos, frente al 27,5% de los democristianos de la CDU, que llevan 22 a\u00f1os al frente de esta peque\u00f1a regi\u00f3n del oeste de Alemania, seg\u00fan una estimaci\u00f3n de Infratest Dimap para la cadena p\u00fablica ARD. Los socialdem\u00f3cratas obtendr\u00edan as\u00ed m\u00e1s de 13 puntos porcentuales m\u00e1s de votos que en las anteriores elecciones de 2017 en este &#8216;Land&#8217;.<\/p>\n<p>Los sondeos ratifican as\u00ed los pron\u00f3sticos de los \u00faltimos d\u00edas, que apuntaban a un hundimiento de la CDU del primer ministro de la regi\u00f3n, Tobias Hans, quien gobernaba en coalici\u00f3n con el SPD de Anke Rehlinger, la ganadora de la elecci\u00f3n. En lo que concierne a las restantes formaciones parlamentarias, los Verdes quedaron en un 6%, mientras que la ultraderechista Alternativa para Alemania (AfD) estar\u00eda en el 5,5%.<\/p>\n<p>Las regionales de estado federado, con apenas un mill\u00f3n de habitantes, abrieron el a\u00f1o electoral alem\u00e1n, en el que habr\u00e1 tambi\u00e9n regionales en mayo en Renania del Norte-Westfalia, la regi\u00f3n m\u00e1s poblada de Alemania. (afp\/efe)<\/p>\n<\/div>\n","protected":false},"excerpt":{"rendered":"<p>El Partido Socialdem\u00f3crata de Alemania obtuvo una clara victoria en la regi\u00f3n del Sarre, en&#8230;<\/p>\n","protected":false},"author":1,"featured_media":6269,"comment_status":"open","ping_status":"closed","sticky":false,"template":"","format":"standard","meta":{"footnotes":""},"categories":[9,11,15],"tags":[],"class_list":["post-6267","post","type-post","status-publish","format-standard","has-post-thumbnail","hentry","category-espectaculos","category-internacional","category-politica"],"_links":{"self":[{"href":"https:\/\/xn--huracnpolmicocancnquintanaroo-knc6wmu.com\/index.php?rest_route=\/wp\/v2\/posts\/6267","targetHints":{"allow":["GET"]}}],"collection":[{"href":"https:\/\/xn--huracnpolmicocancnquintanaroo-knc6wmu.com\/index.php?rest_route=\/wp\/v2\/posts"}],"about":[{"href":"https:\/\/xn--huracnpolmicocancnquintanaroo-knc6wmu.com\/index.php?rest_route=\/wp\/v2\/types\/post"}],"author":[{"embeddable":true,"href":"https:\/\/xn--huracnpolmicocancnquintanaroo-knc6wmu.com\/index.php?rest_route=\/wp\/v2\/users\/1"}],"replies":[{"embeddable":true,"href":"https:\/\/xn--huracnpolmicocancnquintanaroo-knc6wmu.com\/index.php?rest_route=%2Fwp%2Fv2%2Fcomments&post=6267"}],"version-history":[{"count":1,"href":"https:\/\/xn--huracnpolmicocancnquintanaroo-knc6wmu.com\/index.php?rest_route=\/wp\/v2\/posts\/6267\/revisions"}],"predecessor-version":[{"id":6268,"href":"https:\/\/xn--huracnpolmicocancnquintanaroo-knc6wmu.com\/index.php?rest_route=\/wp\/v2\/posts\/6267\/revisions\/6268"}],"wp:featuredmedia":[{"embeddable":true,"href":"https:\/\/xn--huracnpolmicocancnquintanaroo-knc6wmu.com\/index.php?rest_route=\/wp\/v2\/media\/6269"}],"wp:attachment":[{"href":"https:\/\/xn--huracnpolmicocancnquintanaroo-knc6wmu.com\/index.php?rest_route=%2Fwp%2Fv2%2Fmedia&parent=6267"}],"wp:term":[{"taxonomy":"category","embeddable":true,"href":"https:\/\/xn--huracnpolmicocancnquintanaroo-knc6wmu.com\/index.php?rest_route=%2Fwp%2Fv2%2Fcategories&post=6267"},{"taxonomy":"post_tag","embeddable":true,"href":"https:\/\/xn--huracnpolmicocancnquintanaroo-knc6wmu.com\/index.php?rest_route=%2Fwp%2Fv2%2Ftags&post=6267"}],"curies":[{"name":"wp","href":"https:\/\/api.w.org\/{rel}","templated":true}]}}