{"id":6273,"date":"2022-03-27T17:58:16","date_gmt":"2022-03-27T22:58:16","guid":{"rendered":"https:\/\/xn--huracnpolmicocancnquintanaroo-knc6wmu.com\/?p=6273"},"modified":"2022-03-31T23:00:06","modified_gmt":"2022-03-31T23:00:06","slug":"lider-separatista-de-lugansk-preve-un-referendum-sobre-anexion-a-rusia","status":"publish","type":"post","link":"https:\/\/xn--huracnpolmicocancnquintanaroo-knc6wmu.com\/?p=6273","title":{"rendered":"L\u00edder separatista de Lugansk prev\u00e9 un refer\u00e9ndum sobre anexi\u00f3n a Rusia"},"content":{"rendered":"<h4 style=\"text-align: center;\">El l\u00edder de la autoproclamada rep\u00fablica separatista de Lugansk, Leonid Pasechnik, dijo este domingo que en podr\u00eda celebrarse un refer\u00e9ndum sobre la integraci\u00f3n de este territorio prorruso a Rusia, seg\u00fan la agencia oficial de noticias TASS.<\/h4>\n<p>&#8220;Creo que en el futuro cercano se celebrar\u00e1 un refer\u00e9ndum en el territorio de la rep\u00fablica, en el que las personas ejercer\u00e1n su derecho constitucional absoluto y expresar\u00e1n su opini\u00f3n sobre si quieren unirse a la Federaci\u00f3n Rusa&#8221;, dijo a la prensa. &#8220;Por alguna raz\u00f3n estoy seguro de que eso es lo que exactamente suceder\u00e1&#8221;, a\u00f1adi\u00f3.<\/p>\n","protected":false},"excerpt":{"rendered":"<p>El l\u00edder de la autoproclamada rep\u00fablica separatista de Lugansk, Leonid Pasechnik, dijo este domingo que&#8230;<\/p>\n","protected":false},"author":1,"featured_media":6275,"comment_status":"open","ping_status":"closed","sticky":false,"template":"","format":"standard","meta":{"footnotes":""},"categories":[9,11,14,15],"tags":[],"class_list":["post-6273","post","type-post","status-publish","format-standard","has-post-thumbnail","hentry","category-espectaculos","category-internacional","category-policia","category-politica"],"_links":{"self":[{"href":"https:\/\/xn--huracnpolmicocancnquintanaroo-knc6wmu.com\/index.php?rest_route=\/wp\/v2\/posts\/6273","targetHints":{"allow":["GET"]}}],"collection":[{"href":"https:\/\/xn--huracnpolmicocancnquintanaroo-knc6wmu.com\/index.php?rest_route=\/wp\/v2\/posts"}],"about":[{"href":"https:\/\/xn--huracnpolmicocancnquintanaroo-knc6wmu.com\/index.php?rest_route=\/wp\/v2\/types\/post"}],"author":[{"embeddable":true,"href":"https:\/\/xn--huracnpolmicocancnquintanaroo-knc6wmu.com\/index.php?rest_route=\/wp\/v2\/users\/1"}],"replies":[{"embeddable":true,"href":"https:\/\/xn--huracnpolmicocancnquintanaroo-knc6wmu.com\/index.php?rest_route=%2Fwp%2Fv2%2Fcomments&post=6273"}],"version-history":[{"count":1,"href":"https:\/\/xn--huracnpolmicocancnquintanaroo-knc6wmu.com\/index.php?rest_route=\/wp\/v2\/posts\/6273\/revisions"}],"predecessor-version":[{"id":6274,"href":"https:\/\/xn--huracnpolmicocancnquintanaroo-knc6wmu.com\/index.php?rest_route=\/wp\/v2\/posts\/6273\/revisions\/6274"}],"wp:featuredmedia":[{"embeddable":true,"href":"https:\/\/xn--huracnpolmicocancnquintanaroo-knc6wmu.com\/index.php?rest_route=\/wp\/v2\/media\/6275"}],"wp:attachment":[{"href":"https:\/\/xn--huracnpolmicocancnquintanaroo-knc6wmu.com\/index.php?rest_route=%2Fwp%2Fv2%2Fmedia&parent=6273"}],"wp:term":[{"taxonomy":"category","embeddable":true,"href":"https:\/\/xn--huracnpolmicocancnquintanaroo-knc6wmu.com\/index.php?rest_route=%2Fwp%2Fv2%2Fcategories&post=6273"},{"taxonomy":"post_tag","embeddable":true,"href":"https:\/\/xn--huracnpolmicocancnquintanaroo-knc6wmu.com\/index.php?rest_route=%2Fwp%2Fv2%2Ftags&post=6273"}],"curies":[{"name":"wp","href":"https:\/\/api.w.org\/{rel}","templated":true}]}}