{"id":6291,"date":"2022-03-29T22:02:11","date_gmt":"2022-03-30T03:02:11","guid":{"rendered":"https:\/\/xn--huracnpolmicocancnquintanaroo-knc6wmu.com\/?p=6291"},"modified":"2022-04-01T03:03:32","modified_gmt":"2022-04-01T03:03:32","slug":"el-cicr-pide-mas-ayuda-internacional-para-reducir-la-presion-sobre-el-sistema-sanitario-de-afganistan","status":"publish","type":"post","link":"https:\/\/xn--huracnpolmicocancnquintanaroo-knc6wmu.com\/?p=6291","title":{"rendered":"El CICR pide m\u00e1s ayuda internacional para reducir la presi\u00f3n sobre el sistema sanitario de Afganist\u00e1n"},"content":{"rendered":"<div class=\"row\">\n<div class=\"col-sm-xl-12 layout-section wrap-bottom promo1\">\n<h4 class=\"primary-font__PrimaryFontStyles-o56yd5-0 VwxVu h4-primary sub-headline\" style=\"text-align: center;\">El Comit\u00e9 Internacional de la Cruz Roja (CICR) ha reclamado este jueves a la comunidad internacional que incremente su ayuda para reducir la presi\u00f3n sobre el sistema sanitario de Afganist\u00e1n, duramente golpeado por a\u00f1os de conflicto y el ahondamiento de la crisis humanitaria desde la toma del poder por parte de los talib\u00e1n en agosto de 2021.<\/h4>\n<p class=\"default__StyledText-xb1qmn-0 hGyCGD body-paragraph\">El Comit\u00e9 Internacional de la Cruz Roja (CICR) ha reclamado este jueves a la comunidad internacional que incremente su ayuda para reducir la presi\u00f3n sobre el sistema sanitario de Afganist\u00e1n, duramente golpeado por a\u00f1os de conflicto y el ahondamiento de la crisis humanitaria desde la toma del poder por parte de los talib\u00e1n en agosto de 2021.<\/p>\n<p class=\"default__StyledText-xb1qmn-0 hGyCGD body-paragraph\">\u00abNuestra prioridad sigue siendo apoyar el sistema de salud en Afganist\u00e1n, pero la comunidad internacional debe intensificar su ayuda, ya que las organizaciones humanitarias no pueden reemplazar de hecho un sector p\u00fablico en funcionamiento ni satisfacer en su totalidad las necesidades de la poblaci\u00f3n afgana\u00bb, ha dicho el presidente del organismo, Peter Maurer, a trav\u00e9s de un comunicado.<\/p>\n<p class=\"default__StyledText-xb1qmn-0 hGyCGD body-paragraph\">As\u00ed, ha explicado que \u00aba ra\u00edz de la elevada tasa de mortalidad materna en Afganist\u00e1n, los servicios de salud especializados en hospitales apoyados por el CICR, sobre todo en lo relativo a salud materna y atenci\u00f3n prenatal y neonatal, revisten una importancia a\u00fan mayor para embarazadas y reci\u00e9n nacidos\u00bb.<\/p>\n<p class=\"default__StyledText-xb1qmn-0 hGyCGD body-paragraph\">El CICR ha recordado que la crisis bancaria y de liquidez que atraviesa el pa\u00eds impide que el sistema sanitario cuente con una financiaci\u00f3n adecuada, por lo que el organismo puso en marcha en noviembre una iniciativa para dar apoyo econ\u00f3mico y t\u00e9cnico a 33 hospitales y a su personal para incrementar el acceso a la atenci\u00f3n sanitaria entre la poblaci\u00f3n afgana.<\/p>\n<article class=\"default__ArticleBody-xb1qmn-2 edxnhy article-body-wrapper\">\n<p class=\"default__StyledText-xb1qmn-0 hGyCGD body-paragraph\">En este contexto, el CICR ha pedido otros 53 millones de francos suizos (cerca de 51,4 millones de euros) para su respuesta en Afganist\u00e1n, lo que eleva el presupuesto total a unos 200 millones de francos suizos (alrededor de 194 millones de euros), con el objetivo de prolongar su apoyo a hospitales y personal hasta finales de a\u00f1o, con 750.000 consultas mensuales previstas.<\/p>\n<p class=\"default__StyledText-xb1qmn-0 hGyCGD body-paragraph\">El organismo ha explicado que ello permitir\u00eda adem\u00e1s ampliar la protecci\u00f3n y asistencia que brinda en lugares de detenci\u00f3n, mantener la atenci\u00f3n en siete instalaci\u00f3n de rehabilitaci\u00f3n en el pa\u00eds, apoyar los medios de subsistencia de hogares vulnerables, aumentar el acceso al agua potable y permitir que familiares separados retomen el contacto a trav\u00e9s de los esfuerzos del CICR.<\/p>\n<\/article>\n<div data-fusion-collection=\"features\" data-fusion-type=\"followus-button-metro\/default\"><\/div>\n<div id=\"arcad-feature-f0ftHxlBTCXMaDx-3d13a1517b019\" class=\"default__StyledAdUnit-sc-1qpte9h-0 jRrYNx arcad-feature\">\n<div class=\"arcad-container\">\n<div id=\"arcad_f0ftHxlBTCXMaDx-3d13a1517b019\" class=\"arcad ad-300x250\" data-google-query-id=\"CPrCkaHw8fYCFSH9KAUdfzMDng\"><\/div>\n<\/div>\n<\/div>\n<\/div>\n<\/div>\n<div class=\"row\">\n<article class=\"col-sm-md-12 col-lg-xl-8 left-article-section ie-flex-100-percent-sm layout-section main1\">\n<figure class=\"lead-art-wrapper\">\n<div><picture class=\"Image__StyledPicture-sc-8yioqf-0 dRTDJJ\"><source srcset=\"https:\/\/www.publimetro.com.mx\/resizer\/yU5mmbgajwFhWThdNT_7aLkWQYI=\/800x0\/filters:format(jpg):quality(70)\/cloudfront-us-east-1.images.arcpublishing.com\/metroworldnews\/4V3SGTURFFAGZBPZJHHT6RTO4Q.jpg\" media=\"screen and (min-width: 992px)\" \/><source srcset=\"https:\/\/www.publimetro.com.mx\/resizer\/yU5mmbgajwFhWThdNT_7aLkWQYI=\/800x0\/filters:format(jpg):quality(70)\/cloudfront-us-east-1.images.arcpublishing.com\/metroworldnews\/4V3SGTURFFAGZBPZJHHT6RTO4Q.jpg\" media=\"screen and (min-width: 768px)\" \/><source srcset=\"https:\/\/www.publimetro.com.mx\/resizer\/yU5mmbgajwFhWThdNT_7aLkWQYI=\/800x0\/filters:format(jpg):quality(70)\/cloudfront-us-east-1.images.arcpublishing.com\/metroworldnews\/4V3SGTURFFAGZBPZJHHT6RTO4Q.jpg\" media=\"screen and (min-width: 0px)\" \/><\/picture>\n<div id=\"standard_1\" class=\"st-placement standard_1 inImage\"><\/div>\n<\/div>\n<\/figure>\n<\/article>\n<\/div>\n","protected":false},"excerpt":{"rendered":"<p>El Comit\u00e9 Internacional de la Cruz Roja (CICR) ha reclamado este jueves a la comunidad&#8230;<\/p>\n","protected":false},"author":1,"featured_media":6293,"comment_status":"open","ping_status":"closed","sticky":false,"template":"","format":"standard","meta":{"footnotes":""},"categories":[9,11,15],"tags":[],"class_list":["post-6291","post","type-post","status-publish","format-standard","has-post-thumbnail","hentry","category-espectaculos","category-internacional","category-politica"],"_links":{"self":[{"href":"https:\/\/xn--huracnpolmicocancnquintanaroo-knc6wmu.com\/index.php?rest_route=\/wp\/v2\/posts\/6291","targetHints":{"allow":["GET"]}}],"collection":[{"href":"https:\/\/xn--huracnpolmicocancnquintanaroo-knc6wmu.com\/index.php?rest_route=\/wp\/v2\/posts"}],"about":[{"href":"https:\/\/xn--huracnpolmicocancnquintanaroo-knc6wmu.com\/index.php?rest_route=\/wp\/v2\/types\/post"}],"author":[{"embeddable":true,"href":"https:\/\/xn--huracnpolmicocancnquintanaroo-knc6wmu.com\/index.php?rest_route=\/wp\/v2\/users\/1"}],"replies":[{"embeddable":true,"href":"https:\/\/xn--huracnpolmicocancnquintanaroo-knc6wmu.com\/index.php?rest_route=%2Fwp%2Fv2%2Fcomments&post=6291"}],"version-history":[{"count":1,"href":"https:\/\/xn--huracnpolmicocancnquintanaroo-knc6wmu.com\/index.php?rest_route=\/wp\/v2\/posts\/6291\/revisions"}],"predecessor-version":[{"id":6292,"href":"https:\/\/xn--huracnpolmicocancnquintanaroo-knc6wmu.com\/index.php?rest_route=\/wp\/v2\/posts\/6291\/revisions\/6292"}],"wp:featuredmedia":[{"embeddable":true,"href":"https:\/\/xn--huracnpolmicocancnquintanaroo-knc6wmu.com\/index.php?rest_route=\/wp\/v2\/media\/6293"}],"wp:attachment":[{"href":"https:\/\/xn--huracnpolmicocancnquintanaroo-knc6wmu.com\/index.php?rest_route=%2Fwp%2Fv2%2Fmedia&parent=6291"}],"wp:term":[{"taxonomy":"category","embeddable":true,"href":"https:\/\/xn--huracnpolmicocancnquintanaroo-knc6wmu.com\/index.php?rest_route=%2Fwp%2Fv2%2Fcategories&post=6291"},{"taxonomy":"post_tag","embeddable":true,"href":"https:\/\/xn--huracnpolmicocancnquintanaroo-knc6wmu.com\/index.php?rest_route=%2Fwp%2Fv2%2Ftags&post=6291"}],"curies":[{"name":"wp","href":"https:\/\/api.w.org\/{rel}","templated":true}]}}