{"id":6572,"date":"2022-04-18T00:09:34","date_gmt":"2022-04-18T05:09:34","guid":{"rendered":"https:\/\/xn--huracnpolmicocancnquintanaroo-knc6wmu.com\/?p=6572"},"modified":"2022-04-18T05:09:36","modified_gmt":"2022-04-18T05:09:36","slug":"celebran-en-cdmx-dia-internacional-del-patinador","status":"publish","type":"post","link":"https:\/\/xn--huracnpolmicocancnquintanaroo-knc6wmu.com\/?p=6572","title":{"rendered":"Celebran en CDMX D\u00eda Internacional del Patinador"},"content":{"rendered":"<p class=\"teaser\">La jefa de Gobierno, Claudia Sheinbaum, destac\u00f3 en su cuenta de Twitter que cientos de personas participaron en el contingente encabezado por la brigada \u2018roller\u2019 de Ponte Pila<\/p>\n<div class=\"autoria-block row no-gutters\">\n<div class=\"col-12 col-md-6 d-flex align-items-center\">\n<p>Cientos de patinadores salieron a las calles este domingo para celebrar el D\u00eda Internacional del Patinador o Global Roller Day.<\/p>\n<p>El Instituto del Deporte de la\u00a0Ciudad de M\u00e9xico\u00a0(Indeporte) inform\u00f3 que cerca de mil \u201crollers\u201d salieron de varios puntos de la capital y llegaron al Estadio Azteca.<\/p>\n<p>El D\u00eda Internacional del Patinador se celebra el 14 de abril. En M\u00e9xico se celebr\u00f3 la quinta edici\u00f3n, pero la primera en donde participa el Indeporte y la brigada \u2018roller\u2019 de Ponte Pila.<\/p>\n<div class=\"media media-element-container media-default\">\n<div id=\"standard_3\" class=\"st-placement standard_3 inImage\">\n<div class=\"st-adunit st-reset st-show\">\n<div class=\"st-adunit-ad st-reset\">\n<div class=\"st-reset render-mode-video-area-30\">\n<div>\n<p>La jefa de Gobierno, Claudia Sheinbaum, destac\u00f3 en su cuenta de Twitter que cientos de personas participaron en el contingente encabezado por la brigada \u2018roller\u2019 de Ponte Pila.<\/p>\n<p>&nbsp;<\/p>\n<div class=\"media media-element-container media-default\"><\/div>\n<\/div>\n<\/div>\n<\/div>\n<\/div>\n<\/div>\n<\/div>\n<\/div>\n<\/div>\n","protected":false},"excerpt":{"rendered":"<p>La jefa de Gobierno, Claudia Sheinbaum, destac\u00f3 en su cuenta de Twitter que cientos de&#8230;<\/p>\n","protected":false},"author":1,"featured_media":6574,"comment_status":"open","ping_status":"closed","sticky":false,"template":"","format":"standard","meta":{"footnotes":""},"categories":[27,9,12],"tags":[],"class_list":["post-6572","post","type-post","status-publish","format-standard","has-post-thumbnail","hentry","category-cultural","category-espectaculos","category-nacional"],"_links":{"self":[{"href":"https:\/\/xn--huracnpolmicocancnquintanaroo-knc6wmu.com\/index.php?rest_route=\/wp\/v2\/posts\/6572","targetHints":{"allow":["GET"]}}],"collection":[{"href":"https:\/\/xn--huracnpolmicocancnquintanaroo-knc6wmu.com\/index.php?rest_route=\/wp\/v2\/posts"}],"about":[{"href":"https:\/\/xn--huracnpolmicocancnquintanaroo-knc6wmu.com\/index.php?rest_route=\/wp\/v2\/types\/post"}],"author":[{"embeddable":true,"href":"https:\/\/xn--huracnpolmicocancnquintanaroo-knc6wmu.com\/index.php?rest_route=\/wp\/v2\/users\/1"}],"replies":[{"embeddable":true,"href":"https:\/\/xn--huracnpolmicocancnquintanaroo-knc6wmu.com\/index.php?rest_route=%2Fwp%2Fv2%2Fcomments&post=6572"}],"version-history":[{"count":1,"href":"https:\/\/xn--huracnpolmicocancnquintanaroo-knc6wmu.com\/index.php?rest_route=\/wp\/v2\/posts\/6572\/revisions"}],"predecessor-version":[{"id":6573,"href":"https:\/\/xn--huracnpolmicocancnquintanaroo-knc6wmu.com\/index.php?rest_route=\/wp\/v2\/posts\/6572\/revisions\/6573"}],"wp:featuredmedia":[{"embeddable":true,"href":"https:\/\/xn--huracnpolmicocancnquintanaroo-knc6wmu.com\/index.php?rest_route=\/wp\/v2\/media\/6574"}],"wp:attachment":[{"href":"https:\/\/xn--huracnpolmicocancnquintanaroo-knc6wmu.com\/index.php?rest_route=%2Fwp%2Fv2%2Fmedia&parent=6572"}],"wp:term":[{"taxonomy":"category","embeddable":true,"href":"https:\/\/xn--huracnpolmicocancnquintanaroo-knc6wmu.com\/index.php?rest_route=%2Fwp%2Fv2%2Fcategories&post=6572"},{"taxonomy":"post_tag","embeddable":true,"href":"https:\/\/xn--huracnpolmicocancnquintanaroo-knc6wmu.com\/index.php?rest_route=%2Fwp%2Fv2%2Ftags&post=6572"}],"curies":[{"name":"wp","href":"https:\/\/api.w.org\/{rel}","templated":true}]}}