{"id":7001,"date":"2022-05-19T17:31:12","date_gmt":"2022-05-19T22:31:12","guid":{"rendered":"https:\/\/xn--huracnpolmicocancnquintanaroo-knc6wmu.com\/?p=7001"},"modified":"2022-05-21T22:37:22","modified_gmt":"2022-05-21T22:37:22","slug":"ofrece-iec-entrada-gratuita-a-sus-recintos-por-dia-internacional-de-los-museos","status":"publish","type":"post","link":"https:\/\/xn--huracnpolmicocancnquintanaroo-knc6wmu.com\/?p=7001","title":{"rendered":"Ofrece IEC entrada gratuita a sus recintos por D\u00eda Internacional de los Museos"},"content":{"rendered":"<p>Por segundo a\u00f1o consecutivo, el Instituto Estatal de la Cultura ofrecer\u00e1 entrada libre a los siete recintos de su Red de Museos y Galer\u00edas este 18 de mayo, D\u00eda Internacional de los Museos, como una forma de propiciar el acercamiento a estos espacios en Guanajuato, Silao y Pur\u00edsima del Rinc\u00f3n.<\/p>\n<p>Los museos que se podr\u00e1n visitar sin costo este mi\u00e9rcoles son: Casa Diego Rivera, Palacio de los Poderes, Conde Rul, Olga Costa \u2013 Jos\u00e9 Ch\u00e1vez Morado y Museo del Pueblo, en Guanajuato capital; adem\u00e1s del Museo Jos\u00e9 y Tom\u00e1s Ch\u00e1vez Morado, en Silao y el Museo Hermenegildo Bustos, en Pur\u00edsima.<\/p>\n<p>Adicionalmente, el IEC ha preparado un programa especial que integra nueve actividades y un acento especial en la inclusi\u00f3n y la accesibilidad, para unirse a esta conmemoraci\u00f3n internacional que tiene lugar desde hace 45 a\u00f1os.<\/p>\n<p>El programa dise\u00f1ado para la ocasi\u00f3n por el IEC incluye principalmente conferencias con especialistas, pero tambi\u00e9n recorridos especiales, presentaciones musicales y la inauguraci\u00f3n de la exposici\u00f3n \u201cLa abstracci\u00f3n en M\u00e9xico\u201d, con obras de la Colecci\u00f3n Sura M\u00e9xico, realizadas por destacados maestros de la pl\u00e1stica nacional.<\/p>\n<p>El D\u00eda Internacional de los Museos es impulsado y coordinado por el Consejo Internacional de Museos, y este a\u00f1o tiene como tema \u201cEl poder de los museos\u201d, para enfatizar el poder que tienen los museos para transformar el mundo, como lugares incomparables de descubrimiento, de ense\u00f1anza del pasado y de apertura de la mente a nuevas ideas, pasos esenciales para construir un futuro mejor.<\/p>\n<p>El programa conmemorativo en Guanajuato contar\u00e1 con la participaci\u00f3n de: Octavio Hern\u00e1ndez, Arturo Joel Padilla, Adriana Camarena de Obeso, Iliana Brise\u00f1o, Carlos Fonce, Ricardo Becerra, Alberto D\u00edaz y Ana Quiroz, adem\u00e1s del ensamble Ars-Tlan y Go Turismo, y estar\u00e1 repartido en distintos recintos muse\u00edsticos del IEC y del Congreso del Estado.<\/p>\n<p>El preludio de la conmemoraci\u00f3n ser\u00e1 este lunes 16, con la conferencia \u201cPresencia del neog\u00f3tico en Guanajuato. Caso Capilla de Lourdes\u201d, que ofrecer\u00e1 Octavio Hern\u00e1ndez D\u00edaz, presidente de Guanajuato Patrimonio de la Humanidad.<\/p>\n<p>El mi\u00e9rcoles 18 ser\u00e1 la jornada m\u00e1s intensa, con las conferencias \u00abInnovaci\u00f3n y accesibilidad\u00bb, con Arturo Joel Padilla; \u00abCuradur\u00eda a trav\u00e9s de la mediaci\u00f3n\u00bb, con Alberto D\u00edaz, de la Colecci\u00f3n FEMSA, y \u00abMuseos y comunidad\u00bb, con la artista visual Ana Quiroz.<\/p>\n<p>Un evento con especial relevancia de la jornada ser\u00e1 la presentaci\u00f3n de las propuestas de inclusi\u00f3n y accesibilidad para el Museo Casa Diego Rivera y el Museo del Pueblo de Guanajuato, preparada por Iliana Brise\u00f1o Ram\u00edrez, presidenta del Colegio de Arquitectos Guanajuatenses y los arquitectos especialistas en accesibilidad y dise\u00f1o para todos: Carlos Fonce, de M\u00e9xico y Ricardo Becerra S\u00e1enz, de Colombia.<\/p>\n<p>La jornada se completa con un recorrido guiado por los museos Casa Diego Rivera, Conde Rul y del Pueblo, en el centro de Guanajuato; adem\u00e1s de un recital musical con el Ensamble Ars-Tlan, en el Museo Olga Costa y Jos\u00e9 Ch\u00e1vez Morado.<\/p>\n<p>La conmemoraci\u00f3n preparada por el IEC concluye el jueves 19, en el Museo Conde Rul, con la apertura de la exposici\u00f3n \u201cLa abstracci\u00f3n en M\u00e9xico\u201d, donde se re\u00fanen obras del acervo del Instituto con las de la Colecci\u00f3n Sura M\u00e9xico, a fin de ofrece un recorrido por la historia de la pl\u00e1stica nacional de la segunda mitad del siglo XX, con piezas selectas de: Rufino Tamayo, Remedios Varo, Vicente Rojo y Arnaldo Coen, entre otros.<\/p>\n<p>La programaci\u00f3n completa del D\u00eda Internacional de los Museos se puede consultar en la p\u00e1gina web del Instituto Estatal de la Cultura: cultura.guanajuato.gob.mx<br \/>\nD\u00eda Internacional de los Museos<br \/>\nEl poder de los museos<br \/>\n16 \/ 18 \/ 19 mayo, 2022<br \/>\nProgramaci\u00f3n<\/p>\n<p>Lunes 16<\/p>\n<p>Conferencia<br \/>\nPresencia del neog\u00f3tico en Guanajuato. Caso: Capilla de Lourdes<br \/>\nOctavio Hern\u00e1ndez D\u00edaz<br \/>\nPresidente de Guanajuato Patrimonio de la Humanidad<br \/>\nGaler\u00eda Mariana<br \/>\n17:00 h<\/p>\n<p>Mi\u00e9rcoles 18<\/p>\n<p>10:00 h Conferencia<br \/>\nMuseos inclusivos e incluyentes<br \/>\nArturo Joel Padilla<br \/>\nGLAM Congreso del Estado<\/p>\n<p>11:00 h Recorrido guiado<br \/>\nConociendo los museos<br \/>\nGo Turismo<br \/>\nMuseo del Pueblo de Guanajuato, Museo Conde Rul y Museo Casa Diego Rivera<br \/>\nMi\u00e9rcoles<\/p>\n<p>12:00 Presentaci\u00f3n<br \/>\nPropuestas de ideas de inclusi\u00f3n y accesibilidad universal para los museos Casa Diego Rivera y del Pueblo de Guanajuato<br \/>\nIliana Brise\u00f1o Ram\u00edrez, Carlos Fonce y Ricardo Becerra S\u00e1enz<br \/>\nCon interpretaci\u00f3n en Lengua de Se\u00f1as Mexicana<br \/>\nMuseo Palacio de los Poderes<\/p>\n<p>13:00 h Conferencia<br \/>\nCuradur\u00eda a trav\u00e9s de la mediaci\u00f3n<br \/>\nAlberto D\u00edaz (Colecci\u00f3n FEMSA)<br \/>\nMuseo Palacio de los Poderes<\/p>\n<p>14:00 h Conferencia<br \/>\nMuseos y comunidad<br \/>\nAna Quiroz<br \/>\nMuseo Palacio de los Poderes<\/p>\n<p>16:00 h M\u00fasica<br \/>\nRecital para la comunidad de Pastita<br \/>\nEnsamble Ars-Tlan<br \/>\nMuseo de Arte Olga Costa \u2013 Jos\u00e9 Ch\u00e1vez Morado<\/p>\n<p>Jueves 19<\/p>\n<p>13:00 h Inauguraci\u00f3n<br \/>\nLa abstracci\u00f3n en M\u00e9xico<br \/>\nColecci\u00f3n Sura M\u00e9xico<br \/>\nMuseo Conde Rul<\/p>\n","protected":false},"excerpt":{"rendered":"<p>Por segundo a\u00f1o consecutivo, el Instituto Estatal de la Cultura ofrecer\u00e1 entrada libre a los&#8230;<\/p>\n","protected":false},"author":1,"featured_media":7003,"comment_status":"open","ping_status":"closed","sticky":false,"template":"","format":"standard","meta":{"footnotes":""},"categories":[27,9,11,12],"tags":[],"class_list":["post-7001","post","type-post","status-publish","format-standard","has-post-thumbnail","hentry","category-cultural","category-espectaculos","category-internacional","category-nacional"],"_links":{"self":[{"href":"https:\/\/xn--huracnpolmicocancnquintanaroo-knc6wmu.com\/index.php?rest_route=\/wp\/v2\/posts\/7001","targetHints":{"allow":["GET"]}}],"collection":[{"href":"https:\/\/xn--huracnpolmicocancnquintanaroo-knc6wmu.com\/index.php?rest_route=\/wp\/v2\/posts"}],"about":[{"href":"https:\/\/xn--huracnpolmicocancnquintanaroo-knc6wmu.com\/index.php?rest_route=\/wp\/v2\/types\/post"}],"author":[{"embeddable":true,"href":"https:\/\/xn--huracnpolmicocancnquintanaroo-knc6wmu.com\/index.php?rest_route=\/wp\/v2\/users\/1"}],"replies":[{"embeddable":true,"href":"https:\/\/xn--huracnpolmicocancnquintanaroo-knc6wmu.com\/index.php?rest_route=%2Fwp%2Fv2%2Fcomments&post=7001"}],"version-history":[{"count":1,"href":"https:\/\/xn--huracnpolmicocancnquintanaroo-knc6wmu.com\/index.php?rest_route=\/wp\/v2\/posts\/7001\/revisions"}],"predecessor-version":[{"id":7002,"href":"https:\/\/xn--huracnpolmicocancnquintanaroo-knc6wmu.com\/index.php?rest_route=\/wp\/v2\/posts\/7001\/revisions\/7002"}],"wp:featuredmedia":[{"embeddable":true,"href":"https:\/\/xn--huracnpolmicocancnquintanaroo-knc6wmu.com\/index.php?rest_route=\/wp\/v2\/media\/7003"}],"wp:attachment":[{"href":"https:\/\/xn--huracnpolmicocancnquintanaroo-knc6wmu.com\/index.php?rest_route=%2Fwp%2Fv2%2Fmedia&parent=7001"}],"wp:term":[{"taxonomy":"category","embeddable":true,"href":"https:\/\/xn--huracnpolmicocancnquintanaroo-knc6wmu.com\/index.php?rest_route=%2Fwp%2Fv2%2Fcategories&post=7001"},{"taxonomy":"post_tag","embeddable":true,"href":"https:\/\/xn--huracnpolmicocancnquintanaroo-knc6wmu.com\/index.php?rest_route=%2Fwp%2Fv2%2Ftags&post=7001"}],"curies":[{"name":"wp","href":"https:\/\/api.w.org\/{rel}","templated":true}]}}