{"id":7220,"date":"2022-06-06T16:57:10","date_gmt":"2022-06-06T21:57:10","guid":{"rendered":"https:\/\/xn--huracnpolmicocancnquintanaroo-knc6wmu.com\/?p=7220"},"modified":"2022-06-06T21:57:11","modified_gmt":"2022-06-06T21:57:11","slug":"el-festival-internacional-de-poesia-de-nicaragua-rechaza-su-ilegalizacion","status":"publish","type":"post","link":"https:\/\/xn--huracnpolmicocancnquintanaroo-knc6wmu.com\/?p=7220","title":{"rendered":"El Festival Internacional de Poes\u00eda de Nicaragua rechaza su ilegalizaci\u00f3n"},"content":{"rendered":"<p>La Fundaci\u00f3n Festival Internacional de Poes\u00eda de Granada, establecida en Nicaragua y que daba nombre a uno de los eventos culturales m\u00e1s grandes de Centroam\u00e9rica, rechaz\u00f3 este domingo la cancelaci\u00f3n de su personalidad jur\u00eddica tras 18 a\u00f1os de existencia, en la Asamblea Nacional (Parlamento), por orden del Ejecutivo.<\/p>\n<p>\u201cLamentamos y condenamos la decisi\u00f3n de la Asamblea Nacional\u201d, escribi\u00f3 el presidente de la Fundaci\u00f3n, Francisco de As\u00eds Fern\u00e1ndez, en un comunicado emitido 19 d\u00edas despu\u00e9s de la decisi\u00f3n del Ministerio de Gobernaci\u00f3n.<\/p>\n<p>\u201cYa no existimos legalmente. El Festival Internacional de Poes\u00eda de Granada reuni\u00f3 a m\u00e1s de 1,200 poetas de 109 pa\u00edses y se convirti\u00f3 en el evento literario m\u00e1s importante de Latinoam\u00e9rica y uno de los m\u00e1s grandes del mundo\u201d, destac\u00f3 Fern\u00e1ndez.<\/p>\n<p>La Fundaci\u00f3n Festival Internacional de Poes\u00eda de Granada forma parte de un grupo de 440 ONG que han perdido su personalidad jur\u00eddica en Nicaragua, desde el levantamiento popular contra el presidente Daniel Ortega, en 2018.<\/p>\n<p>El festival, que atra\u00eda a m\u00e1s de 50.000 visitantes cada febrero a la ciudad colonial de Granada, en la zona Pac\u00edfico de Nicaragua, \u201cdio a conocer la poes\u00eda y la riqueza cultural de nuestro pa\u00eds\u201d, a trav\u00e9s del Carnaval Po\u00e9tico de la Identidad Nacional, que mostraba los bailes y tradiciones nicarag\u00fcenses, y que inclu\u00eda el entierro simb\u00f3lico de los antivalores de la sociedad, record\u00f3 el organizador.<\/p>\n<p>Durante el festival se desarrollaban ferias del libro y de artesan\u00edas, talleres literarios, o se constru\u00edan esculturas.<\/p>\n<p>\u201cFue una plataforma donde se enfatiz\u00f3 la importancia de la libertad de la palabra y la libertad de pensamiento, la democracia, el pluralismo pol\u00edtico, la no violencia, la no discriminaci\u00f3n, la convivencia pac\u00edfica\u201d, record\u00f3 Fern\u00e1ndez, un reconocido poeta nicarag\u00fcense.<\/p>\n<p>Al igual que la Fundaci\u00f3n Festival Internacional de Poes\u00eda de Granada, instituciones como la Academia Nicarag\u00fcense de la Lengua, as\u00ed como universidades, centros de pensamiento, organizaciones defensoras de los derechos humanos, o de las mujeres, ambientalistas, m\u00e9dicas, ind\u00edgenas, entre otras, se han visto obligadas a cerrar, luego de perder sus personalidades jur\u00eddicas.<\/p>\n<p>El Ejecutivo tambi\u00e9n ha cancelado los registros y n\u00fameros perpetuos de cuatro ONG estadounidenses y seis europeas.<\/p>\n<p>Las autoridades nicarag\u00fcenses han alegado que las ONG canceladas no presentaron sus documentos legales o se negaron a registrarse como \u201cagentes extranjeros\u201d.<\/p>\n<p>Los exrepresentantes de algunas de las organizaciones afectadas, como la Comisi\u00f3n Permanente de Derechos Humanos (CPDH) o la Universidad Thomas More, afirmaron que el Ministerio de Gobernaci\u00f3n se niega a recibir la documentaci\u00f3n de las ONG antes de acusarlas de incumplimiento.<\/p>\n<p>Nicaragua atraviesa una crisis pol\u00edtica y social desde abril de 2018, que se ha acentuado tras las controvertidas elecciones generales del pasado 7 de noviembre, en las que Ortega fue reelegido para un quinto mandato, cuarto consecutivo y segundo junto con su esposa, Rosario Murillo, como vicepresidenta, con sus principales contendientes en prisi\u00f3n.<\/p>\n","protected":false},"excerpt":{"rendered":"<p>La Fundaci\u00f3n Festival Internacional de Poes\u00eda de Granada, establecida en Nicaragua y que daba nombre&#8230;<\/p>\n","protected":false},"author":1,"featured_media":7222,"comment_status":"open","ping_status":"closed","sticky":false,"template":"","format":"standard","meta":{"footnotes":""},"categories":[27,9,11,15],"tags":[],"class_list":["post-7220","post","type-post","status-publish","format-standard","has-post-thumbnail","hentry","category-cultural","category-espectaculos","category-internacional","category-politica"],"_links":{"self":[{"href":"https:\/\/xn--huracnpolmicocancnquintanaroo-knc6wmu.com\/index.php?rest_route=\/wp\/v2\/posts\/7220","targetHints":{"allow":["GET"]}}],"collection":[{"href":"https:\/\/xn--huracnpolmicocancnquintanaroo-knc6wmu.com\/index.php?rest_route=\/wp\/v2\/posts"}],"about":[{"href":"https:\/\/xn--huracnpolmicocancnquintanaroo-knc6wmu.com\/index.php?rest_route=\/wp\/v2\/types\/post"}],"author":[{"embeddable":true,"href":"https:\/\/xn--huracnpolmicocancnquintanaroo-knc6wmu.com\/index.php?rest_route=\/wp\/v2\/users\/1"}],"replies":[{"embeddable":true,"href":"https:\/\/xn--huracnpolmicocancnquintanaroo-knc6wmu.com\/index.php?rest_route=%2Fwp%2Fv2%2Fcomments&post=7220"}],"version-history":[{"count":1,"href":"https:\/\/xn--huracnpolmicocancnquintanaroo-knc6wmu.com\/index.php?rest_route=\/wp\/v2\/posts\/7220\/revisions"}],"predecessor-version":[{"id":7221,"href":"https:\/\/xn--huracnpolmicocancnquintanaroo-knc6wmu.com\/index.php?rest_route=\/wp\/v2\/posts\/7220\/revisions\/7221"}],"wp:featuredmedia":[{"embeddable":true,"href":"https:\/\/xn--huracnpolmicocancnquintanaroo-knc6wmu.com\/index.php?rest_route=\/wp\/v2\/media\/7222"}],"wp:attachment":[{"href":"https:\/\/xn--huracnpolmicocancnquintanaroo-knc6wmu.com\/index.php?rest_route=%2Fwp%2Fv2%2Fmedia&parent=7220"}],"wp:term":[{"taxonomy":"category","embeddable":true,"href":"https:\/\/xn--huracnpolmicocancnquintanaroo-knc6wmu.com\/index.php?rest_route=%2Fwp%2Fv2%2Fcategories&post=7220"},{"taxonomy":"post_tag","embeddable":true,"href":"https:\/\/xn--huracnpolmicocancnquintanaroo-knc6wmu.com\/index.php?rest_route=%2Fwp%2Fv2%2Ftags&post=7220"}],"curies":[{"name":"wp","href":"https:\/\/api.w.org\/{rel}","templated":true}]}}