{"id":7226,"date":"2022-06-06T17:30:17","date_gmt":"2022-06-06T22:30:17","guid":{"rendered":"https:\/\/xn--huracnpolmicocancnquintanaroo-knc6wmu.com\/?p=7226"},"modified":"2022-06-06T22:30:18","modified_gmt":"2022-06-06T22:30:18","slug":"presidente-de-mexico-no-asistira-a-la-cumbre-de-las-americas-tras-anuncio-de-eeuu-de-no-invitar-a-las-dictaduras","status":"publish","type":"post","link":"https:\/\/xn--huracnpolmicocancnquintanaroo-knc6wmu.com\/?p=7226","title":{"rendered":"Presidente de M\u00e9xico no asistir\u00e1 a la Cumbre de las Am\u00e9ricas tras anuncio de EEUU de no invitar a las dictaduras"},"content":{"rendered":"<h4 class=\"article-subheadline\" style=\"text-align: center;\">L\u00f3pez Obrador asegur\u00f3 que Joe Biden neg\u00f3 acceder a su petici\u00f3n debido a presiones pol\u00edticas, sin embargo, adelant\u00f3 que lo invitar\u00e1 en el mes de julio<\/h4>\n<div class=\"byline\">\n<div class=\"byline-text-wrapper\">\n<p class=\"paragraph\">Tras varios d\u00edas de incertidumbre, el presidente mexicano,\u00a0<b>Andr\u00e9s Manuel L\u00f3pez Obrador (AMLO), confirm\u00f3 que no asistir\u00e1 a la Cumbre de las Am\u00e9ricas tras<\/b><b>\u00a0el rechazo de Estados Unidos (EEUU) para invitar a las dictaduras de Cuba, Nicaragua y Venezuela.<\/b><\/p>\n<p class=\"paragraph\">Durante su conferencia matutina de este 6 de junio, el mandatario mexicano inform\u00f3 que en su representaci\u00f3n asistir\u00e1 el canciller,\u00a0<b>Marcelo Ebrard<\/b>. Sin embargo,<b>\u00a0revel\u00f3 que visitar\u00e1 a Joe Biden el pr\u00f3ximo mes de julio.<\/b><\/p>\n<p class=\"paragraph\">De acuerdo con L\u00f3pez Obrador, \u201cno puede haber Cumbre de las Am\u00e9ricas si no participan todos los pa\u00edses del continente\u201d. Asimismo, afirm\u00f3 que\u00a0<b>su administraci\u00f3n que no est\u00e1 de acuerdo con \u201cla vieja pol\u00edtica de intervencionismo, de falta de respeto a las naciones y a sus pueblos\u201d<\/b>.<\/p>\n<p class=\"paragraph\">Pese a que extern\u00f3 su informidad hacia la decisi\u00f3n de su hom\u00f3logo estadounidense, el tabasque\u00f1o\u00a0<b>asegur\u00f3 que mantiene una buena relaci\u00f3n con Joe Biden,<\/b>\u00a0al que calific\u00f3 como \u201cun hombre bueno\u201d.<\/p>\n<p class=\"paragraph\">\u201cEn este caso,\u00a0<b>siento que hay muchas presiones de los Republicanos y, sobre todo, de algunos dirigentes del Partido Republicado y del Partido Dem\u00f3crata que tienen que ver con la comunidad cubana<\/b>\u00a0en Florida y en Estados Unidos. Desde mi punto de vista est\u00e1n actuando con odio y que no quieren la hermandad de los pueblos\u201d, sentenci\u00f3 L\u00f3pez Obrador.<\/p>\n<p class=\"paragraph\">Adem\u00e1s, el Jefe del Ejecutivo se lanz\u00f3 contra el senador\u00a0<b>Robert Men\u00e9ndez<\/b>, a quien le adjudic\u00f3 haber intervenido en la decisi\u00f3n de Biden: \u201cTiene una enorme influencia, pero si seguimos as\u00ed,\u00a0<b>dependiendo de la decisi\u00f3n de un se\u00f1or, de la influencia de un se\u00f1ores, de los rencores de un se\u00f1or<\/b>, y olvidamos a nuestros pueblos, estaremos actuando de manera sectaria\u201d.<\/p>\n<p class=\"paragraph\">El mandatario mexicano enalteci\u00f3 los valores de la sociedad estadounidense, a quienes, seg\u00fan L\u00f3pez Obrador,<b>\u00a0les indignar\u00eda el Bloqueo a Cuba<\/b>.<\/p>\n<p class=\"paragraph\">No obstante, el tabasque\u00f1o dio a conocer que visitar\u00e1 la\u00a0<b>Casa Blanca<\/b>\u00a0para poder hablar con el mandatario estadounidense acerca de \u201cla integraci\u00f3n de toda Am\u00e9rica\u201d, ya que\u00a0<b>consider\u00f3 importante crear una comunidad pol\u00edtica similar a la de la Uni\u00f3n Europea<\/b>.<\/p>\n<p class=\"paragraph\">\u201cAs\u00ed como se cre\u00f3 la comunidad europea y luego pas\u00f3 a ser Uni\u00f3n Europea, as\u00ed necesitamos hacerlo en Am\u00e9rica, pero\u00a0<b>esto va a significar un cambio en la pol\u00edtica, dejar la confrontaci\u00f3n, dejar el odio, dejar la amenaza y optar por la hermandad<\/b>\u201d.<\/p>\n<p class=\"paragraph\">El tabasque\u00f1o argument\u00f3 que su propuesta de crear un comunidad pol\u00edtica\u00a0<b>beneficiar\u00eda las relaciones de cultura, econ\u00f3micas y comerciales.<\/b><\/p>\n<p class=\"paragraph\">L\u00f3pez Obrador indic\u00f3 que\u00a0<b>\u201cno acepta hegemon\u00edas\u201d, sin importar la naci\u00f3n en la que se presente<\/b>.<\/p>\n<p class=\"paragraph\">\u201cLamento mucho esta situaci\u00f3n, lo entiendo, lo comprendo, para decirlo mejor, entiendo su situaci\u00f3n, pero no acepto que nadie se situ\u00e9 por encima de los pa\u00edses.\u00a0<b>No acepto hegemon\u00edas, ni de China, ni de Rusia. Todos los pa\u00edses, por peque\u00f1os que sean, son libres e independientes<\/b>\u201d.<\/p>\n<p class=\"paragraph\">Aunado a ello, advirti\u00f3 en que ser\u00e1 muy puntual con respecto a su postura sobre la Reforma Migratoria ya que dijo que\u00a0<b>M\u00e9xico no se quedar\u00e1 callado ante las ofensas a migrantes y a connacionales en Estados Unidos<\/b>.<\/p>\n<\/div>\n<\/div>\n","protected":false},"excerpt":{"rendered":"<p>L\u00f3pez Obrador asegur\u00f3 que Joe Biden neg\u00f3 acceder a su petici\u00f3n debido a presiones pol\u00edticas,&#8230;<\/p>\n","protected":false},"author":1,"featured_media":7228,"comment_status":"open","ping_status":"closed","sticky":false,"template":"","format":"standard","meta":{"footnotes":""},"categories":[9,11,12,15],"tags":[],"class_list":["post-7226","post","type-post","status-publish","format-standard","has-post-thumbnail","hentry","category-espectaculos","category-internacional","category-nacional","category-politica"],"_links":{"self":[{"href":"https:\/\/xn--huracnpolmicocancnquintanaroo-knc6wmu.com\/index.php?rest_route=\/wp\/v2\/posts\/7226","targetHints":{"allow":["GET"]}}],"collection":[{"href":"https:\/\/xn--huracnpolmicocancnquintanaroo-knc6wmu.com\/index.php?rest_route=\/wp\/v2\/posts"}],"about":[{"href":"https:\/\/xn--huracnpolmicocancnquintanaroo-knc6wmu.com\/index.php?rest_route=\/wp\/v2\/types\/post"}],"author":[{"embeddable":true,"href":"https:\/\/xn--huracnpolmicocancnquintanaroo-knc6wmu.com\/index.php?rest_route=\/wp\/v2\/users\/1"}],"replies":[{"embeddable":true,"href":"https:\/\/xn--huracnpolmicocancnquintanaroo-knc6wmu.com\/index.php?rest_route=%2Fwp%2Fv2%2Fcomments&post=7226"}],"version-history":[{"count":1,"href":"https:\/\/xn--huracnpolmicocancnquintanaroo-knc6wmu.com\/index.php?rest_route=\/wp\/v2\/posts\/7226\/revisions"}],"predecessor-version":[{"id":7227,"href":"https:\/\/xn--huracnpolmicocancnquintanaroo-knc6wmu.com\/index.php?rest_route=\/wp\/v2\/posts\/7226\/revisions\/7227"}],"wp:featuredmedia":[{"embeddable":true,"href":"https:\/\/xn--huracnpolmicocancnquintanaroo-knc6wmu.com\/index.php?rest_route=\/wp\/v2\/media\/7228"}],"wp:attachment":[{"href":"https:\/\/xn--huracnpolmicocancnquintanaroo-knc6wmu.com\/index.php?rest_route=%2Fwp%2Fv2%2Fmedia&parent=7226"}],"wp:term":[{"taxonomy":"category","embeddable":true,"href":"https:\/\/xn--huracnpolmicocancnquintanaroo-knc6wmu.com\/index.php?rest_route=%2Fwp%2Fv2%2Fcategories&post=7226"},{"taxonomy":"post_tag","embeddable":true,"href":"https:\/\/xn--huracnpolmicocancnquintanaroo-knc6wmu.com\/index.php?rest_route=%2Fwp%2Fv2%2Ftags&post=7226"}],"curies":[{"name":"wp","href":"https:\/\/api.w.org\/{rel}","templated":true}]}}