{"id":7328,"date":"2022-06-15T21:04:26","date_gmt":"2022-06-16T02:04:26","guid":{"rendered":"https:\/\/xn--huracnpolmicocancnquintanaroo-knc6wmu.com\/?p=7328"},"modified":"2022-06-16T02:04:27","modified_gmt":"2022-06-16T02:04:27","slug":"la-oms-determinara-si-la-viruela-del-mono-constituye-una-emergencia-de-interes-internacional","status":"publish","type":"post","link":"https:\/\/xn--huracnpolmicocancnquintanaroo-knc6wmu.com\/?p=7328","title":{"rendered":"La OMS determinar\u00e1 si la viruela del mono constituye una emergencia de inter\u00e9s internacional"},"content":{"rendered":"<div class=\"field field-name-field-news-story-lead field-type-text-long field-label-hidden\">\n<div class=\"field-items\">\n<div class=\"field-item even\">\n<p>El director de la Organizaci\u00f3n ha convocado al Comit\u00e9 de Emergencias ante la expansi\u00f3n del virus a 32 pa\u00edses no end\u00e9micos. Tambi\u00e9n se han publicado directrices para la vacunaci\u00f3n selectiva contra la enfermedad.<\/p>\n<\/div>\n<\/div>\n<\/div>\n<div class=\"paragraphs-items paragraphs-items-field-news-story paragraphs-items-field-news-story-full paragraphs-items-full\">\n<div class=\"field field-name-field-news-story field-type-paragraphs field-label-hidden\">\n<div class=\"field-items\">\n<div class=\"field-item even\">\n<div class=\"entity entity-paragraphs-item paragraphs-item-one-column-text\">\n<div class=\"content\">\n<div class=\"field field-name-field-text-column field-type-text-long field-label-hidden\">\n<div class=\"field-items\">\n<div class=\"field-item even\">\n<p>El director de la\u00a0Organizaci\u00f3n Mundial de la Salud\u00a0ha convocado para el pr\u00f3ximo 23 de junio al\u00a0Comit\u00e9 de Emergencias\u00a0para evaluar si el brote de viruela del mono representa una emergencia de salud p\u00fablica de inter\u00e9s internacional.<\/p>\n<p>Se trata del nivel m\u00e1s alto de alerta seg\u00fan el reglamento sanitario internacional, que actualmente s\u00f3lo se aplica a la pandemia de\u00a0COVID-19\u00a0y a la poliomielitis.<\/p>\n<p>Este a\u00f1o se han notificado\u00a0<strong>1600 casos confirmados y 1500 sospechosos<\/strong>\u00a0de viruela del mono, en 39 pa\u00edses, siete donde suele propagarse y 32 nuevos.<\/p>\n<p>En lo que va de a\u00f1o, se han producido\u00a0<strong>72 muertes en los pa\u00edses previamente afectados<\/strong>. Hasta ahora no se han notificado muertes en los pa\u00edses donde ha aparecido recientemente, aunque la agencia de la ONU \u00a0est\u00e1 tratando de verificar una muerte relacionada con la enfermedad en Brasil.<\/p>\n<p><strong>\u201cEl brote mundial de viruela del mono es claramente inusual y preocupante\u201d,<\/strong>\u00a0dijo Tedros, que considera que es el momento de intensificar la respuesta porque hay m\u00e1s pa\u00edses afectados y es necesaria la coordinaci\u00f3n internacional.<\/p>\n<p>El director adjunto para la respuesta a emergencias, Ibrahima Soc\u00e9 Fall, explic\u00f3 que el riesgo de propagaci\u00f3n en Europa se considera &#8220;alto&#8221; y en el resto del mundo &#8220;moderado&#8221; y que existen lagunas sobre c\u00f3mo se est\u00e1 transmitiendo el virus.<\/p>\n<p><strong>&#8220;No queremos esperar hasta que la situaci\u00f3n est\u00e9 fuera de control&#8221;,<\/strong>\u00a0asegur\u00f3 sobre la convocatoria del comit\u00e9 de emergencia.<\/p>\n<h2>Aislamiento de contagios<\/h2>\n<p>Mientras tanto, la OMS ha publicado recomendaciones \u00a0para los gobiernos sobre la detecci\u00f3n y control de casos. La experta en viruela Rosemund Lewis dijo que lo m\u00e1s importante es\u00a0<strong>informar y crear conciencia\u00a0<\/strong>en la poblaci\u00f3n sobre el nivel del riesgo y explicar las recomendaciones para evitar contagiar a contactos cercanos y familiares.<\/p>\n<p>Lewis detall\u00f3 que, aunque la enfermedad a veces solo da s\u00edntomas leves, como lesiones cut\u00e1neas, se puede\u00a0<strong>contagiar durante dos a cuatro semanas<\/strong>. \u201cSabemos que es muy dif\u00edcil para la gente aislarse tanto tiempo, pero es muy importante para proteger a otros. En la mayor\u00eda de los casos, la gente puede aislarse en casa y no es necesario estar en el hospital\u201d, sostuvo.<\/p>\n<p>Se puede contraer la viruela del mono a trav\u00e9s del contacto f\u00edsico estrecho con alguien que tenga los s\u00edntomas. La erupci\u00f3n, los fluidos y las costras son especialmente infecciosos. La ropa, la ropa de cama, las toallas o los objetos, como los utensilios para comer o los platos, que se han contaminado con el virus tambi\u00e9n pueden infectar a otras personas.<\/p>\n<p>No est\u00e1 claro si las personas que no tienen s\u00edntomas pueden contagiar la enfermedad.<\/p>\n<h2>Directrices para la vacunaci\u00f3n<\/h2>\n<p>La OMS ha publicado\u00a0nuevas directrices sobre la vacunaci\u00f3n\u00a0contra la viruela del mono.<\/p>\n<p>Algunos pa\u00edses han mantenido suministros estrat\u00e9gicos de\u00a0<strong>vacunas antiguas contra el virus de la viruela\u00a0<\/strong>que se erradic\u00f3 en 1980. Estas vacunas de primera generaci\u00f3n que se mantienen en las reservas nacionales no se recomiendan para la viruela del mono en este momento, ya que\u00a0<strong>no cumplen las normas actuales de seguridad y fabricaci\u00f3n.<\/strong><\/p>\n<p>Tambi\u00e9n existen\u00a0<strong>vacunas nuevas y m\u00e1s seguras<\/strong>\u00a0(de segunda y tercera generaci\u00f3n) contra la viruela, algunas de las cuales pueden ser \u00fatiles para la viruela del mono y una de las cuales (MVA-BN) ha sido aprobada para la prevenci\u00f3n de la viruela del mono.<\/p>\n<p>El suministro de las nuevas vacunas es limitado y se est\u00e1n debatiendo estrategias de acceso.<\/p>\n<p>En este momento,\u00a0<strong>la Organizaci\u00f3n Mundial de la Salud \u00a0no recomienda la vacunaci\u00f3n masiva<\/strong>. \u201cLas decisiones sobre el uso de las vacunas contra la viruela o la viruela del mono deben basarse en una evaluaci\u00f3n completa de los riesgos y los beneficios en cada caso\u201d, aseguran.<\/p>\n<p>Para los contactos de los pacientes, se recomienda la\u00a0<strong>profilaxis posterior a la exposici\u00f3n<\/strong>\u00a0con una vacuna contra de segunda o tercera generaci\u00f3n, idealmente dentro de los cuatro d\u00edas siguientes a la primera exposici\u00f3n para prevenir la aparici\u00f3n de la enfermedad.<\/p>\n<p>La profilaxis previa a la exposici\u00f3n se recomienda para los trabajadores sanitarios de riesgo, el personal de laboratorio que trabaje con ortopoxvirus, el personal de laboratorio cl\u00ednico que realice pruebas de diagn\u00f3stico de la viruela del mono y otras personas que puedan estar en riesgo.<\/p>\n<p>Rosemund Lewis explic\u00f3 que la mayor\u00eda de los datos sobre la vacuna de la viruela son antiguos o de estudios con animales. \u201cNo hay muchos estudios cl\u00ednicos\u201d, dijo.<\/p>\n<p>Por ello, la OMS subraya la importancia de que los programas de vacunaci\u00f3n est\u00e9n respaldados por una vigilancia exhaustiva y un seguimiento de los contactos, y vayan acompa\u00f1ados de campa\u00f1as de informaci\u00f3n y una farmacovigilancia s\u00f3lida, idealmente con estudios colaborativos sobre la eficacia de la vacuna.<\/p>\n<p>El doctor Tedros tambi\u00e9n dijo que la OMS est\u00e1 trabajando con sus socios en el\u00a0<strong>cambio de nombre de la viruela del mono y sus variantes<\/strong>, as\u00ed como en un mecanismo para ayudar a compartir las vacunas disponibles de forma m\u00e1s equitativa.<\/p>\n<h2>Sigue el descenso de casos de COVID-19<\/h2>\n<p>Sobre la situaci\u00f3n de la pandemia de\u00a0COVID-19, Tedros dijo que \u201ctanto los casos como las muertes notificadas\u00a0<strong>han disminuido en m\u00e1s de un 90% con respecto a los m\u00e1ximos alcanzados\u00a0<\/strong>a principios de este a\u00f1o\u201d.<\/p>\n<p>\u201cSe trata de una tendencia muy positiva. Aun as\u00ed, la semana pasada se notificaron a la OMS m\u00e1s de tres millones de casos, y como muchos pa\u00edses han reducido la vigilancia y las pruebas, sabemos que esta cifra real es superior\u201d, matiz\u00f3.<\/p>\n<p>En ese periodo, se notificaron\u00a0<strong>8737 muertes, un \u201cnivel inaceptable\u201d,\u00a0<\/strong>a\u00f1adi\u00f3, \u201ccuando tenemos las herramientas para prevenir, detectar y tratar esta enfermedad\u201d.<\/p>\n<p>El director de la OMS pidi\u00f3 a los pa\u00edses que logren un acuerdo sobre la exenci\u00f3n temporal de los derechos de propiedad intelectual para las vacunas, tratamientos y pruebas de diagn\u00f3stico del COVID-19 durante la Conferencia Ministerial de la Organizaci\u00f3n Mundial del Comercio de esta semana.<\/p>\n<p>\u201cComo he dicho muchas veces,\u00a0<strong>la exenci\u00f3n se cre\u00f3 para utilizarla en casos de emergencia. As\u00ed que, si no es ahora, \u00bfcu\u00e1ndo?\u201d,<\/strong>\u00a0dijo.<\/p>\n<p>A esa petici\u00f3n se sum\u00f3 la relatora especial sobre las formas contempor\u00e1neas de racismo, E. Tendayi Achiume, llamando a las desigualdades en el acceso a las inmunizaciones una forma de &#8220;apartheid de las vacunas&#8221;.<\/p>\n<p>&#8220;Dado que los m\u00e1s perjudicados por el apartheid de las vacunas son los pueblos racialmente marginados, la desigualdad de acceso a las vacunas y los tratamientos contra el COVID-19 dentro de las naciones y entre ellas es innegablemente una cuesti\u00f3n de injusticia racial&#8221;, dijo Achiume en una\u00a0carta abierta\u00a0a los miembros de la OMC. &#8220;Esta injusticia se ve agravada por la persistente desigualdad de riqueza, poder y recursos sanitarios entre los Estados, que puede remontarse a historias transnacionales de racismo y colonialismo&#8221;.<\/p>\n<p>En la rueda de prensa de la OMS, Tedros tambi\u00e9n se refiri\u00f3 al informe sobre los or\u00edgenes del SARS-CoV-2 del Grupo de Asesoramiento Cient\u00edfico sobre los Or\u00edgenes de Nuevos Pat\u00f3genos (SAGO).<\/p>\n<p>\u201c<strong>Todas las hip\u00f3tesis deben permanecer sobre la mesa<\/strong>\u00a0hasta que tengamos pruebas que nos permitan descartar o aceptar ciertas hip\u00f3tesis. Seguimos pidiendo a China que colabore con este proceso y lleve a cabo los estudios que SAGO ha recomendado\u201d, sostuvo.<\/p>\n<\/div>\n<\/div>\n<\/div>\n<\/div>\n<\/div>\n<\/div>\n<\/div>\n<\/div>\n<\/div>\n","protected":false},"excerpt":{"rendered":"<p>El director de la Organizaci\u00f3n ha convocado al Comit\u00e9 de Emergencias ante la expansi\u00f3n del&#8230;<\/p>\n","protected":false},"author":1,"featured_media":7330,"comment_status":"open","ping_status":"closed","sticky":false,"template":"","format":"standard","meta":{"footnotes":""},"categories":[9,11,30],"tags":[],"class_list":["post-7328","post","type-post","status-publish","format-standard","has-post-thumbnail","hentry","category-espectaculos","category-internacional","category-salud"],"_links":{"self":[{"href":"https:\/\/xn--huracnpolmicocancnquintanaroo-knc6wmu.com\/index.php?rest_route=\/wp\/v2\/posts\/7328","targetHints":{"allow":["GET"]}}],"collection":[{"href":"https:\/\/xn--huracnpolmicocancnquintanaroo-knc6wmu.com\/index.php?rest_route=\/wp\/v2\/posts"}],"about":[{"href":"https:\/\/xn--huracnpolmicocancnquintanaroo-knc6wmu.com\/index.php?rest_route=\/wp\/v2\/types\/post"}],"author":[{"embeddable":true,"href":"https:\/\/xn--huracnpolmicocancnquintanaroo-knc6wmu.com\/index.php?rest_route=\/wp\/v2\/users\/1"}],"replies":[{"embeddable":true,"href":"https:\/\/xn--huracnpolmicocancnquintanaroo-knc6wmu.com\/index.php?rest_route=%2Fwp%2Fv2%2Fcomments&post=7328"}],"version-history":[{"count":1,"href":"https:\/\/xn--huracnpolmicocancnquintanaroo-knc6wmu.com\/index.php?rest_route=\/wp\/v2\/posts\/7328\/revisions"}],"predecessor-version":[{"id":7329,"href":"https:\/\/xn--huracnpolmicocancnquintanaroo-knc6wmu.com\/index.php?rest_route=\/wp\/v2\/posts\/7328\/revisions\/7329"}],"wp:featuredmedia":[{"embeddable":true,"href":"https:\/\/xn--huracnpolmicocancnquintanaroo-knc6wmu.com\/index.php?rest_route=\/wp\/v2\/media\/7330"}],"wp:attachment":[{"href":"https:\/\/xn--huracnpolmicocancnquintanaroo-knc6wmu.com\/index.php?rest_route=%2Fwp%2Fv2%2Fmedia&parent=7328"}],"wp:term":[{"taxonomy":"category","embeddable":true,"href":"https:\/\/xn--huracnpolmicocancnquintanaroo-knc6wmu.com\/index.php?rest_route=%2Fwp%2Fv2%2Fcategories&post=7328"},{"taxonomy":"post_tag","embeddable":true,"href":"https:\/\/xn--huracnpolmicocancnquintanaroo-knc6wmu.com\/index.php?rest_route=%2Fwp%2Fv2%2Ftags&post=7328"}],"curies":[{"name":"wp","href":"https:\/\/api.w.org\/{rel}","templated":true}]}}