{"id":7334,"date":"2022-06-15T21:14:51","date_gmt":"2022-06-16T02:14:51","guid":{"rendered":"https:\/\/xn--huracnpolmicocancnquintanaroo-knc6wmu.com\/?p=7334"},"modified":"2022-06-16T02:14:52","modified_gmt":"2022-06-16T02:14:52","slug":"viene-a-sinaloa-el-ciclo-de-cine-internacional-de-la-cineteca-2","status":"publish","type":"post","link":"https:\/\/xn--huracnpolmicocancnquintanaroo-knc6wmu.com\/?p=7334","title":{"rendered":"Viene a Sinaloa el Ciclo de Cine Internacional de la Cineteca"},"content":{"rendered":"<header class=\"title-bar\">\n<h4 style=\"text-align: center;\">Del jueves 16 de junio al s\u00e1bado 16 de julio se presentar\u00e1 programa Circuito Cineteca, con funciones de lunes a s\u00e1bado desde las 18:00 horas.<\/h4>\n<\/header>\n<div class=\"article-meta\">\n<p>La Sala Lumi\u00e9re del ISIC reabrir\u00e1 sus puertas tras dos a\u00f1os de pandemia, con la proyecci\u00f3n del\u00a0<strong>Ciclo de Cine Internacional Contempor\u00e1neo de la Cineteca Nacional.<\/strong><\/p>\n<p><strong>Del jueves 16 de junio al s\u00e1bado 16 de julio se presentar\u00e1 programa Circuito Cineteca, con funciones de lunes a s\u00e1bado desde las 18:00 horas.<\/strong><\/p>\n<p>Lo anterior se dio a conocer en rueda de prensa realizada en forma virtual presidida por \u00a0Juan Salvador Avil\u00e9s Ochoa, director general del ISIC.<\/p>\n<p>Avil\u00e9s Ochoa coment\u00f3 que, con la integraci\u00f3n de Sinaloa a este Circuito, tras una serie de gestiones iniciadas hace unos meses, la Sala Lumi\u00e9re se convierte en sede de la\u00a0<strong>Cineteca Nacional<\/strong>, que estar\u00e1 nutriendo su programaci\u00f3n, la cual se est\u00e1 buscando llevar tambi\u00e9n a los municipios, a trav\u00e9s de las delegaciones Norte y Sur del ISIC, siempre y cuando los recintos cumplan con los requerimientos m\u00ednimos para su exhibici\u00f3n.<\/p>\n<p>Las pel\u00edculas que integran este primer ciclo, \u00a0fueron adquiridas por la Cineteca y en alg\u00fan momento formaron parte del programa de importantes festivales de cine en el mundo, donde han sido galardonadas, y se estar\u00e1n exhibiendo en Culiac\u00e1n, con entrada libre y tomando las medidas de sanidad recomendadas.<\/p>\n<p>Por su parte, Lara Medina y Rodolfo Arriaga comentaron el programa, con doce filmes que se exhibir\u00e1n a partir de las 18:00 horas, cada una con dos o tres funciones (una por d\u00eda), de lunes a s\u00e1bado. Ya se est\u00e1n preparando los ciclos siguientes, por lo que se pide al p\u00fablico estar al pendiente de la cartelera.<\/p>\n<\/div>\n","protected":false},"excerpt":{"rendered":"<p>Del jueves 16 de junio al s\u00e1bado 16 de julio se presentar\u00e1 programa Circuito Cineteca,&#8230;<\/p>\n","protected":false},"author":1,"featured_media":7336,"comment_status":"open","ping_status":"closed","sticky":false,"template":"","format":"standard","meta":{"footnotes":""},"categories":[27,9,11],"tags":[],"class_list":["post-7334","post","type-post","status-publish","format-standard","has-post-thumbnail","hentry","category-cultural","category-espectaculos","category-internacional"],"_links":{"self":[{"href":"https:\/\/xn--huracnpolmicocancnquintanaroo-knc6wmu.com\/index.php?rest_route=\/wp\/v2\/posts\/7334","targetHints":{"allow":["GET"]}}],"collection":[{"href":"https:\/\/xn--huracnpolmicocancnquintanaroo-knc6wmu.com\/index.php?rest_route=\/wp\/v2\/posts"}],"about":[{"href":"https:\/\/xn--huracnpolmicocancnquintanaroo-knc6wmu.com\/index.php?rest_route=\/wp\/v2\/types\/post"}],"author":[{"embeddable":true,"href":"https:\/\/xn--huracnpolmicocancnquintanaroo-knc6wmu.com\/index.php?rest_route=\/wp\/v2\/users\/1"}],"replies":[{"embeddable":true,"href":"https:\/\/xn--huracnpolmicocancnquintanaroo-knc6wmu.com\/index.php?rest_route=%2Fwp%2Fv2%2Fcomments&post=7334"}],"version-history":[{"count":1,"href":"https:\/\/xn--huracnpolmicocancnquintanaroo-knc6wmu.com\/index.php?rest_route=\/wp\/v2\/posts\/7334\/revisions"}],"predecessor-version":[{"id":7335,"href":"https:\/\/xn--huracnpolmicocancnquintanaroo-knc6wmu.com\/index.php?rest_route=\/wp\/v2\/posts\/7334\/revisions\/7335"}],"wp:featuredmedia":[{"embeddable":true,"href":"https:\/\/xn--huracnpolmicocancnquintanaroo-knc6wmu.com\/index.php?rest_route=\/wp\/v2\/media\/7336"}],"wp:attachment":[{"href":"https:\/\/xn--huracnpolmicocancnquintanaroo-knc6wmu.com\/index.php?rest_route=%2Fwp%2Fv2%2Fmedia&parent=7334"}],"wp:term":[{"taxonomy":"category","embeddable":true,"href":"https:\/\/xn--huracnpolmicocancnquintanaroo-knc6wmu.com\/index.php?rest_route=%2Fwp%2Fv2%2Fcategories&post=7334"},{"taxonomy":"post_tag","embeddable":true,"href":"https:\/\/xn--huracnpolmicocancnquintanaroo-knc6wmu.com\/index.php?rest_route=%2Fwp%2Fv2%2Ftags&post=7334"}],"curies":[{"name":"wp","href":"https:\/\/api.w.org\/{rel}","templated":true}]}}