{"id":7358,"date":"2022-06-17T11:06:41","date_gmt":"2022-06-17T16:06:41","guid":{"rendered":"https:\/\/xn--huracnpolmicocancnquintanaroo-knc6wmu.com\/?p=7358"},"modified":"2022-06-18T16:07:49","modified_gmt":"2022-06-18T16:07:49","slug":"abre-convocatoria-primer-concurso-internacional-de-fotografia-amalgama","status":"publish","type":"post","link":"https:\/\/xn--huracnpolmicocancnquintanaroo-knc6wmu.com\/?p=7358","title":{"rendered":"Abre convocatoria primer Concurso Internacional de Fotograf\u00eda \u201cAmalgama\u201d"},"content":{"rendered":"<p>La Escuela Superior de Fotograf\u00eda Lumi\u00e8re, como parte de los festejos de su D\u00e9cimo Aniversario, a trav\u00e9s del lanzamiento del 1\u00b0 Festival Internacional de Fotograf\u00eda \u201cAMALGAMA\u201d, convoca a participar en la primera edici\u00f3n de su competencia de fotograf\u00eda. Invitando a fot\u00f3grafos y artistas visuales en general, mayores de edad, de manera individual o colectiva. Con el objetivo y la necesidad de fomentar la integraci\u00f3n de la comunidad fotogr\u00e1fica y personas con un inter\u00e9s emergente, reconociendo los talentos, propuestas y retos que d\u00eda a d\u00eda acontecen.<\/p>\n<p>Este a\u00f1o, la convocatoria a la Competencia Internacional de Fotograf\u00eda Amalgama busca detonar aquellos di\u00e1logos que mediante la producci\u00f3n fotogr\u00e1fica comparten universos \u00edntimos que emergen de las paradojas entre lo personal y lo pol\u00edtico, entre lo privado y lo p\u00fablico, a trav\u00e9s de la AUTORREPRESENTACI\u00d3N como tem\u00e1tica que permite la exploraci\u00f3n y significaci\u00f3n de las propias experiencias y su vinculaci\u00f3n con la realidad, que es tambi\u00e9n de otros.<\/p>\n<figure class=\"wp-block-gallery columns-1 is-cropped\">Las bases completas de participaci\u00f3n versi\u00f3n ingl\u00e9s y espa\u00f1ol se pueden consultar en www.amalgamafest.com.mx<\/figure>\n","protected":false},"excerpt":{"rendered":"<p>La Escuela Superior de Fotograf\u00eda Lumi\u00e8re, como parte de los festejos de su D\u00e9cimo Aniversario,&#8230;<\/p>\n","protected":false},"author":1,"featured_media":7360,"comment_status":"open","ping_status":"closed","sticky":false,"template":"","format":"standard","meta":{"footnotes":""},"categories":[27,9,11],"tags":[],"class_list":["post-7358","post","type-post","status-publish","format-standard","has-post-thumbnail","hentry","category-cultural","category-espectaculos","category-internacional"],"_links":{"self":[{"href":"https:\/\/xn--huracnpolmicocancnquintanaroo-knc6wmu.com\/index.php?rest_route=\/wp\/v2\/posts\/7358","targetHints":{"allow":["GET"]}}],"collection":[{"href":"https:\/\/xn--huracnpolmicocancnquintanaroo-knc6wmu.com\/index.php?rest_route=\/wp\/v2\/posts"}],"about":[{"href":"https:\/\/xn--huracnpolmicocancnquintanaroo-knc6wmu.com\/index.php?rest_route=\/wp\/v2\/types\/post"}],"author":[{"embeddable":true,"href":"https:\/\/xn--huracnpolmicocancnquintanaroo-knc6wmu.com\/index.php?rest_route=\/wp\/v2\/users\/1"}],"replies":[{"embeddable":true,"href":"https:\/\/xn--huracnpolmicocancnquintanaroo-knc6wmu.com\/index.php?rest_route=%2Fwp%2Fv2%2Fcomments&post=7358"}],"version-history":[{"count":1,"href":"https:\/\/xn--huracnpolmicocancnquintanaroo-knc6wmu.com\/index.php?rest_route=\/wp\/v2\/posts\/7358\/revisions"}],"predecessor-version":[{"id":7359,"href":"https:\/\/xn--huracnpolmicocancnquintanaroo-knc6wmu.com\/index.php?rest_route=\/wp\/v2\/posts\/7358\/revisions\/7359"}],"wp:featuredmedia":[{"embeddable":true,"href":"https:\/\/xn--huracnpolmicocancnquintanaroo-knc6wmu.com\/index.php?rest_route=\/wp\/v2\/media\/7360"}],"wp:attachment":[{"href":"https:\/\/xn--huracnpolmicocancnquintanaroo-knc6wmu.com\/index.php?rest_route=%2Fwp%2Fv2%2Fmedia&parent=7358"}],"wp:term":[{"taxonomy":"category","embeddable":true,"href":"https:\/\/xn--huracnpolmicocancnquintanaroo-knc6wmu.com\/index.php?rest_route=%2Fwp%2Fv2%2Fcategories&post=7358"},{"taxonomy":"post_tag","embeddable":true,"href":"https:\/\/xn--huracnpolmicocancnquintanaroo-knc6wmu.com\/index.php?rest_route=%2Fwp%2Fv2%2Ftags&post=7358"}],"curies":[{"name":"wp","href":"https:\/\/api.w.org\/{rel}","templated":true}]}}