{"id":7424,"date":"2022-06-23T21:07:11","date_gmt":"2022-06-24T02:07:11","guid":{"rendered":"https:\/\/xn--huracnpolmicocancnquintanaroo-knc6wmu.com\/?p=7424"},"modified":"2022-06-25T02:07:50","modified_gmt":"2022-06-25T02:07:50","slug":"amnistia-internacional-se-suma-a-la-xliv-marcha-del-orgullo-lgbttiq","status":"publish","type":"post","link":"https:\/\/xn--huracnpolmicocancnquintanaroo-knc6wmu.com\/?p=7424","title":{"rendered":"Amnist\u00eda Internacional se suma a la XLIV Marcha del orgullo LGBTTIQ+"},"content":{"rendered":"<ul>\n<li>M\u00e9xico es el segundo pa\u00eds de Am\u00e9rica con m\u00e1s asesinatos de personas trans y g\u00e9nero-diversas, revela el Observatorio de Personas Trans Asesinadas<\/li>\n<\/ul>\n<ul>\n<li>Urge que el Estado mexicano implemente medidas que prevengan las violencias contra las personas LGBTTIQ+ y garanticen sus derechos humanos: Amnist\u00eda Internacional<\/li>\n<\/ul>\n<p>Para Amnist\u00eda Internacional es un gran gusto sumarnos a la Marcha del orgullo LGBTTIQ+ que vuelve a las calles de la CDMX en su edici\u00f3n XLIV, luego de que los dos a\u00f1os anteriores se realiz\u00f3 de manera virtual debido a la pandemia. Con enorme alegr\u00eda y entusiasmo participaremos de ella con nuestra contingenta, como lo hemos hecho a\u00f1o tras a\u00f1o, para celebrar la diversidad de identidades y apoyar la exigencia de respeto a los derechos humanos.<\/p>\n<p>\u201cEn Amnist\u00eda Internacional aguardamos con mucha expectativa la realizaci\u00f3n de la XLIV edici\u00f3n de la Marcha del orgullo LGBTTIQ+. Hoy marchamos nuevamente a su lado con mucha energ\u00eda, haciendo eco de su lema \u00b4\u00a1Las calles son nuestras! por una diversidad libre de odio, violencia y machismo\u00b4\u201d, declar\u00f3 Edith Olivares Ferreto, Directora Ejecutiva de Amnist\u00eda Internacional M\u00e9xico.<\/p>\n<p>\u201cMarchamos para celebrar las conquistas logradas con mucho esfuerzo, a lo largo de cuatro d\u00e9cadas, para recordar a las personas que impulsaron la equidad e igualdad de derechos y oportunidades para todas las personas LGBTTIQ+, pero tambi\u00e9n para exigir a las autoridades acciones que prevengan las agresiones, violencias y cr\u00edmenes de odio por orientaci\u00f3n sexual, identidad y expresi\u00f3n de g\u00e9nero, que siguen afectando a las personas LGBTTIQ+\u201d, agreg\u00f3 Edith Olivares Ferreto.<\/p>\n<p>Durante d\u00e9cadas Amnist\u00eda Internacional ha impulsado la vigencia de los derechos de la comunidad LGBTTIQ+ en el mundo y ha advertido en reiteradas ocasiones que M\u00e9xico es uno de los pa\u00edses m\u00e1s violentos para estas personas.<\/p>\n<p>El\u00a0Observatorio de Personas Trans Asesinadas\u00a0(TMM, por sus siglas en ingl\u00e9s), reporta que entre el 1 de octubre de 2019 y el 30 de septiembre de 2020, \u201cfueron asesinadas 350 personas trans y g\u00e9nero-diversas\u201d en todo el mundo. El mayor n\u00famero de esos cr\u00edmenes ocurrieron en Brasil, 152; M\u00e9xico se ubica en segundo lugar, con 57 y Estados Unidos en tercero, con 28.<\/p>\n<p>\u201cDesde Amnist\u00eda Internacional instamos al Estado mexicano a implementar medidas que prevengan los discursos de odio y los actos de discriminaci\u00f3n contra las personas LGBTTIQ+. Es urgente tambi\u00e9n la adopci\u00f3n de medidas para prevenir las agresiones, violencias y cr\u00edmenes de odio, que hacen de M\u00e9xico un lugar peligroso para las personas LGBTTIQ+. Igualmente insistimos en la aplicaci\u00f3n de pol\u00edticas p\u00fablicas transversales que garanticen los derechos humanos de las personas LGBTTIQ+, que est\u00e1n garantizados en la Constituci\u00f3n del pa\u00eds\u201d, precis\u00f3 Edith Olivares Ferreto.<\/p>\n<p>La XLIV edici\u00f3n de la Marcha del orgullo LGBTTIQ+, saldr\u00e1 del \u00c1ngel de la Independencia hacia el Z\u00f3calo capitalino y adem\u00e1s tendr\u00e1 su versi\u00f3n virtual para las personas que no puedan asistir.<\/p>\n","protected":false},"excerpt":{"rendered":"<p>M\u00e9xico es el segundo pa\u00eds de Am\u00e9rica con m\u00e1s asesinatos de personas trans y g\u00e9nero-diversas,&#8230;<\/p>\n","protected":false},"author":1,"featured_media":7426,"comment_status":"open","ping_status":"closed","sticky":false,"template":"","format":"standard","meta":{"footnotes":""},"categories":[27,11],"tags":[],"class_list":["post-7424","post","type-post","status-publish","format-standard","has-post-thumbnail","hentry","category-cultural","category-internacional"],"_links":{"self":[{"href":"https:\/\/xn--huracnpolmicocancnquintanaroo-knc6wmu.com\/index.php?rest_route=\/wp\/v2\/posts\/7424","targetHints":{"allow":["GET"]}}],"collection":[{"href":"https:\/\/xn--huracnpolmicocancnquintanaroo-knc6wmu.com\/index.php?rest_route=\/wp\/v2\/posts"}],"about":[{"href":"https:\/\/xn--huracnpolmicocancnquintanaroo-knc6wmu.com\/index.php?rest_route=\/wp\/v2\/types\/post"}],"author":[{"embeddable":true,"href":"https:\/\/xn--huracnpolmicocancnquintanaroo-knc6wmu.com\/index.php?rest_route=\/wp\/v2\/users\/1"}],"replies":[{"embeddable":true,"href":"https:\/\/xn--huracnpolmicocancnquintanaroo-knc6wmu.com\/index.php?rest_route=%2Fwp%2Fv2%2Fcomments&post=7424"}],"version-history":[{"count":1,"href":"https:\/\/xn--huracnpolmicocancnquintanaroo-knc6wmu.com\/index.php?rest_route=\/wp\/v2\/posts\/7424\/revisions"}],"predecessor-version":[{"id":7425,"href":"https:\/\/xn--huracnpolmicocancnquintanaroo-knc6wmu.com\/index.php?rest_route=\/wp\/v2\/posts\/7424\/revisions\/7425"}],"wp:featuredmedia":[{"embeddable":true,"href":"https:\/\/xn--huracnpolmicocancnquintanaroo-knc6wmu.com\/index.php?rest_route=\/wp\/v2\/media\/7426"}],"wp:attachment":[{"href":"https:\/\/xn--huracnpolmicocancnquintanaroo-knc6wmu.com\/index.php?rest_route=%2Fwp%2Fv2%2Fmedia&parent=7424"}],"wp:term":[{"taxonomy":"category","embeddable":true,"href":"https:\/\/xn--huracnpolmicocancnquintanaroo-knc6wmu.com\/index.php?rest_route=%2Fwp%2Fv2%2Fcategories&post=7424"},{"taxonomy":"post_tag","embeddable":true,"href":"https:\/\/xn--huracnpolmicocancnquintanaroo-knc6wmu.com\/index.php?rest_route=%2Fwp%2Fv2%2Ftags&post=7424"}],"curies":[{"name":"wp","href":"https:\/\/api.w.org\/{rel}","templated":true}]}}