{"id":7427,"date":"2022-06-23T21:09:17","date_gmt":"2022-06-24T02:09:17","guid":{"rendered":"https:\/\/xn--huracnpolmicocancnquintanaroo-knc6wmu.com\/?p=7427"},"modified":"2022-06-25T02:10:09","modified_gmt":"2022-06-25T02:10:09","slug":"en-el-marco-del-dia-internacional-del-orgullo-lgbttiq-la-ssc-y-la-sibiso-realizaron-la-pinta-de-cebras-emblematicos-de-la-zona-rosa","status":"publish","type":"post","link":"https:\/\/xn--huracnpolmicocancnquintanaroo-knc6wmu.com\/?p=7427","title":{"rendered":"En el marco del D\u00eda Internacional del Orgullo LGBTTIQ+, la SSC y la SIBISO realizaron la pinta de cebras emblem\u00e1ticos de la Zona Rosa"},"content":{"rendered":"<p>En conmemoraci\u00f3n del D\u00eda Internacional del Orgullo LGBTTIQ+, funcionarios de las Secretar\u00edas de Seguridad Ciudadana (SSC) y de Inclusi\u00f3n y Bienestar (SIBISO), ambas de la Ciudad de M\u00e9xico, estuvieron presentes para pintar las cebras en el paso peatonal de la calle G\u00e9nova esquina con Liverpool, en la colonia Ju\u00e1rez, alcald\u00eda Cuauht\u00e9moc, como parte de las acciones para promover el respeto y los derechos humanos hacia esta comunidad.<\/p>\n<p>En representaci\u00f3n del Secretario de Seguridad Ciudadana de la Cuidad de M\u00e9xico, estuvo presente el Subsecretario de Participaci\u00f3n Ciudadana y Prevenci\u00f3n del Delito, Pablo V\u00e1zquez Camacho, quien refiri\u00f3 quien refiri\u00f3 que \u201cel d\u00eda de ma\u00f1ana es un d\u00eda de orgullo, es un d\u00eda de festejo, es un d\u00eda de inclusi\u00f3n, es un d\u00eda tambi\u00e9n que puede ser gracias a la lucha, al sufrimiento y al esfuerzo de muchas personas, en una lucha constante por ser y estar\u201d.<\/p>\n<p>El funcionario adem\u00e1s indico que \u201cen d\u00edas como hoy, en este acto y en d\u00edas como el d\u00eda ma\u00f1ana, seamos conscientes que lo que hoy estamos festejando y lo que hoy podemos festejar, que trae detr\u00e1s mucho sudor incluso sangre y sufrimiento de muchas personas.\u201d<\/p>\n<p>\u201cQuiero que sepan y as\u00ed me lo ha pedido comunicar el jefe de la polic\u00eda, el licenciado Omar Garc\u00eda Harfuch, que en esa lucha por ser y en esa lucha por estar en la Ciudad de M\u00e9xico y en el pa\u00eds, cuentan con la polic\u00eda de la Ciudad de M\u00e9xico\u201d, culmin\u00f3 as\u00ed su participaci\u00f3n V\u00e1zquez Camacho.<\/p>\n<p>Esta actividad se realiz\u00f3 como un acto simb\u00f3lico que materializa la obligaci\u00f3n de las autoridades de promover, respetar, proteger y garantizar los derechos humanos y forma parte de un conjunto de acciones de gobierno y de la sociedad civil para visualizar la importancia del respeto a cualquier expresi\u00f3n de identidad.<\/p>\n<p>En el evento tambi\u00e9n estuvieron presentes el Subsecretario de Inteligencia e Investigaci\u00f3n Policial, Hermenegildo Lugo Lara; el Subsecretario de Sistema Penitenciario, Enrique Serrano Flores; el Director General de la Polic\u00eda Bancaria e Industrial (PBI), Elpidio de la Cruz Contreras; y el Director Ejecutivo de Operaci\u00f3n Policial de la Polic\u00eda Auxiliar (PA), Carlos Mario Zepeda Saavedra.<\/p>\n<p>Adem\u00e1s de la Diputada del Congreso de la Ciudad de M\u00e9xico II Legislatura, Ana Francis Mor; la Presidenta del Consejo para Prevenir y Eliminar la Discriminaci\u00f3n, Geraldina Gonz\u00e1lez de la Vega; el Director General de Diversidad Sexual y Derechos Humanos de la SIBISO, Jaime Morales Beltr\u00e1n, entre otros funcionarios.<\/p>\n","protected":false},"excerpt":{"rendered":"<p>En conmemoraci\u00f3n del D\u00eda Internacional del Orgullo LGBTTIQ+, funcionarios de las Secretar\u00edas de Seguridad Ciudadana&#8230;<\/p>\n","protected":false},"author":1,"featured_media":7429,"comment_status":"open","ping_status":"closed","sticky":false,"template":"","format":"standard","meta":{"footnotes":""},"categories":[27,12],"tags":[],"class_list":["post-7427","post","type-post","status-publish","format-standard","has-post-thumbnail","hentry","category-cultural","category-nacional"],"_links":{"self":[{"href":"https:\/\/xn--huracnpolmicocancnquintanaroo-knc6wmu.com\/index.php?rest_route=\/wp\/v2\/posts\/7427","targetHints":{"allow":["GET"]}}],"collection":[{"href":"https:\/\/xn--huracnpolmicocancnquintanaroo-knc6wmu.com\/index.php?rest_route=\/wp\/v2\/posts"}],"about":[{"href":"https:\/\/xn--huracnpolmicocancnquintanaroo-knc6wmu.com\/index.php?rest_route=\/wp\/v2\/types\/post"}],"author":[{"embeddable":true,"href":"https:\/\/xn--huracnpolmicocancnquintanaroo-knc6wmu.com\/index.php?rest_route=\/wp\/v2\/users\/1"}],"replies":[{"embeddable":true,"href":"https:\/\/xn--huracnpolmicocancnquintanaroo-knc6wmu.com\/index.php?rest_route=%2Fwp%2Fv2%2Fcomments&post=7427"}],"version-history":[{"count":1,"href":"https:\/\/xn--huracnpolmicocancnquintanaroo-knc6wmu.com\/index.php?rest_route=\/wp\/v2\/posts\/7427\/revisions"}],"predecessor-version":[{"id":7428,"href":"https:\/\/xn--huracnpolmicocancnquintanaroo-knc6wmu.com\/index.php?rest_route=\/wp\/v2\/posts\/7427\/revisions\/7428"}],"wp:featuredmedia":[{"embeddable":true,"href":"https:\/\/xn--huracnpolmicocancnquintanaroo-knc6wmu.com\/index.php?rest_route=\/wp\/v2\/media\/7429"}],"wp:attachment":[{"href":"https:\/\/xn--huracnpolmicocancnquintanaroo-knc6wmu.com\/index.php?rest_route=%2Fwp%2Fv2%2Fmedia&parent=7427"}],"wp:term":[{"taxonomy":"category","embeddable":true,"href":"https:\/\/xn--huracnpolmicocancnquintanaroo-knc6wmu.com\/index.php?rest_route=%2Fwp%2Fv2%2Fcategories&post=7427"},{"taxonomy":"post_tag","embeddable":true,"href":"https:\/\/xn--huracnpolmicocancnquintanaroo-knc6wmu.com\/index.php?rest_route=%2Fwp%2Fv2%2Ftags&post=7427"}],"curies":[{"name":"wp","href":"https:\/\/api.w.org\/{rel}","templated":true}]}}