{"id":7430,"date":"2022-06-23T21:13:25","date_gmt":"2022-06-24T02:13:25","guid":{"rendered":"https:\/\/xn--huracnpolmicocancnquintanaroo-knc6wmu.com\/?p=7430"},"modified":"2022-06-25T02:14:20","modified_gmt":"2022-06-25T02:14:20","slug":"reves-electoral-no-afecta-estatura-internacional-de-macron","status":"publish","type":"post","link":"https:\/\/xn--huracnpolmicocancnquintanaroo-knc6wmu.com\/?p=7430","title":{"rendered":"Rev\u00e9s electoral no afecta estatura internacional de Macron"},"content":{"rendered":"<p>Emmanuel Macron perdi\u00f3 tal vez un poco de fuerza en Francia tras un reciente rev\u00e9s electoral, pero sigue siendo una de las figuras m\u00e1s relevantes de la pol\u00edtica internacional y eso dif\u00edcilmente vaya a cambiar.<\/p>\n<p>Los aliados de Francia siguieron de cerca las elecciones del domingo en las que la coalici\u00f3n de Macron obtuvo m\u00e1s bancas que ninguna otra, pero perdi\u00f3 la mayor\u00eda en la Asamblea Nacional.<\/p>\n<p>El resultado de la votaci\u00f3n le complicar\u00e1 la vida a Macron y le costar\u00e1 m\u00e1s sacar adelante su programa, incluidas reformas al sistema jubilatorio y una reducci\u00f3n de los impuestos. Pero no se espera que afecte sus iniciativas en el campo internacional, al menos a corto plazo.<\/p>\n<p>Desde que Rusia invadi\u00f3 Ucrania el 24 de febrero, Macron ha sido el epicentro de los esfuerzos diplom\u00e1ticos en torno a esa guerra. A pesar de un giro hist\u00f3rico en la pol\u00edtica francesa y una creciente polarizaci\u00f3n, los expertos no creen que ello vaya a cambiar.<\/p>\n<p>\u201cHabr\u00e1 un contraste m\u00e1s visible entre las presiones que deber\u00e1 enfrentar en casa comparado con la libertad de que gozar\u00e1 en el terreno internacional\u201d, expres\u00f3 Laurie Dundon, de la European Leadership Network.<\/p>\n<p>Macron, quien se encuentra en Bruselas participando en una cumbre del Consejo Europeo de dos d\u00edas, planea viajar a Alemania este fin de semana para una reuni\u00f3n del Grupo de los Siete y luego a Espa\u00f1a para una cumbre de la OTAN pautada para la semana que viene.<\/p>\n<p>\u201cCreo que Europa tiene una conducci\u00f3n\u201d, declar\u00f3 Macron el viernes en respuesta a una pregunta acerca de si el resultado de la votaci\u00f3n afectar\u00eda su proyecci\u00f3n internacional. Macron agreg\u00f3 que varios pa\u00edses europeos son encabezados por coaliciones que no tienen la mayor\u00eda parlamentaria.<\/p>\n<p>\u201cNo me opongo a la complejidad pol\u00edtica de nuestros pa\u00edses ni al liderazgo europeo. Por el contrario, creo que se refuerzan el uno al otro. Solo que nos dan m\u00e1s trabajo\u201d en la b\u00fasqueda de soluciones, manifest\u00f3.<\/p>\n<p>El presidente franc\u00e9s tiene mucha influencia en la pol\u00edtica extranjera y los asuntos europeos. Tambi\u00e9n es el comandante en jefe de las fuerzas armadas de Francia.<\/p>\n<p>Francia ha suministrado abundante ayuda financiera y militar a Ucrania tras la invasi\u00f3n de Rusia. Adem\u00e1s envi\u00f3 soldados para reforzar las defensas de Europa oriental.<\/p>\n<p>Durante la campa\u00f1a presidencial, la popularidad de Macron aument\u00f3 por sus esfuerzos para poner fin a la guerra. Promovi\u00f3 una postura m\u00e1s firme hacia Mosc\u00fa al tiempo que mantuvo abierto un canal de comunicaciones con el presidente ruso Vladimir Putin y ha mantenido contactos permanentes con el presidente ucraniano Volodymyr Zelenskyy.<\/p>\n<p>Macron, quien derrot\u00f3 en la segunda vuelta a la candidata de extrema derecha Marine Le Pen en abril, viaj\u00f3 a Kiev este mes junto con otros l\u00edderes europeos.<\/p>\n<p>El apoyo a Ucrania es bien visto en Francia, seg\u00fan encuestas, y la oposici\u00f3n no osa criticarlo.<\/p>\n<p>\u201cEl de la pol\u00edtica exterior no es un \u00e1mbito en el que Le Pen o (el l\u00edder izquierdista Jean-Luc) M\u00e9lechon quieran meterse cuando hay tantos temas internos que pueden cuestionarle a Macron\u201d, declar\u00f3 Dundon.<\/p>\n<p>\u201cNinguno de los dos quiere quiere meterse en el complejo tema de Rusia y Ucrania\u201d, agreg\u00f3.<\/p>\n<p>Elegido por primera vez en el 2017, Macron nunca ocult\u00f3 su deseo de desempe\u00f1ar un papel protag\u00f3nico en la diplomacia internacional. Y su reelecci\u00f3n en abril reforz\u00f3 su estatura como l\u00edder internacional.<\/p>\n<p>Los grandes poderes de la presidencia francesa son un legado del general Charles de Gaulle y su deseo de crear un sistema pol\u00edtico estable a partir de la Quinta Rep\u00fablica, que estableci\u00f3 en 1958, despu\u00e9s de una serie de gobiernos cortos e ineficientes que se sucedieron tras la Segunda Guerra Mundial.<\/p>\n<p>El presidente representa al pa\u00eds en el exterior y se re\u00fane con jefes de estado extranjeros. El primer ministro, designado por el presidente, es quien lidia con el parlamento.<\/p>\n<p>El poder de la Asamblea Nacional sobre la pol\u00edtica exterior de la presidencia es \u00ednfimo, aunque controla los gastos del gobierno.<\/p>\n<p>\u201cNo se le pidi\u00f3 al Parlamento su opini\u00f3n respecto al env\u00edo de armas a Ucrania o las operaciones de Francia afuera, sobre todo en el Sahel, en el Medio Oriente, como parte de la coalici\u00f3n anti-ISIS, o en Afganist\u00e1n\u201d, coment\u00f3 Nicolas Tenzer, del Centro para un An\u00e1lisis de la Pol\u00edtica Europea. ISIS es uno de los nombres con que se conoce a la organizaci\u00f3n Estado Isl\u00e1mico.<\/p>\n<p>Acot\u00f3 que el Parlamento, no obstante, debe autorizar una extensi\u00f3n de estas operaciones m\u00e1s all\u00e1 de cuatro meses.<\/p>\n<p>Una oposici\u00f3n envalentonada, tanto de izquierda como de derecha, podr\u00eda tratar de usar los poderes del Parlamento para forzar un debate. Pero se da por descontado que el debate en Francia seguir\u00e1 enfocado en temas locales.<\/p>\n","protected":false},"excerpt":{"rendered":"<p>Emmanuel Macron perdi\u00f3 tal vez un poco de fuerza en Francia tras un reciente rev\u00e9s&#8230;<\/p>\n","protected":false},"author":1,"featured_media":7432,"comment_status":"open","ping_status":"closed","sticky":false,"template":"","format":"standard","meta":{"footnotes":""},"categories":[11,15],"tags":[],"class_list":["post-7430","post","type-post","status-publish","format-standard","has-post-thumbnail","hentry","category-internacional","category-politica"],"_links":{"self":[{"href":"https:\/\/xn--huracnpolmicocancnquintanaroo-knc6wmu.com\/index.php?rest_route=\/wp\/v2\/posts\/7430","targetHints":{"allow":["GET"]}}],"collection":[{"href":"https:\/\/xn--huracnpolmicocancnquintanaroo-knc6wmu.com\/index.php?rest_route=\/wp\/v2\/posts"}],"about":[{"href":"https:\/\/xn--huracnpolmicocancnquintanaroo-knc6wmu.com\/index.php?rest_route=\/wp\/v2\/types\/post"}],"author":[{"embeddable":true,"href":"https:\/\/xn--huracnpolmicocancnquintanaroo-knc6wmu.com\/index.php?rest_route=\/wp\/v2\/users\/1"}],"replies":[{"embeddable":true,"href":"https:\/\/xn--huracnpolmicocancnquintanaroo-knc6wmu.com\/index.php?rest_route=%2Fwp%2Fv2%2Fcomments&post=7430"}],"version-history":[{"count":1,"href":"https:\/\/xn--huracnpolmicocancnquintanaroo-knc6wmu.com\/index.php?rest_route=\/wp\/v2\/posts\/7430\/revisions"}],"predecessor-version":[{"id":7431,"href":"https:\/\/xn--huracnpolmicocancnquintanaroo-knc6wmu.com\/index.php?rest_route=\/wp\/v2\/posts\/7430\/revisions\/7431"}],"wp:featuredmedia":[{"embeddable":true,"href":"https:\/\/xn--huracnpolmicocancnquintanaroo-knc6wmu.com\/index.php?rest_route=\/wp\/v2\/media\/7432"}],"wp:attachment":[{"href":"https:\/\/xn--huracnpolmicocancnquintanaroo-knc6wmu.com\/index.php?rest_route=%2Fwp%2Fv2%2Fmedia&parent=7430"}],"wp:term":[{"taxonomy":"category","embeddable":true,"href":"https:\/\/xn--huracnpolmicocancnquintanaroo-knc6wmu.com\/index.php?rest_route=%2Fwp%2Fv2%2Fcategories&post=7430"},{"taxonomy":"post_tag","embeddable":true,"href":"https:\/\/xn--huracnpolmicocancnquintanaroo-knc6wmu.com\/index.php?rest_route=%2Fwp%2Fv2%2Ftags&post=7430"}],"curies":[{"name":"wp","href":"https:\/\/api.w.org\/{rel}","templated":true}]}}