{"id":7433,"date":"2022-06-23T21:16:24","date_gmt":"2022-06-24T02:16:24","guid":{"rendered":"https:\/\/xn--huracnpolmicocancnquintanaroo-knc6wmu.com\/?p=7433"},"modified":"2022-06-25T02:17:27","modified_gmt":"2022-06-25T02:17:27","slug":"aborto-en-eu-asi-reacciono-la-comunidad-internacional-tras-fallo-de-la-corte","status":"publish","type":"post","link":"https:\/\/xn--huracnpolmicocancnquintanaroo-knc6wmu.com\/?p=7433","title":{"rendered":"Aborto en EU. As\u00ed reaccion\u00f3 la comunidad internacional tras fallo de la Corte"},"content":{"rendered":"<h4 class=\"h2\" style=\"text-align: center;\">&#8220;Mi coraz\u00f3n est\u00e1 con los millones de mujeres estadounidenses que ahora est\u00e1n a punto de perder su derecho legal al aborto&#8221;, expres\u00f3 Justin Trudeau<\/h4>\n<p>El presidente franc\u00e9s,\u00a0<strong>Emmanuel Macron<\/strong>, lament\u00f3 el viernes que la<strong>\u00a0Corte Suprema de Estados Unidos<\/strong>\u00a0&#8220;pusiera en duda&#8221; las libertades de las mujeres y subray\u00f3 que &#8220;el\u00a0<strong>aborto<\/strong>\u00a0es un derecho fundamental para todas las mujeres&#8221;.<\/p>\n<blockquote><p>&#8220;Se tiene que proteger. Expreso mi solidaridad con las mujeres cuyas libertades fueron puestas en duda hoy por la Corte Suprema de Estados Unidos&#8221;, tuite\u00f3.<\/p><\/blockquote>\n<p>La muy conservadora Corte Suprema de Estados Unidos puso fin este viernes a una sentencia que durante casi medio siglo garantiz\u00f3 el<strong>\u00a0derecho de las mujeres al aborto.<\/strong>Esta decisi\u00f3n no convierte en ilegales las interrupciones del embarazo, sino que hace retroceder a Estados Unidos a la situaci\u00f3n vigente antes de la sentencia<strong><u>\u00a0&#8220;Roe v. Wade&#8221;\u00a0<\/u><\/strong>de 1973, cuando cada estado era libre de autorizarlas o no.<\/p>\n<p>La mitad de los estados, sobre todo en el sur y el centro, podr\u00eda prohibirlo totalmente.<\/p>\n<h2>JUSTIN TRUDEAU EXPRESA APOYO A MUJERES TRAS FALLO DE LA CORTE SOBRE ABORTO<\/h2>\n<p>El primer ministro canadiense,<strong>\u00a0Justin Trudeau,\u00a0<\/strong>tambi\u00e9n lament\u00f3 el fallo de la Corte y en sus redes sociales expres\u00f3 que ning\u00fan gobierno, pol\u00edtico u hombre deber\u00eda dictar a una mujer lo que puede o no puede hacer con su cuerpo.<\/p>\n<blockquote><p>\u201cQuiero que las mujeres canadienses sepan que siempre defenderemos su derecho a elegir\u201d<\/p><\/blockquote>\n<p>Y abund\u00f3:<\/p>\n<blockquote>\n<p class=\"rteindent1\">\u201cLas noticias que salen de los Estados Unidos son horribles. Mi coraz\u00f3n est\u00e1 con los millones de mujeres estadounidenses que ahora est\u00e1n a punto de perder su derecho legal al aborto. No puedo imaginar el miedo y la ira que est\u00e1s sintiendo en este momento\u201d.<\/p>\n<\/blockquote>\n<h2>ONU: UN DURO GOLPE CONTRA LOS DERECHOS HUMANOS<\/h2>\n<p>la Alta Comisionada de la ONU para los Derechos Humanos,<strong>\u00a0Michelle Bachelet,<\/strong>\u00a0dijo que la revocaci\u00f3n del derecho al aborto en<strong>\u00a0Estados Unidos<\/strong>\u00a0asest\u00f3 &#8220;un duro golpe a los derechos humanos de las mujeres y a la igualdad de g\u00e9nero\u201d.<\/p>\n<blockquote>\n<p class=\"rteindent1\">&#8220;El acceso a un aborto seguro, legal y eficaz est\u00e1 firmemente arraigado en el derecho humano internacional y es central para la autonom\u00eda de las mujeres y su capacidad de hacer sus propias opciones&#8221;, escribi\u00f3 Bachelet en un comunicado, en el cual lamenta &#8220;un gran retroceso&#8221; en la legislaci\u00f3n estadounidense tras la decisi\u00f3n de la Corte suprema.<\/p>\n<\/blockquote>\n","protected":false},"excerpt":{"rendered":"<p>&#8220;Mi coraz\u00f3n est\u00e1 con los millones de mujeres estadounidenses que ahora est\u00e1n a punto de&#8230;<\/p>\n","protected":false},"author":1,"featured_media":7435,"comment_status":"open","ping_status":"closed","sticky":false,"template":"","format":"standard","meta":{"footnotes":""},"categories":[9,11],"tags":[],"class_list":["post-7433","post","type-post","status-publish","format-standard","has-post-thumbnail","hentry","category-espectaculos","category-internacional"],"_links":{"self":[{"href":"https:\/\/xn--huracnpolmicocancnquintanaroo-knc6wmu.com\/index.php?rest_route=\/wp\/v2\/posts\/7433","targetHints":{"allow":["GET"]}}],"collection":[{"href":"https:\/\/xn--huracnpolmicocancnquintanaroo-knc6wmu.com\/index.php?rest_route=\/wp\/v2\/posts"}],"about":[{"href":"https:\/\/xn--huracnpolmicocancnquintanaroo-knc6wmu.com\/index.php?rest_route=\/wp\/v2\/types\/post"}],"author":[{"embeddable":true,"href":"https:\/\/xn--huracnpolmicocancnquintanaroo-knc6wmu.com\/index.php?rest_route=\/wp\/v2\/users\/1"}],"replies":[{"embeddable":true,"href":"https:\/\/xn--huracnpolmicocancnquintanaroo-knc6wmu.com\/index.php?rest_route=%2Fwp%2Fv2%2Fcomments&post=7433"}],"version-history":[{"count":1,"href":"https:\/\/xn--huracnpolmicocancnquintanaroo-knc6wmu.com\/index.php?rest_route=\/wp\/v2\/posts\/7433\/revisions"}],"predecessor-version":[{"id":7434,"href":"https:\/\/xn--huracnpolmicocancnquintanaroo-knc6wmu.com\/index.php?rest_route=\/wp\/v2\/posts\/7433\/revisions\/7434"}],"wp:featuredmedia":[{"embeddable":true,"href":"https:\/\/xn--huracnpolmicocancnquintanaroo-knc6wmu.com\/index.php?rest_route=\/wp\/v2\/media\/7435"}],"wp:attachment":[{"href":"https:\/\/xn--huracnpolmicocancnquintanaroo-knc6wmu.com\/index.php?rest_route=%2Fwp%2Fv2%2Fmedia&parent=7433"}],"wp:term":[{"taxonomy":"category","embeddable":true,"href":"https:\/\/xn--huracnpolmicocancnquintanaroo-knc6wmu.com\/index.php?rest_route=%2Fwp%2Fv2%2Fcategories&post=7433"},{"taxonomy":"post_tag","embeddable":true,"href":"https:\/\/xn--huracnpolmicocancnquintanaroo-knc6wmu.com\/index.php?rest_route=%2Fwp%2Fv2%2Ftags&post=7433"}],"curies":[{"name":"wp","href":"https:\/\/api.w.org\/{rel}","templated":true}]}}