{"id":7436,"date":"2022-06-24T10:00:44","date_gmt":"2022-06-24T15:00:44","guid":{"rendered":"https:\/\/xn--huracnpolmicocancnquintanaroo-knc6wmu.com\/?p=7436"},"modified":"2022-06-25T15:33:01","modified_gmt":"2022-06-25T15:33:01","slug":"la-iglesia-catolica-critica-al-gobierno-de-mexico-por-el-asesinato-de-dos-sacerdotes","status":"publish","type":"post","link":"https:\/\/xn--huracnpolmicocancnquintanaroo-knc6wmu.com\/?p=7436","title":{"rendered":"La Iglesia cat\u00f3lica critica al gobierno de M\u00e9xico por el asesinato de dos sacerdotes"},"content":{"rendered":"<p id=\"article-summary\" class=\"css-1n0orw4 e1wiw3jv0\">El gobierno ha fracasado por a\u00f1os en la tarea de detener la creciente violencia y el consiguiente clamor p\u00fablico, pero la voz de la iglesia no puede ser desestimada f\u00e1cilmente.<\/p>\n<div class=\"css-10cldcv\">\n<div role=\"toolbar\" data-testid=\"share-tools\" aria-label=\"Social Media Share buttons, Save button, and Comments Panel with current comment count\">\n<div class=\"css-9hm018\">\n<div class=\"css-vxcmzt\">\n<div class=\"css-113xjf1\">\n<p class=\"css-at9mc1 evys1bk0\">\u00a0El asesinato de dos sacerdotes jesuitas en una iglesia en M\u00e9xico esta semana conmocion\u00f3 a un pa\u00eds en el que la frustraci\u00f3n se ha acumulado durante a\u00f1os por la incapacidad del gobierno para frenar una avalancha de asesinatos.<\/p>\n<p class=\"css-at9mc1 evys1bk0\">Pero esta vez, el gobierno se enfrenta a las cr\u00edticas de una de las instituciones m\u00e1s poderosas del pa\u00eds, la Iglesia Cat\u00f3lica Romana, lo que ampl\u00eda la protesta p\u00fablica.<\/p>\n<div class=\"css-s99gbd StoryBodyCompanionColumn\">\n<div class=\"css-53u6y8\">\n<p class=\"css-at9mc1 evys1bk0\">La Conferencia del Episcopado Mexicano inst\u00f3 el jueves al gobierno a \u201crevisar las estrategias de seguridad que est\u00e1n fracasando\u201d. Rectores de universidades jesuitas criticaron la incapacidad del gobierno para arrebatar el control a los delincuentes, y uno de ellos calific\u00f3 a M\u00e9xico de \u201cun estado fallido\u201d en el que prevalece \u201cla ley de la selva\u201d.<\/p>\n<\/div>\n<\/div>\n<div class=\"css-s99gbd StoryBodyCompanionColumn\">\n<div class=\"css-53u6y8\">\n<p class=\"css-at9mc1 evys1bk0\">Incluso el papa Francisco, un jesuita argentino, dijo en su audiencia semanal desde el Vaticano que estaba \u201cconsternado\u201d por el ataque. \u201c\u00a1Cu\u00e1ntos asesinatos en M\u00e9xico!\u201d, public\u00f3 en Twitter.<\/p>\n<p class=\"css-at9mc1 evys1bk0\">La tasa de homicidios en M\u00e9xico est\u00e1 cerca de su nivel m\u00e1s alto en d\u00e9cadas. Casi 100 personas son asesinadas cada d\u00eda. Se ha\u00a0asesinado a turistas en resorts playeros, a dolientes en funerales y a mujeres en bares.v<\/p>\n<div class=\"css-53u6y8\">\n<p class=\"css-at9mc1 evys1bk0\">El ataque, en el que tambi\u00e9n muri\u00f3 un gu\u00eda tur\u00edstico, podr\u00e1 alg\u00fan d\u00eda ser recordado como un momento clave en la larga lucha de M\u00e9xico contra la violencia, o como otro horror indescriptible.<\/p>\n<div class=\"css-53u6y8\">\n<p class=\"css-at9mc1 evys1bk0\">El ataque, en el que tambi\u00e9n muri\u00f3 un gu\u00eda tur\u00edstico, podr\u00e1 alg\u00fan d\u00eda ser recordado como un momento clave en la larga lucha de M\u00e9xico contra la violencia, o como otro horror indescriptible.<\/p>\n<div class=\"css-s99gbd StoryBodyCompanionColumn\">\n<div class=\"css-53u6y8\">\n<p class=\"css-at9mc1 evys1bk0\">Pero el clamor de la Iglesia Cat\u00f3lica, una autoridad moral, le ha dado al presidente Andr\u00e9s Manuel L\u00f3pez Obrador, al menos por ahora, un reto al que no est\u00e1 acostumbrado: una cr\u00edtica que no puede descartar f\u00e1cilmente.<\/p>\n<\/div>\n<\/div>\n<div class=\"css-s99gbd StoryBodyCompanionColumn\">\n<div class=\"css-53u6y8\">\n<p class=\"css-at9mc1 evys1bk0\">\u201cCuando matan a turistas en Canc\u00fan o\u00a0a mujeres en Monterrey, el Papa no interviene\u201d, dijo Alejandro Hope, analista de seguridad en Ciudad de M\u00e9xico. \u201cAhora, la frustraci\u00f3n la protagoniza una instituci\u00f3n sofisticada y socialmente arraigada, con poderosas conexiones internacionales\u201d.<\/p>\n<p class=\"css-at9mc1 evys1bk0\">L\u00f3pez Obrador ha calificado el crimen de \u201cinaceptable\u201d y ha prometido una investigaci\u00f3n exhaustiva del asunto, enviando soldados a Chihuahua para buscar al presunto responsable.<\/p>\n<p class=\"css-at9mc1 evys1bk0\">Sin embargo, el presidente, que tiende a arremeter contra sus adversarios, ha tenido cuidado de no denigrar a los l\u00edderes cat\u00f3licos. Tampoco ha afirmado, como lo ha hecho en el pasado, que la violencia en este caso haya sido impulsada por criminales que se matan entre s\u00ed.<\/p>\n<p class=\"css-at9mc1 evys1bk0\">\u201cEste es un caso en el que es totalmente imposible culpar a las v\u00edctimas\u201d, dijo Hope.<\/p>\n<p class=\"css-at9mc1 evys1bk0\">Cuando se le pregunt\u00f3 si su estrategia de seguridad deber\u00eda cambiar, L\u00f3pez Obrador insisti\u00f3 en una conferencia de prensa el jueves en que su gobierno estaba en el camino correcto, y culp\u00f3 a sus predecesores por el derramamiento de sangre en M\u00e9xico.<\/p>\n<p class=\"css-at9mc1 evys1bk0\">\u201cTodo esto es el fruto prohibido de una pol\u00edtica de corrupci\u00f3n, de impunidad, que se implement\u00f3 desde los tiempos de Felipe Calder\u00f3n\u201d, presidente de M\u00e9xico de 2006 a 2012, dijo.<\/p>\n<div class=\"css-s99gbd StoryBodyCompanionColumn\">\n<div class=\"css-53u6y8\">\n<p class=\"css-at9mc1 evys1bk0\">Horas m\u00e1s tarde, la conferencia de obispos cat\u00f3licos emiti\u00f3 un punzante comunicado en Twitter diciendo \u201cno es \u00fatil negar la realidad y tampoco culpar a tiempos pasados de lo que nos toca resolver ahora\u201d.<\/p>\n<\/div>\n<\/div>\n<div class=\"css-s99gbd StoryBodyCompanionColumn\">\n<div class=\"css-53u6y8\">\n<p class=\"css-at9mc1 evys1bk0\">La tasa de homicidios de M\u00e9xico se triplic\u00f3 en la decena de a\u00f1os antes de que L\u00f3pez Obrador asumiera el cargo en 2018, y estaba decidido a romper con las interminables guerras contra los c\u00e1rteles de la droga, centr\u00e1ndose, en cambio, en dar a los j\u00f3venes alternativas econ\u00f3micas al crimen organizado. \u201cAbrazos, no balazos\u201d, promet\u00eda su eslogan.<\/p>\n<p class=\"css-at9mc1 evys1bk0\">Pero ese plan no ha dado resultado, y a poco m\u00e1s de la mitad de su mandato, L\u00f3pez Obrador ya ha presidido m\u00e1s de 120.000 homicidios.<\/p>\n<p class=\"css-at9mc1 evys1bk0\">Los sacerdotes, Javier Campos, de 79 a\u00f1os, y Joaqu\u00edn Mora, de 80, fueron tiroteados el lunes mientras intentaban ayudar a un gu\u00eda tur\u00edstico local que se hab\u00eda refugiado en su iglesia en Cerocahui, una peque\u00f1a ciudad en las monta\u00f1as de Chihuahua, seg\u00fan las autoridades locales. El gu\u00eda, Pedro Palma, estaba siendo perseguido por un delincuente local que dispar\u00f3 a los tres hombres dentro de la iglesia y se llev\u00f3 sus cuerpos; fueron encontrados dos d\u00edas despu\u00e9s.<\/p>\n<p class=\"css-at9mc1 evys1bk0\">Se trata del \u00faltimo de una serie de asesinatos en los que las v\u00edctimas eran figuras conocidas en sus comunidades, como activistas sociales y\u00a0especialmente periodistas.<\/p>\n<div class=\"css-53u6y8\">\n<p class=\"css-at9mc1 evys1bk0\">\u201cPara la mayor\u00eda de las organizaciones criminales, en el pasado hab\u00eda una regla de oro general de que necesitas a la comunidad de tu lado\u201d, dijo Falko Ernst, analista principal del International Crisis Group. \u201cQuieres proporcionar al gobierno estatal y local la narrativa de que las cosas no est\u00e1n completamente en llamas en tu \u00e1rea\u201d.<\/p>\n<div class=\"css-s99gbd StoryBodyCompanionColumn\">\n<div class=\"css-53u6y8\">\n<p class=\"css-at9mc1 evys1bk0\">Pero los grupos criminales en M\u00e9xico han utilizado cada vez m\u00e1s un modelo de negocio basado en el control de ciertos territorios y la extorsi\u00f3n de las personas que viven all\u00ed. \u201cCada vez hay m\u00e1s pruebas de que muchos actores criminales est\u00e1n probando las aguas para ver qu\u00e9 pueden hacer\u201d, en t\u00e9rminos de matar a los l\u00edderes sociales, dijo Ernst.<\/p>\n<\/div>\n<\/div>\n<div class=\"css-s99gbd StoryBodyCompanionColumn\">\n<div class=\"css-53u6y8\">\n<p class=\"css-at9mc1 evys1bk0\">La\u00a0impunidad es la norma\u00a0en M\u00e9xico, y con las pocas consecuencias que tiene quitar una vida, los criminales se han envalentonado cada vez m\u00e1s sobre qui\u00e9nes son sus objetivos.<\/p>\n<p class=\"css-at9mc1 evys1bk0\">\u201cSienten que ejercen una soberan\u00eda de facto\u201d, dijo Ernst.<\/p>\n<p class=\"css-at9mc1 evys1bk0\">La oficina del fiscal del estado de Chihuahua dijo que el presunto asesino de los sacerdotes es Jos\u00e9 Noriel Portillo Gil, conocido como \u201cEl Chueco\u201d, que est\u00e1 vinculado al crimen organizado y, seg\u00fan L\u00f3pez Obrador, es buscado por el asesinato de un turista estadounidense en 2018.<\/p>\n<p class=\"css-at9mc1 evys1bk0\">Portillo tambi\u00e9n estuvo involucrado en el asesinato de un activista de derechos humanos en Chihuahua en 2019, seg\u00fan los medios locales.<\/p>\n<p class=\"css-at9mc1 evys1bk0\">\u201cEs un hombre muy sanguinario\u201d, dijo Isela Gonz\u00e1lez, una activista ambiental en Chihuahua.<\/p>\n<p class=\"css-at9mc1 evys1bk0\">Las autoridades locales afirman que Portillo hab\u00eda protagonizado un violento alboroto en las horas previas al asesinato dentro de la iglesia. Ese mismo d\u00eda, seg\u00fan las autoridades, se hab\u00eda visto envuelto en una disputa por un partido de b\u00e9isbol en el que hab\u00eda perdido un equipo que patrocinaba. Seg\u00fan el testimonio de los testigos, Portillo secuestr\u00f3 a dos hermanos que jugaban en el equipo contrario, tras disparar a uno de ellos, e incendi\u00f3 su casa. Ambos hombres siguen desaparecidos.<\/p>\n<p class=\"css-at9mc1 evys1bk0\">La fiscal\u00eda ofreci\u00f3 una recompensa de unos 250.000 d\u00f3lares por cualquier informaci\u00f3n que condujera a la captura de Portillo.<\/p>\n<p class=\"css-at9mc1 evys1bk0\">Luis Arriaga Valenzuela, rector de la Universidad Iberoamericana de los Jesuitas en Ciudad de M\u00e9xico, dijo en una entrevista que el ataque era \u201cun caso paradigm\u00e1tico\u201d que ejemplifica las graves falacias de un sistema de seguridad fallido\u201d.<\/p>\n<div class=\"css-s99gbd StoryBodyCompanionColumn\">\n<div class=\"css-53u6y8\">\n<p class=\"css-at9mc1 evys1bk0\">Arriaga conoc\u00eda a los dos sacerdotes: el reservado Mora, que practicaba yoga, y el ingenioso Campos, que siempre llevaba botas de vaquero.<\/p>\n<\/div>\n<\/div>\n<div class=\"css-s99gbd StoryBodyCompanionColumn\">\n<div class=\"css-53u6y8\">\n<p class=\"css-at9mc1 evys1bk0\">\u201cHan dedicado su vida al servicio de las comunidades m\u00e1s pobres\u201d, dijo. \u201cFueron pues, hombres con una fe inquebrantable\u201d.<\/p>\n<\/div>\n<\/div>\n<\/div>\n<\/div>\n<\/div>\n<\/div>\n<\/div>\n<\/div>\n<\/div>\n<\/div>\n<\/div>\n<\/div>\n<\/div>\n<\/div>\n<\/div>\n<\/div>\n<\/div>\n<\/div>\n","protected":false},"excerpt":{"rendered":"<p>El gobierno ha fracasado por a\u00f1os en la tarea de detener la creciente violencia y&#8230;<\/p>\n","protected":false},"author":1,"featured_media":7438,"comment_status":"open","ping_status":"closed","sticky":false,"template":"","format":"standard","meta":{"footnotes":""},"categories":[11,12],"tags":[],"class_list":["post-7436","post","type-post","status-publish","format-standard","has-post-thumbnail","hentry","category-internacional","category-nacional"],"_links":{"self":[{"href":"https:\/\/xn--huracnpolmicocancnquintanaroo-knc6wmu.com\/index.php?rest_route=\/wp\/v2\/posts\/7436","targetHints":{"allow":["GET"]}}],"collection":[{"href":"https:\/\/xn--huracnpolmicocancnquintanaroo-knc6wmu.com\/index.php?rest_route=\/wp\/v2\/posts"}],"about":[{"href":"https:\/\/xn--huracnpolmicocancnquintanaroo-knc6wmu.com\/index.php?rest_route=\/wp\/v2\/types\/post"}],"author":[{"embeddable":true,"href":"https:\/\/xn--huracnpolmicocancnquintanaroo-knc6wmu.com\/index.php?rest_route=\/wp\/v2\/users\/1"}],"replies":[{"embeddable":true,"href":"https:\/\/xn--huracnpolmicocancnquintanaroo-knc6wmu.com\/index.php?rest_route=%2Fwp%2Fv2%2Fcomments&post=7436"}],"version-history":[{"count":1,"href":"https:\/\/xn--huracnpolmicocancnquintanaroo-knc6wmu.com\/index.php?rest_route=\/wp\/v2\/posts\/7436\/revisions"}],"predecessor-version":[{"id":7437,"href":"https:\/\/xn--huracnpolmicocancnquintanaroo-knc6wmu.com\/index.php?rest_route=\/wp\/v2\/posts\/7436\/revisions\/7437"}],"wp:featuredmedia":[{"embeddable":true,"href":"https:\/\/xn--huracnpolmicocancnquintanaroo-knc6wmu.com\/index.php?rest_route=\/wp\/v2\/media\/7438"}],"wp:attachment":[{"href":"https:\/\/xn--huracnpolmicocancnquintanaroo-knc6wmu.com\/index.php?rest_route=%2Fwp%2Fv2%2Fmedia&parent=7436"}],"wp:term":[{"taxonomy":"category","embeddable":true,"href":"https:\/\/xn--huracnpolmicocancnquintanaroo-knc6wmu.com\/index.php?rest_route=%2Fwp%2Fv2%2Fcategories&post=7436"},{"taxonomy":"post_tag","embeddable":true,"href":"https:\/\/xn--huracnpolmicocancnquintanaroo-knc6wmu.com\/index.php?rest_route=%2Fwp%2Fv2%2Ftags&post=7436"}],"curies":[{"name":"wp","href":"https:\/\/api.w.org\/{rel}","templated":true}]}}