{"id":7445,"date":"2022-06-25T16:25:41","date_gmt":"2022-06-25T21:25:41","guid":{"rendered":"https:\/\/xn--huracnpolmicocancnquintanaroo-knc6wmu.com\/?p=7445"},"modified":"2022-06-27T21:26:49","modified_gmt":"2022-06-27T21:26:49","slug":"viruela-del-mono-oms-descarta-que-sea-emergencia-sanitaria-internacional","status":"publish","type":"post","link":"https:\/\/xn--huracnpolmicocancnquintanaroo-knc6wmu.com\/?p=7445","title":{"rendered":"Viruela del mono: OMS descarta que sea emergencia sanitaria internacional"},"content":{"rendered":"<div class=\"row\">\n<div class=\"col-sm-xl-12 layout-section wrap-bottom\">\n<h4 class=\"primary-font__PrimaryFontStyles-o56yd5-0 heuGTu h4-primary sub-headline\" style=\"text-align: center;\">El director de la OMS, Tedros Adhanom, dio a conocer que tom\u00f3 la decisi\u00f3n tras seguir la recomendaci\u00f3n de un grupo de expertos convocados para deliberar la gravedad del brote,<\/h4>\n<\/div>\n<\/div>\n<div class=\"row\">\n<div class=\"col-sm-md-12 col-lg-xl-8 left-article-section ie-flex-100-percent-sm layout-section\">\n<p class=\"default__StyledText-xb1qmn-0 cgXrXK body-paragraph\">La\u00a0<b>Organizaci\u00f3n Mundial de la Salud (OMS)<\/b>\u00a0inform\u00f3 este s\u00e1bado 25 de junio que el brote de viruela del mono en Europa y pa\u00edses de otras regiones no debe considerarse como una emergencia sanitaria internacional, como\u00a0<b>ocurre con el COVID-19.<\/b><\/p>\n<p class=\"default__StyledText-xb1qmn-0 cgXrXK body-paragraph\">Esta decisi\u00f3n ha sido tomada por el\u00a0<b>director general de la OMS, Tedros Adhanom Ghebreyesus,\u00a0<\/b>siguiendo la recomendaci\u00f3n de un grupo de expertos convocados para deliberar sobre la gravedad de este brote, una se\u00f1al de la preocupaci\u00f3n que est\u00e1 causando el\u00a0<b>aumento de personas infectadas.<\/b><\/p>\n<p class=\"default__StyledText-xb1qmn-0 cgXrXK body-paragraph\">\u201cLo que hace especialmente preocupante este brote es su propagaci\u00f3n r\u00e1pida y continua a nuevos pa\u00edses y regiones y el riesgo de una mayor transmisi\u00f3n a grupos vulnerables, como personas inmunodeprimidas, mujeres embarazadas y ni\u00f1os\u201d, explic\u00f3 Tedros, al comentar las conclusiones de los expertos.<\/p>\n<p class=\"default__StyledText-xb1qmn-0 cgXrXK body-paragraph\">Desde inicios de mayo se han notificado\u00a0<b>3 mil 40 casos confirmados de viruela del mono\u00a0<\/b>en medio centenar de pa\u00edses, muchos de los cuales nunca hab\u00edan registrado casos de esta enfermedad que se ha observado en particular entre hombres que tienen sexo con otros hombres.<\/p>\n<p class=\"default__StyledText-xb1qmn-0 cgXrXK body-paragraph\">Hasta el momento se han<b>\u00a0registrado pocas hospitalizaciones por esta enfermedad\u00a0<\/b>y una \u00fanica muerte, de una persona con inmunodepresi\u00f3n (debilitamiento del sistema inmunitario).<\/p>\n<p class=\"default__StyledText-xb1qmn-0 cgXrXK body-paragraph\">Los expertos de la OMS -que integran su Comit\u00e9 de Emergencia dedicado a analizar brotes infecciosos de este tipo- se reunieron el pasado jueves y hoy emitieron su informe, en el que se\u00f1alan que la gran mayor\u00eda de enfermos no han sido vacunados contra la viruela (la vacuna contra la viruela habitual tambi\u00e9n protege contra la viruela del mono).<\/p>\n<p class=\"default__StyledText-xb1qmn-0 cgXrXK body-paragraph\">\u201cAlgunos miembros indicaron que, dado el bajo nivel de inmunidad entre la poblaci\u00f3n, existe el riesgo de una mayor transmisi\u00f3n, la cual no debe ser ignorada\u201d, advirti\u00f3 la OMS.<\/p>\n<p class=\"default__StyledText-xb1qmn-0 cgXrXK body-paragraph\">Asimismo, los expertos recordaron que la\u00a0<b>circulaci\u00f3n de la viruela del mono en \u00c1frica\u00a0<\/b>ha sido desatendida durante muchos a\u00f1os y que es tiempo de volcarse para atender tambi\u00e9n esta situaci\u00f3n.<\/p>\n<p class=\"default__StyledText-xb1qmn-0 cgXrXK body-paragraph\">Los cient\u00edficos tambi\u00e9n indicaron que la progresi\u00f3n de la enfermedad debe ser vigilada y que ser\u00e1 necesario hacer un nuevo an\u00e1lisis de la situaci\u00f3n en las pr\u00f3ximas semanas una vez que haya m\u00e1s informaci\u00f3n sobre los brotes.<\/p>\n<p class=\"default__StyledText-xb1qmn-0 cgXrXK body-paragraph\">Para ello se seguir\u00e1 con atenci\u00f3n el ritmo de aumento de casos en los pr\u00f3ximos 21 d\u00edas dentro de la poblaci\u00f3n actualmente afectada y fuera de ella, el n\u00famero de casos entre los trabajadores del sexo, y una potencial propagaci\u00f3n dentro de los pa\u00edses con casos y en otros donde por ahora no han sido detectados.<\/p>\n<\/div>\n<\/div>\n","protected":false},"excerpt":{"rendered":"<p>El director de la OMS, Tedros Adhanom, dio a conocer que tom\u00f3 la decisi\u00f3n tras&#8230;<\/p>\n","protected":false},"author":1,"featured_media":7447,"comment_status":"open","ping_status":"closed","sticky":false,"template":"","format":"standard","meta":{"footnotes":""},"categories":[11,30],"tags":[],"class_list":["post-7445","post","type-post","status-publish","format-standard","has-post-thumbnail","hentry","category-internacional","category-salud"],"_links":{"self":[{"href":"https:\/\/xn--huracnpolmicocancnquintanaroo-knc6wmu.com\/index.php?rest_route=\/wp\/v2\/posts\/7445","targetHints":{"allow":["GET"]}}],"collection":[{"href":"https:\/\/xn--huracnpolmicocancnquintanaroo-knc6wmu.com\/index.php?rest_route=\/wp\/v2\/posts"}],"about":[{"href":"https:\/\/xn--huracnpolmicocancnquintanaroo-knc6wmu.com\/index.php?rest_route=\/wp\/v2\/types\/post"}],"author":[{"embeddable":true,"href":"https:\/\/xn--huracnpolmicocancnquintanaroo-knc6wmu.com\/index.php?rest_route=\/wp\/v2\/users\/1"}],"replies":[{"embeddable":true,"href":"https:\/\/xn--huracnpolmicocancnquintanaroo-knc6wmu.com\/index.php?rest_route=%2Fwp%2Fv2%2Fcomments&post=7445"}],"version-history":[{"count":1,"href":"https:\/\/xn--huracnpolmicocancnquintanaroo-knc6wmu.com\/index.php?rest_route=\/wp\/v2\/posts\/7445\/revisions"}],"predecessor-version":[{"id":7446,"href":"https:\/\/xn--huracnpolmicocancnquintanaroo-knc6wmu.com\/index.php?rest_route=\/wp\/v2\/posts\/7445\/revisions\/7446"}],"wp:featuredmedia":[{"embeddable":true,"href":"https:\/\/xn--huracnpolmicocancnquintanaroo-knc6wmu.com\/index.php?rest_route=\/wp\/v2\/media\/7447"}],"wp:attachment":[{"href":"https:\/\/xn--huracnpolmicocancnquintanaroo-knc6wmu.com\/index.php?rest_route=%2Fwp%2Fv2%2Fmedia&parent=7445"}],"wp:term":[{"taxonomy":"category","embeddable":true,"href":"https:\/\/xn--huracnpolmicocancnquintanaroo-knc6wmu.com\/index.php?rest_route=%2Fwp%2Fv2%2Fcategories&post=7445"},{"taxonomy":"post_tag","embeddable":true,"href":"https:\/\/xn--huracnpolmicocancnquintanaroo-knc6wmu.com\/index.php?rest_route=%2Fwp%2Fv2%2Ftags&post=7445"}],"curies":[{"name":"wp","href":"https:\/\/api.w.org\/{rel}","templated":true}]}}