{"id":7448,"date":"2022-06-25T16:29:19","date_gmt":"2022-06-25T21:29:19","guid":{"rendered":"https:\/\/xn--huracnpolmicocancnquintanaroo-knc6wmu.com\/?p=7448"},"modified":"2022-06-27T21:30:32","modified_gmt":"2022-06-27T21:30:32","slug":"que-significa-declarar-una-emergencia-internacional-durante-la-progresion-de-una-enfermedad","status":"publish","type":"post","link":"https:\/\/xn--huracnpolmicocancnquintanaroo-knc6wmu.com\/?p=7448","title":{"rendered":"\u00bfQu\u00e9 significa declarar una &#8216;emergencia internacional&#8217; durante la progresi\u00f3n de una enfermedad?"},"content":{"rendered":"<h4 style=\"text-align: center;\">Hace unos d\u00edas un El Comit\u00e9 de Expertos convocado por la OMS, se reuni\u00f3 para delibrar si el brote de &#8216;viruela del mono&#8217; respond\u00eda a una emergencia internacional<\/h4>\n<p class=\"mce\">Parece que los \u00faltimos dos a\u00f1os no nos han dado respiro en lo que a enfermedades se refiere. Desde el estallido del\u00a0<strong class=\"mce\">coronavirus,<\/strong>\u00a0que contin\u00faa ahora su\u00a0escalada\u00a0con un aumento de los casos en la mayor parte del territorio mundial, una\u00a0<strong class=\"mce\">oleada de enfermedades<\/strong>\u00a0que se cre\u00edan erradicadas o eran end\u00e9micas de territorios muy concretos, est\u00e1n dando la cara. Desde la\u00a0<strong class=\"mce\">hepatitis en ni\u00f1os<\/strong>\u00a0hasta el nuevo brote de\u00a0<strong class=\"mce\">viruela del mono<\/strong>\u00a0que\u00a0ha afectado a unas\u00a0<strong class=\"mce\">4.500 personas<\/strong>\u00a0en m\u00e1s de 50 pa\u00edses, En Espa\u00f1a aparecieron\u00a0los primeros casos el 18 de mayo, cuando la Comunidad de Madrid notific\u00f3 los primeros ocho sospechosos. El Ministerio de Sanidad confirm\u00f3 el 20 de mayo siete tras la secuenciaci\u00f3n parcial del virus, junto a otras 31 muestras que dieron positivo a viruela no humana.<\/p>\n<p class=\"mce\">Espa\u00f1a es el segundo pa\u00eds con mayor n\u00famero de casos, despu\u00e9s de Reino Unido. Seg\u00fan\u00a0datos del Ministerio de Sanidad\u00a0actualizados del 16 de junio, se han notificado\u00a0<strong class=\"mce\">497 casos,<\/strong>\u00a0m\u00e1s del<strong class=\"mce\">\u00a070\u00a0% en la Comunidad de Madrid.<\/strong>\u00a0Debido a esta escalada, que contin\u00faa en ascenso, el pasado jueves, el\u00a0<strong class=\"mce\">Comit\u00e9 de Expertos<\/strong>\u00a0convocado por la Organizaci\u00f3n Mundial de la Salud (OMS), se reuni\u00f3 para<strong class=\"mce\">\u00a0evaluar el aumento de casos<\/strong>\u00a0de viruela del mono registrado en las \u00faltimas semana. Por el momento, Europa y pa\u00edses de otras regiones<strong class=\"mce\">\u00a0no debe considerarse una\u00a0emergencia sanitaria internacional<\/strong><a class=\"mce\" href=\"https:\/\/www.diariodesevilla.es\/sociedad\/OMS-considera-viruela-emergencia-publica_0_1696630594.html\">,<\/a>\u00a0como s\u00ed ocurri\u00f3 con la covid-19.<\/p>\n<p class=\"mce\">Eso s\u00ed, destacaron que &#8220;es especialmente preocupante su\u00a0<strong class=\"mce\">propagaci\u00f3n r\u00e1pida<\/strong>\u00a0y continua a nuevos pa\u00edses y regiones, as\u00ed como el riesgo de una mayor transmisi\u00f3n a\u00a0<strong class=\"mce\">grupos vulnerables<\/strong>, como personas inmunodeprimidas, mujeres embarazadas y ni\u00f1os&#8221;, seg\u00fan las conclusiones de los expertos.<\/p>\n<p class=\"mce\">A<strong class=\"mce\">\u00a0diferencia de la covid-19<\/strong>, la viruela del mono no es un virus\u00a0nuevo, es relativamente estable y la inmunidad que se adquiere una vez pasada la enfermedad es duradera, no se transmite de forma muy eficaz entre personas y la enfermedad que produce es leve en la mayor\u00eda de los casos. Pero<strong class=\"mce\">, \u00bfQu\u00e9 significa la declaraci\u00f3n de una &#8216;emergencia internacional&#8217; en la progresi\u00f3n de una enfermedad?<\/strong><\/p>\n<h2 class=\"mce\"><strong class=\"mce\">DECLARAR UNA &#8216;EMERGENCIA INTERNACIONAL&#8217;<\/strong><\/h2>\n<div class=\"layoutSidebar mce\">\n<div class=\"layoutSidebar_primary mce\">\n<div class=\"layoutSidebar_primary_content mce\">\n<div class=\"articleContent mce\">\n<p class=\"articleParagraph mce\">La\u00a0<strong class=\"mce\">declaraci\u00f3n de la emergencia internacional<\/strong>\u00a0responde a &#8221;un evento extraordinario que se determina que constituye un riesgo para la salud p\u00fablica de otros Estados a trav\u00e9s de la propagaci\u00f3n internacional de la enfermedad y que potencialmente requiere una r<strong class=\"mce\">espuesta internacional coordinada<\/strong>&#8221;, formulada cuando surge una situaci\u00f3n que es &#8221;grave, repentina, inusual o inesperada&#8221;, que &#8221;conlleva implicaciones para la salud p\u00fablica m\u00e1s all\u00e1 de la frontera nacional del Estado afectado&#8221; y &#8221;puede requerir una acci\u00f3n internacional inmediata&#8221;.<\/p>\n<p class=\"articleParagraph mce\">Esto pretende incrementar la<strong class=\"mce\">\u00a0coordinaci\u00f3n entre los pa\u00edses<\/strong>\u00a0y reforzar los mecanismos para la b\u00fasqueda activa de casos y la implementaci\u00f3n internacional de\u00a0medidas\u00a0que ayuden a<strong class=\"mce\">\u00a0poner freno a la circulaci\u00f3n del virus,<\/strong>\u00a0algo que ir\u00e1 revis\u00e1ndose\u00a0en las pr\u00f3ximas semanas seg\u00fan cual sea la progresi\u00f3n del mismo. Esta declaraci\u00f3n\u00a0no solo se limita a\u00a0enfermedades infecciosas,\u00a0y puede cubrir una emergencia causada por un agente qu\u00edmico o un material nuclear nuclear.\u00a0Es una medida de &#8221;llamado a la acci\u00f3n&#8221; y &#8221;\u00faltimo recurso&#8221;.<\/p>\n<p class=\"articleParagraph mce\">Lo que preocupa a los expertos es que\u00a0para unos ojos no entrenados, la viruela del mono puede<strong class=\"mce\">\u00a0confundirse<\/strong>\u00a0f\u00e1cilmente con otros diagn\u00f3sticos con afecci\u00f3n dermatol\u00f3gica como la<strong class=\"mce\">\u00a0varicela,<\/strong>\u00a0herpes zoster, herpes simple, s\u00edfilis, gonorrea o moluscos contagiosos. Por ello, se seguir\u00e1 con atenci\u00f3n el<strong class=\"mce\">\u00a0ritmo de aumento de casos<\/strong>\u00a0en los pr\u00f3ximos 21 d\u00edas dentro de la poblaci\u00f3n actualmente afectada y fuera de ella, el n\u00famero de casos entre los trabajadores del sexo, y una potencial propagaci\u00f3n dentro de los pa\u00edses con casos y en otros donde por ahora no han sido detectados.<\/p>\n<p class=\"articleParagraph mce\">&#8221;Los gobiernos no necesitan esperar una declaraci\u00f3n oficial para actuar de manera coordinada y mesurada. Cuando se hayan identificado casos, ser\u00e1n cruciales las<strong class=\"mce\">\u00a0respuestas r\u00e1pidas<\/strong>\u00a0de salud p\u00fablica, como una mejor vigilancia de la enfermedad, el rastreo de contactos y el autoaislamiento&#8221;, sostienen.<\/p>\n<\/div>\n<\/div>\n<\/div>\n<\/div>\n","protected":false},"excerpt":{"rendered":"<p>Hace unos d\u00edas un El Comit\u00e9 de Expertos convocado por la OMS, se reuni\u00f3 para&#8230;<\/p>\n","protected":false},"author":1,"featured_media":7450,"comment_status":"open","ping_status":"closed","sticky":false,"template":"","format":"standard","meta":{"footnotes":""},"categories":[11,30],"tags":[],"class_list":["post-7448","post","type-post","status-publish","format-standard","has-post-thumbnail","hentry","category-internacional","category-salud"],"_links":{"self":[{"href":"https:\/\/xn--huracnpolmicocancnquintanaroo-knc6wmu.com\/index.php?rest_route=\/wp\/v2\/posts\/7448","targetHints":{"allow":["GET"]}}],"collection":[{"href":"https:\/\/xn--huracnpolmicocancnquintanaroo-knc6wmu.com\/index.php?rest_route=\/wp\/v2\/posts"}],"about":[{"href":"https:\/\/xn--huracnpolmicocancnquintanaroo-knc6wmu.com\/index.php?rest_route=\/wp\/v2\/types\/post"}],"author":[{"embeddable":true,"href":"https:\/\/xn--huracnpolmicocancnquintanaroo-knc6wmu.com\/index.php?rest_route=\/wp\/v2\/users\/1"}],"replies":[{"embeddable":true,"href":"https:\/\/xn--huracnpolmicocancnquintanaroo-knc6wmu.com\/index.php?rest_route=%2Fwp%2Fv2%2Fcomments&post=7448"}],"version-history":[{"count":1,"href":"https:\/\/xn--huracnpolmicocancnquintanaroo-knc6wmu.com\/index.php?rest_route=\/wp\/v2\/posts\/7448\/revisions"}],"predecessor-version":[{"id":7449,"href":"https:\/\/xn--huracnpolmicocancnquintanaroo-knc6wmu.com\/index.php?rest_route=\/wp\/v2\/posts\/7448\/revisions\/7449"}],"wp:featuredmedia":[{"embeddable":true,"href":"https:\/\/xn--huracnpolmicocancnquintanaroo-knc6wmu.com\/index.php?rest_route=\/wp\/v2\/media\/7450"}],"wp:attachment":[{"href":"https:\/\/xn--huracnpolmicocancnquintanaroo-knc6wmu.com\/index.php?rest_route=%2Fwp%2Fv2%2Fmedia&parent=7448"}],"wp:term":[{"taxonomy":"category","embeddable":true,"href":"https:\/\/xn--huracnpolmicocancnquintanaroo-knc6wmu.com\/index.php?rest_route=%2Fwp%2Fv2%2Fcategories&post=7448"},{"taxonomy":"post_tag","embeddable":true,"href":"https:\/\/xn--huracnpolmicocancnquintanaroo-knc6wmu.com\/index.php?rest_route=%2Fwp%2Fv2%2Ftags&post=7448"}],"curies":[{"name":"wp","href":"https:\/\/api.w.org\/{rel}","templated":true}]}}