{"id":7538,"date":"2022-07-02T18:16:57","date_gmt":"2022-07-02T23:16:57","guid":{"rendered":"https:\/\/xn--huracnpolmicocancnquintanaroo-knc6wmu.com\/?p=7538"},"modified":"2022-07-02T23:16:58","modified_gmt":"2022-07-02T23:16:58","slug":"el-festival-internacional-de-cine-de-las-alturas-anuncio-la-seleccion-oficial-para-su-8va-edicion","status":"publish","type":"post","link":"https:\/\/xn--huracnpolmicocancnquintanaroo-knc6wmu.com\/?p=7538","title":{"rendered":"El Festival Internacional de Cine de las Alturas anunci\u00f3 la selecci\u00f3n oficial para su 8va. Edici\u00f3n"},"content":{"rendered":"<h4 style=\"text-align: center;\">El evento cinematogr\u00e1fico m\u00e1s importante de la regi\u00f3n se realizar\u00e1 del 2 al 11 de septiembre en la provincia de Jujuy y, adem\u00e1s, las competencias oficiales se podr\u00e1n disfrutar de manera online en Argentina.<\/h4>\n<div class=\"row justify-content-start d-flex align-items-stretch no-padding no-margin mt-3\">\n<div class=\"col-xs-12 col-sm-12 col-md-12 col-lg-12 col-xl-1 no-padding columna-redes \">\n<div class=\"sticky\">\n<div class=\"noticia-social-share\">\n<p>La 8va. Edici\u00f3n del Festival Internacional de Cine de las Alturas contar\u00e1 con cuatro competencias oficiales: Competencia Internacional de Largometraje de Ficci\u00f3n, Competencia Internacional de Largometraje Documental (integradas por films de Argentina, Bolivia, Chile, Colombia, Ecuador, Per\u00fa y Venezuela), Competencia de Cortometrajes de la regi\u00f3n NOA (integrado por cortometrajes de Jujuy, Salta, Tucum\u00e1n, Santiago del Estero, Catamarca y La Rioja) y la Competencia Nacional Work in Progress de las Alturas con proyectos de largometrajes de producci\u00f3n argentina en proceso de realizaci\u00f3n.<\/p>\n<p>Selecci\u00f3n Oficial de la 8va edici\u00f3n:<\/p>\n<p>COMPETENCIA INTERNACIONAL DE LARGOMETRAJES DE FICCI\u00d3N<br \/>\n<strong>Amor bandido<\/strong>\u00a0de Daniel Werner. Argentina.<br \/>\n<strong>El \u00e1rbol rojo<\/strong>\u00a0de Joan G\u00f3mez Endara. Colombia.<br \/>\n<strong>El gran movimiento<\/strong>\u00a0de Kiro Russo. Bolivia.<br \/>\n<strong>El monte<\/strong>\u00a0de Sebasti\u00e1n Caulier. Argentina.<br \/>\n<strong>Especial<\/strong>\u00a0de Ignacio M\u00e1rquez. Venezuela.<br \/>\n<strong>Husek<\/strong>\u00a0de Daniela Seggiaro. Argentina.<br \/>\n<strong>Jes\u00fas L\u00f3pez<\/strong>\u00a0de Maximiliano Schonfeld. Argentina.<br \/>\n<strong>La calma<\/strong>\u00a0de Mariano C\u00f3colo. Argentina.<br \/>\n<strong>Lo invisible<\/strong>\u00a0de Javier Andrade. Ecuador.<br \/>\n<strong>Manco Capac<\/strong>\u00a0de Henry Vallejo. Per\u00fa.<br \/>\n<strong>Mis hermanos sue\u00f1an despiertos<\/strong>\u00a0de Claudia Huaiquimilla. Chile.<br \/>\n<strong>Siete perros<\/strong> de Rodrigo Guerrero. Argentina.<\/p>\n<p>COMPETENCIA INTERNACIONAL DE LARGOMETRAJES DOCUMENTALES<br \/>\n<strong>Achachilas<\/strong>\u00a0de Juan Gabriel Estellano. Bolivia.<br \/>\n<strong>Brutal como el rasgar de un f\u00f3sforo<\/strong>\u00a0de Elizabeth Ledesma. Ecuador.<br \/>\n<strong>Cafrune<\/strong>\u00a0de Juli\u00e1n Giulianelli. Argentina.<br \/>\n<strong>El silencio del Impenetrable<\/strong>\u00a0de Ignacio Robayna. Argentina.<br \/>\n<strong>Entrecerros<\/strong>\u00a0de Leonardo Cauteruccio. Argentina.<br \/>\n<strong>\u00c9rase una vez en Venezuela<\/strong>\u00a0de Anabel Rodr\u00edguez R\u00edos. Venezuela.<br \/>\n<strong>Esquirlas<\/strong>\u00a0de Natalia Garayalde. Argentina.<br \/>\n<strong>Frontera<\/strong>\u00a0de Paola Castillo. Chile.<br \/>\n<strong>Memorias de Uchuraccay<\/strong>\u00a0de Hern\u00e1n Rivera Mej\u00eda. Per\u00fa.<br \/>\n<strong>Mujer perseverante<\/strong>\u00a0de Soledad San Juli\u00e1n. Argentina.<br \/>\n<strong>Toro<\/strong>\u00a0de Adriana Bernal Mor y Ginna Ortega. Colombia.<br \/>\n<strong>Un hombre de cine<\/strong>\u00a0de Hern\u00e1n Gaffet. Argentina.<\/p>\n<p>COMPETENCIA CORTOS NOA<br \/>\n<strong>Ah\u00ed vienen<\/strong>\u00a0de Pedro Ponce Uda y Lucas Garc\u00eda. Tucum\u00e1n.<br \/>\n<strong>\u00c1ngela<\/strong>\u00a0de Ren\u00e1n Aparicio y Lucio Malizia. Jujuy.<br \/>\n<strong>Anoche en mis pesadillas<\/strong>\u00a0de Lautaro Arias Camacho. Salta.<br \/>\n<strong>Como suenan las burbujas<\/strong>\u00a0de Melina Andrea Dulci. Tucum\u00e1n.<br \/>\n<strong>Deshecho<\/strong>\u00a0de Agust\u00edn Lagos. Catamarca.<br \/>\n<strong>El hijo que<\/strong>\u00a0de Salvador Lencina. Salta.<br \/>\n<strong>En busca del fuego azul<\/strong>\u00a0de Baltazar Sagarnaga. Jujuy.<br \/>\n<strong>Mi mundito con monstruos<\/strong>\u00a0de Fernando Gallucci. Tucum\u00e1n.<br \/>\n<strong>Por el cielo<\/strong>\u00a0de Juan Quiroga. Jujuy.<br \/>\n<strong>Rosita<\/strong>\u00a0de Luc\u00eda Ravanelli. Salta.<br \/>\n<strong>Un lugar limpio y bien iluminado<\/strong>\u00a0de Nelson Urdaneta. Tucum\u00e1n.<br \/>\n<strong>Una pausa para la Madre Tierra<\/strong>\u00a0de Aldana Loiseau. Jujuy.<\/p>\n<p>WIP DE LAS ALTURAS<br \/>\n<strong>Cerro fuselaje<\/strong>\u00a0de Luis Urquiza y Jorge Honik. R\u00edo Negro.<br \/>\n<strong>De reinas y golondrinas<\/strong>\u00a0de Sergio Musso. Mendoza.<br \/>\n<strong>El amo del jard\u00edn<\/strong>\u00a0de Fernando Krapp. Buenos Aires.<br \/>\n<strong>Estepa<\/strong>\u00a0de Mariano Benito. R\u00edo Negro.<br \/>\n<strong>Las fieras<\/strong>\u00a0de Juan Flores. R\u00edo Negro.<br \/>\n<strong>M\u00e1s all\u00e1 de la tercera edad<\/strong>\u00a0de Sonia Lucia Dall \u00cc\u00c2\u0081Ara. Tucum\u00e1n.<br \/>\n<strong>WACAY, Mujeres del Tabacal<\/strong>\u00a0de Bel\u00e9n Revollo. Jujuy.<br \/>\n<strong>Yo fui reina<\/strong>\u00a0de Pamela Bertoni. Buenos Aires.<\/p>\n<p>El premio para los ganadores de cada competencia internacional se increment\u00f3 a $400.000 pesos argentinos, el mejor proyecto en desarrollo recibir\u00e1 $250.000 y el mejor cortometraje del NOA $180.000. Adem\u00e1s, en la Competencia Internacional de Largometrajes de Ficci\u00f3n se premiar\u00e1 con la Estatuilla Andes a la Mejor Direcci\u00f3n, Mejor Guion, Mejor Direcci\u00f3n de Fotograf\u00eda, Mejor Actuaci\u00f3n, Menci\u00f3n Especial del Jurado y Premio del P\u00fablico.<\/p>\n<p>En tanto en la Competencia Internacional de Largometrajes Documentales y Cortos NOA se otorgar\u00e1 tambi\u00e9n la Estatuilla Andes a la Menci\u00f3n Especial del Jurado y el Premio del P\u00fablico.<\/p>\n<p>Como todos los a\u00f1os, una serie de secciones paralelas completar\u00e1n la programaci\u00f3n del Festival, que este a\u00f1o contar\u00e1 nuevamente con sedes en distintas ciudades de la provincia, como as\u00ed tambi\u00e9n con proyecciones especiales al aire libre, shows musicales, capacitaciones y la presencia de los directores y directoras de las pel\u00edculas en competencia, volviendo a ser un punto de encuentro para el cine andino.<\/p>\n<\/div>\n<\/div>\n<\/div>\n<\/div>\n","protected":false},"excerpt":{"rendered":"<p>El evento cinematogr\u00e1fico m\u00e1s importante de la regi\u00f3n se realizar\u00e1 del 2 al 11 de&#8230;<\/p>\n","protected":false},"author":1,"featured_media":7540,"comment_status":"open","ping_status":"closed","sticky":false,"template":"","format":"standard","meta":{"footnotes":""},"categories":[27,11],"tags":[],"class_list":["post-7538","post","type-post","status-publish","format-standard","has-post-thumbnail","hentry","category-cultural","category-internacional"],"_links":{"self":[{"href":"https:\/\/xn--huracnpolmicocancnquintanaroo-knc6wmu.com\/index.php?rest_route=\/wp\/v2\/posts\/7538","targetHints":{"allow":["GET"]}}],"collection":[{"href":"https:\/\/xn--huracnpolmicocancnquintanaroo-knc6wmu.com\/index.php?rest_route=\/wp\/v2\/posts"}],"about":[{"href":"https:\/\/xn--huracnpolmicocancnquintanaroo-knc6wmu.com\/index.php?rest_route=\/wp\/v2\/types\/post"}],"author":[{"embeddable":true,"href":"https:\/\/xn--huracnpolmicocancnquintanaroo-knc6wmu.com\/index.php?rest_route=\/wp\/v2\/users\/1"}],"replies":[{"embeddable":true,"href":"https:\/\/xn--huracnpolmicocancnquintanaroo-knc6wmu.com\/index.php?rest_route=%2Fwp%2Fv2%2Fcomments&post=7538"}],"version-history":[{"count":1,"href":"https:\/\/xn--huracnpolmicocancnquintanaroo-knc6wmu.com\/index.php?rest_route=\/wp\/v2\/posts\/7538\/revisions"}],"predecessor-version":[{"id":7539,"href":"https:\/\/xn--huracnpolmicocancnquintanaroo-knc6wmu.com\/index.php?rest_route=\/wp\/v2\/posts\/7538\/revisions\/7539"}],"wp:featuredmedia":[{"embeddable":true,"href":"https:\/\/xn--huracnpolmicocancnquintanaroo-knc6wmu.com\/index.php?rest_route=\/wp\/v2\/media\/7540"}],"wp:attachment":[{"href":"https:\/\/xn--huracnpolmicocancnquintanaroo-knc6wmu.com\/index.php?rest_route=%2Fwp%2Fv2%2Fmedia&parent=7538"}],"wp:term":[{"taxonomy":"category","embeddable":true,"href":"https:\/\/xn--huracnpolmicocancnquintanaroo-knc6wmu.com\/index.php?rest_route=%2Fwp%2Fv2%2Fcategories&post=7538"},{"taxonomy":"post_tag","embeddable":true,"href":"https:\/\/xn--huracnpolmicocancnquintanaroo-knc6wmu.com\/index.php?rest_route=%2Fwp%2Fv2%2Ftags&post=7538"}],"curies":[{"name":"wp","href":"https:\/\/api.w.org\/{rel}","templated":true}]}}