{"id":7574,"date":"2022-07-05T16:43:35","date_gmt":"2022-07-05T21:43:35","guid":{"rendered":"https:\/\/xn--huracnpolmicocancnquintanaroo-knc6wmu.com\/?p=7574"},"modified":"2022-07-05T21:43:36","modified_gmt":"2022-07-05T21:43:36","slug":"expertos-piden-proteccion-internacional-para-el-patrimonio-cultural-afgano","status":"publish","type":"post","link":"https:\/\/xn--huracnpolmicocancnquintanaroo-knc6wmu.com\/?p=7574","title":{"rendered":"Expertos piden protecci\u00f3n internacional para el patrimonio cultural afgano"},"content":{"rendered":"<div class=\"epigraph-container\" data-gtm-element-container=\"modulo-texto-link\">\n<h4 class=\"epigraph\" style=\"text-align: center;\">Queremos evitar que se repitan acontecimientos como los de 2001, cuando las esculturas de los Budas de Bamiy\u00e1n fueron dinamitadas por los talibanes, dice\u00a0M\u00f3nica L\u00f3pez-Prat<\/h4>\n<\/div>\n<div class=\"supratitle-container\">\n<p class=\"paragraph\">Expertos en el patrimonio cultural de Afganist\u00e1n alertaron del &#8220;silencio&#8221; que rodea la preservaci\u00f3n de la cultura de ese pa\u00eds tras el regreso al poder de los talibanes en agosto del a\u00f1o pasado, y pidieron la implicaci\u00f3n de las organizaciones internacionales ante el riesgo de que se repitan acontecimientos como la destrucci\u00f3n de los Budas de Bamiy\u00e1n, dinamitados en 2001.<\/p>\n<p class=\"paragraph\">Las acciones preventivas para evitar eventuales futuros ataques centraron un encuentro telem\u00e1tico organizado en Espa\u00f1a por la Universidad Pompeu Fabra de Barcelona, en el que se apel\u00f3 tambi\u00e9n a una &#8220;declaraci\u00f3n conjunta&#8221; internacional para abordar esta crisis.<\/p>\n<p class=\"paragraph\">Para la conservadora de Patrimonio Cultural y profesora en el Departamento de Arte y Conservaci\u00f3n de Bienes Culturales de la Universidad de Barcelona, M\u00f3nica L\u00f3pez-Prat, una de los participantes, se necesitan &#8220;v\u00edas de di\u00e1logo&#8221; para poder &#8220;aislar&#8221; el patrimonio cultural de la situaci\u00f3n pol\u00edtica afgana.<\/p>\n<p class=\"paragraph\">&#8220;Queremos difundir esta problem\u00e1tica y evitar que se repitan acontecimientos como los de 2001, cuando las esculturas de los Budas de Bamiy\u00e1n fueron dinamitadas por los talibanes o parte de la colecci\u00f3n del Museo de Kabul que sufri\u00f3 un destino parecido&#8221;, dijo L\u00f3pez-Prat, que en 2018 estableci\u00f3 una colaboraci\u00f3n con el Instituto de Arqueolog\u00eda de Afganist\u00e1n para estudiar nuevos protocolos de conservaci\u00f3n del patrimonio local.<\/p>\n<p class=\"paragraph\">Su director hasta septiembre de 2021 Noor Agha Noori explic\u00f3 que tras la llegada de los talibanes al poder, muchos de los proyectos culturales se han &#8220;paralizado&#8221; porque &#8220;falta financiaci\u00f3n y recursos&#8221;.<\/p>\n<p class=\"paragraph\">&#8220;Todo el mundo conoce las actitudes y comportamientos de los talibanes. Ahora la situaci\u00f3n cultural en Afganist\u00e1n est\u00e1 paralizada pero es inestable, en cualquier momento puede cambiar y este riesgo necesita ser discutido por expertos y organizaciones internacionales\u201d, insisti\u00f3.<\/p>\n<p class=\"paragraph\">Con la propuesta de declaraci\u00f3n, los expertos en patrimonio cultural afgano buscan apoyos porque durante a\u00f1os &#8220;recibieron financiaci\u00f3n extranjera por parte de los americanos, del World Bank, el Archeological Institute of Chicago, pero &#8220;ahora muy pocas entidades siguen trabajando all\u00ed&#8221;, denunci\u00f3 L\u00f3pez-Prat.<\/p>\n<p class=\"paragraph\">Afganist\u00e1n preserva importantes lugares Patrimonio de la Humanidad y es un cruce de las culturas persa, la Grecia alejandrina, el budismo, el hinduismo y el islam, adem\u00e1s de ser el epicentro de la Ruta de la Seda.<\/p>\n<p class=\"paragraph\">&#8220;El patrimonio cultural se ha de preservar siempre, pero en este caso se trata de uno espectacular, tanto a nivel art\u00edstico como a nivel cient\u00edfico. Su estudio afecta a grandes preguntas relacionadas con la historia antigua y con los contactos entre Europa y Asia\u201d, reflexion\u00f3 la restauradora espa\u00f1ola.<\/p>\n<p class=\"paragraph\">En el encuentro particip\u00f3 adem\u00e1s el actual director del Museo Nacional de Kabul, Mohammad Fahim Rahimi, quien recalc\u00f3 la importancia de &#8220;alzar la voz&#8221; sobre el patrimonio cultural afgano porque &#8220;no se le est\u00e1 prestando atenci\u00f3n&#8221; y &#8220;se pueden perder las conexiones internacionales&#8221; sobre esta &#8220;necesidad humanitaria b\u00e1sica&#8221;.<\/p>\n<\/div>\n","protected":false},"excerpt":{"rendered":"<p>Queremos evitar que se repitan acontecimientos como los de 2001, cuando las esculturas de los&#8230;<\/p>\n","protected":false},"author":1,"featured_media":7576,"comment_status":"open","ping_status":"closed","sticky":false,"template":"","format":"standard","meta":{"footnotes":""},"categories":[27,11],"tags":[],"class_list":["post-7574","post","type-post","status-publish","format-standard","has-post-thumbnail","hentry","category-cultural","category-internacional"],"_links":{"self":[{"href":"https:\/\/xn--huracnpolmicocancnquintanaroo-knc6wmu.com\/index.php?rest_route=\/wp\/v2\/posts\/7574","targetHints":{"allow":["GET"]}}],"collection":[{"href":"https:\/\/xn--huracnpolmicocancnquintanaroo-knc6wmu.com\/index.php?rest_route=\/wp\/v2\/posts"}],"about":[{"href":"https:\/\/xn--huracnpolmicocancnquintanaroo-knc6wmu.com\/index.php?rest_route=\/wp\/v2\/types\/post"}],"author":[{"embeddable":true,"href":"https:\/\/xn--huracnpolmicocancnquintanaroo-knc6wmu.com\/index.php?rest_route=\/wp\/v2\/users\/1"}],"replies":[{"embeddable":true,"href":"https:\/\/xn--huracnpolmicocancnquintanaroo-knc6wmu.com\/index.php?rest_route=%2Fwp%2Fv2%2Fcomments&post=7574"}],"version-history":[{"count":1,"href":"https:\/\/xn--huracnpolmicocancnquintanaroo-knc6wmu.com\/index.php?rest_route=\/wp\/v2\/posts\/7574\/revisions"}],"predecessor-version":[{"id":7575,"href":"https:\/\/xn--huracnpolmicocancnquintanaroo-knc6wmu.com\/index.php?rest_route=\/wp\/v2\/posts\/7574\/revisions\/7575"}],"wp:featuredmedia":[{"embeddable":true,"href":"https:\/\/xn--huracnpolmicocancnquintanaroo-knc6wmu.com\/index.php?rest_route=\/wp\/v2\/media\/7576"}],"wp:attachment":[{"href":"https:\/\/xn--huracnpolmicocancnquintanaroo-knc6wmu.com\/index.php?rest_route=%2Fwp%2Fv2%2Fmedia&parent=7574"}],"wp:term":[{"taxonomy":"category","embeddable":true,"href":"https:\/\/xn--huracnpolmicocancnquintanaroo-knc6wmu.com\/index.php?rest_route=%2Fwp%2Fv2%2Fcategories&post=7574"},{"taxonomy":"post_tag","embeddable":true,"href":"https:\/\/xn--huracnpolmicocancnquintanaroo-knc6wmu.com\/index.php?rest_route=%2Fwp%2Fv2%2Ftags&post=7574"}],"curies":[{"name":"wp","href":"https:\/\/api.w.org\/{rel}","templated":true}]}}