{"id":7596,"date":"2022-07-07T17:38:07","date_gmt":"2022-07-07T22:38:07","guid":{"rendered":"https:\/\/xn--huracnpolmicocancnquintanaroo-knc6wmu.com\/?p=7596"},"modified":"2022-07-07T22:38:08","modified_gmt":"2022-07-07T22:38:08","slug":"entregan-premio-internacional-menendez-pelayo-a-la-linguista-concepcion-company-company","status":"publish","type":"post","link":"https:\/\/xn--huracnpolmicocancnquintanaroo-knc6wmu.com\/?p=7596","title":{"rendered":"Entregan Premio Internacional Men\u00e9ndez Pelayo a la ling\u00fcista Concepci\u00f3n Company Company"},"content":{"rendered":"<div class=\"news-excerpt\">\n<h4 style=\"text-align: center;\">Concepci\u00f3n Company Company, una de las m\u00e1s importantes investigadoras en M\u00e9xico, fue galardonada con este importante premio en Espa\u00f1a<\/h4>\n<\/div>\n<div class=\"clearfix\">\n<div class=\"news-line\">Este jueves 7 de julio, en Santander, Espa\u00f1a, se llev\u00f3 a cabo la entrega del XXXIV Premio Internacional Men\u00e9ndez Pelayo a la ling\u00fcista y miembro de la Academia Mexicana de la Lengua (AML) Concepci\u00f3n Company Company,\u00a0<strong>acto en que tambi\u00e9n se le ha concedido la Medalla de Honor de la Universidad Internacional Men\u00e9ndez Pelayo<\/strong>\u00a0(UIMP), distintivo que reconoce a grandes referentes de la investigaci\u00f3n cient\u00edfica, la docencia, las letras, las artes o la cultura.En este sentido, Company Company fue propuesta por la Academia Mexicana de la Lengua, de la que es directora adjunta; el secretario general de la UIMP \u2013Jos\u00e9 Carlos Garc\u00eda Cabrero\u2013 ha explicado el fallo del jurado, que destacaba la labor de la ling\u00fcista<strong>, \u201csu extraordinaria y dilatada trayectoria human\u00edstica y una labor constante en la difusi\u00f3n de las humanidades, reflejada en sus m\u00faltiples estudios sobre ling\u00fc\u00edstica del espa\u00f1ol y sus aproximaciones a la evoluci\u00f3n hist\u00f3rica de la lengua espa\u00f1ola en Am\u00e9rica,\u00a0<\/strong>de gran relevancia e impacto social a ambos lados del Atl\u00e1ntico\u201d.<\/p>\n<h2>Curiosidad, pasi\u00f3n y rebeld\u00eda<\/h2>\n<p>En su intervenci\u00f3n el director de la RAE, Santiago Mu\u00f1oz Machado, defini\u00f3 a Concepci\u00f3n Company como una \u201cincansable investigadora cient\u00edfica\u201d a<strong>\u00a0la que numerosas organizaciones han admirado por sus libros y \u201cseguido el modelo de investigaci\u00f3n filol\u00f3gica\u201d<\/strong>\u00a0que ha desarrollado.<\/p>\n<p>Por su parte, la galardonada se describi\u00f3 a s\u00ed misma como \u201cobrera de tres disciplinas: filolog\u00eda, sintaxis e historia\u201d y\u00a0 alguien que ha reivindicado el papel de la mujer en la investigaci\u00f3n; asimismo, record\u00f3 el significativo apoyo de las instituciones para el desarrollo de las humanidades:\u00a0<strong>\u201cLa curiosidad, la rebeld\u00eda y la pasi\u00f3n fueron cobijadas por las instituciones para poder seguir; las instituciones que me acogieron hicieron que las iniciativas personales se convirtieran en proyectos institucionales<\/strong>\u00a0y me permitieron que las ideas iniciales e individuales se convirtieran en objetos de mayor complejidad\u201d.<\/p>\n<p>Por otra parte, Carlos Andradas, rector de la UIMP, asegur\u00f3 que \u201c<strong>estamos orgullosos de otorgar este premio, el premio que lleva el nombre de nuestro fundador, a una mujer y universitaria\u00a0<\/strong>que ha hecho del rigor, del estudio y de la calidad, sus se\u00f1as de identidad\u201d, adem\u00e1s de agradecer a la ling\u00fcista su papel en el impulso de las humanidades.<\/p>\n<p>Por su parte, la galardonada se describi\u00f3 a s\u00ed misma como \u201cobrera de tres disciplinas: filolog\u00eda, sintaxis e historia\u201d y\u00a0 alguien que ha reivindicado el papel de la mujer en la investigaci\u00f3n; asimismo, record\u00f3 el significativo apoyo de las instituciones para el desarrollo de las humanidades:\u00a0<strong>\u201cLa curiosidad, la rebeld\u00eda y la pasi\u00f3n fueron cobijadas por las instituciones para poder seguir; las instituciones que me acogieron hicieron que las iniciativas personales se convirtieran en proyectos institucionales<\/strong>\u00a0y me permitieron que las ideas iniciales e individuales se convirtieran en objetos de mayor complejidad\u201d.<\/p>\n<p>Por otra parte, Carlos Andradas, rector de la UIMP, asegur\u00f3 que \u201c<strong>estamos orgullosos de otorgar este premio, el premio que lleva el nombre de nuestro fundador, a una mujer y universitaria\u00a0<\/strong>que ha hecho del rigor, del estudio y de la calidad, sus se\u00f1as de identidad\u201d, adem\u00e1s de agradecer a la ling\u00fcista su papel en el impulso de las humanidades.<\/p>\n<p>Entre sus obras destacan\u00a0<strong>\u2018La frase sustantiva en el espa\u00f1ol medieval\u2019<\/strong>\u00a0(1992),\u00a0<strong>\u2018Documentos ling\u00fc\u00edsticos de la Nueva Espa\u00f1a\u2019<\/strong>\u00a0(1994)<strong>, \u2018L\u00e9xico hist\u00f3rico del espa\u00f1ol de M\u00e9xico\u2019\u00a0<\/strong>(2000),\u00a0<strong>\u2018Corpus Diacr\u00f3nico y Diat\u00f3pico del Espa\u00f1ol de Am\u00e9rica\u2019\u00a0<\/strong>(2012),<strong>\u00a0\u2018Los opuestos se tocan. Afectos y desafectos en la historia del espa\u00f1ol<\/strong>\u2019 (2018) y \u2018<strong>Thomas Kuhn, revoluciones y paradigmas: una breve historia de la Ling\u00fc\u00edstica\u2019 (2019).<\/strong><\/p>\n<p>En 1992 recibi\u00f3 el Premio Universidad Nacional para J\u00f3venes Acad\u00e9micos, en 1995, el Premio Nacional de Ling\u00fc\u00edstica Wigberto Jim\u00e9nez Moreno, en 2012 le fue otorgado el Premio Universidad Nacional en Investigaci\u00f3n en Humanidades,\u00a0<strong>en 2015 fue nombrada vicepresidenta de la Asociaci\u00f3n Internacional de Historia de la Lengua Espa\u00f1ola, en 2018 le fue otorgada la medalla al m\u00e9rito de la Universidad Veracruzana.<\/strong>\u00a0En 2016 fue nombrada Investigadora Em\u00e9rita de la UNAM, a\u00f1o en que tambi\u00e9n ingres\u00f3 en El Colegio Nacional.<\/p>\n<\/div>\n<\/div>\n","protected":false},"excerpt":{"rendered":"<p>Concepci\u00f3n Company Company, una de las m\u00e1s importantes investigadoras en M\u00e9xico, fue galardonada con este&#8230;<\/p>\n","protected":false},"author":1,"featured_media":7598,"comment_status":"open","ping_status":"closed","sticky":false,"template":"","format":"standard","meta":{"footnotes":""},"categories":[27,11],"tags":[],"class_list":["post-7596","post","type-post","status-publish","format-standard","has-post-thumbnail","hentry","category-cultural","category-internacional"],"_links":{"self":[{"href":"https:\/\/xn--huracnpolmicocancnquintanaroo-knc6wmu.com\/index.php?rest_route=\/wp\/v2\/posts\/7596","targetHints":{"allow":["GET"]}}],"collection":[{"href":"https:\/\/xn--huracnpolmicocancnquintanaroo-knc6wmu.com\/index.php?rest_route=\/wp\/v2\/posts"}],"about":[{"href":"https:\/\/xn--huracnpolmicocancnquintanaroo-knc6wmu.com\/index.php?rest_route=\/wp\/v2\/types\/post"}],"author":[{"embeddable":true,"href":"https:\/\/xn--huracnpolmicocancnquintanaroo-knc6wmu.com\/index.php?rest_route=\/wp\/v2\/users\/1"}],"replies":[{"embeddable":true,"href":"https:\/\/xn--huracnpolmicocancnquintanaroo-knc6wmu.com\/index.php?rest_route=%2Fwp%2Fv2%2Fcomments&post=7596"}],"version-history":[{"count":1,"href":"https:\/\/xn--huracnpolmicocancnquintanaroo-knc6wmu.com\/index.php?rest_route=\/wp\/v2\/posts\/7596\/revisions"}],"predecessor-version":[{"id":7597,"href":"https:\/\/xn--huracnpolmicocancnquintanaroo-knc6wmu.com\/index.php?rest_route=\/wp\/v2\/posts\/7596\/revisions\/7597"}],"wp:featuredmedia":[{"embeddable":true,"href":"https:\/\/xn--huracnpolmicocancnquintanaroo-knc6wmu.com\/index.php?rest_route=\/wp\/v2\/media\/7598"}],"wp:attachment":[{"href":"https:\/\/xn--huracnpolmicocancnquintanaroo-knc6wmu.com\/index.php?rest_route=%2Fwp%2Fv2%2Fmedia&parent=7596"}],"wp:term":[{"taxonomy":"category","embeddable":true,"href":"https:\/\/xn--huracnpolmicocancnquintanaroo-knc6wmu.com\/index.php?rest_route=%2Fwp%2Fv2%2Fcategories&post=7596"},{"taxonomy":"post_tag","embeddable":true,"href":"https:\/\/xn--huracnpolmicocancnquintanaroo-knc6wmu.com\/index.php?rest_route=%2Fwp%2Fv2%2Ftags&post=7596"}],"curies":[{"name":"wp","href":"https:\/\/api.w.org\/{rel}","templated":true}]}}