{"id":7608,"date":"2022-07-08T16:28:28","date_gmt":"2022-07-08T21:28:28","guid":{"rendered":"https:\/\/xn--huracnpolmicocancnquintanaroo-knc6wmu.com\/?p=7608"},"modified":"2022-07-08T21:28:29","modified_gmt":"2022-07-08T21:28:29","slug":"concepcion-company-recibe-el-premio-internacional-menendez-pelayo","status":"publish","type":"post","link":"https:\/\/xn--huracnpolmicocancnquintanaroo-knc6wmu.com\/?p=7608","title":{"rendered":"Concepci\u00f3n Company recibe el Premio Internacional Men\u00e9ndez Pelayo"},"content":{"rendered":"<div class=\"entry-top galleryDesktop\">\n<div class=\"title\">\n<h4 style=\"text-align: center;\">La ling\u00fcista mexicana, miembro de El Colegio Nacional y de la Academia Mexicana de la Lengua, fue galardonada por \u201csu extraordinaria y dilatada trayectoria human\u00edstica y una labor constante en la difusi\u00f3n de las humanidades\u201d, dijo el jurado.<\/h4>\n<\/div>\n<\/div>\n<div class=\"nota-autor clearfix\">\n<div class=\"entry-author clearfix\">\n<address class=\"clearfix\">La ling\u00fcista mexicana\u00a0<strong>Concepci\u00f3n Company Company<\/strong>, recibi\u00f3 este jueves en el\u00a0<strong>Real del Palacio de la Magdalena<\/strong>, en Santander, Espa\u00f1a, el Premio\u00a0<strong>Internacional Men\u00e9ndez Pelayo<\/strong>, as\u00ed como la Medalla de Honor de la universidad anfitriona que otorga el galard\u00f3n, un distintivo que reconoce a grandes referentes de la investigaci\u00f3n cient\u00edfica, la ense\u00f1anza, las letras, las artes o la cultura.<\/p>\n<p>La ceremonia de entrega fue encabezada por Carlos Andradas, Matilde Carl\u00f3n y Jos\u00e9 Carlos Garc\u00eda, Cabrero, rector, vicerrectora primera y secretario general, respectivamente de la Universidad Internacional Men\u00e9ndez Pelayo (UIMP), y Santiago Mu\u00f1oz Machado, director de la Real Academia Espa\u00f1ola (RAE), entre otras personalidades.<\/p>\n<p>El secretario general de la UIMP, Jos\u00e9 Carlos Garc\u00eda Cabrero, fue el encargado de leer el fallo del jurado, en el que se destaca\u00a0la labor de la ling\u00fcista, \u201csu extraordinaria y dilatada trayectoria human\u00edstica y una labor constante en la difusi\u00f3n de las humanidades, reflejada en sus m\u00faltiples estudios sobre ling\u00fc\u00edstica del espa\u00f1ol y sus aproximaciones a la evoluci\u00f3n hist\u00f3rica de la lengua espa\u00f1ola en Am\u00e9rica, de gran relevancia e impacto social a ambos lados del Atl\u00e1ntico\u201d.<\/p>\n<p>En la laudatio el director de la\u00a0<strong>RAE<\/strong>\u00a0ha definido a\u00a0<strong>Concepci\u00f3n Company<\/strong>\u00a0como una \u201cincansable investigadora cient\u00edfica\u201d a la que numerosas organizaciones han admirado sus libros y \u201cseguido el modelo de investigaci\u00f3n filol\u00f3gica abierto por Company\u201d.<\/p>\n<p>En su discurso de recepci\u00f3n del premio,\u00a0<strong>Concepci\u00f3n Company<\/strong>\u00a0se defini\u00f3 a s\u00ed misma como \u201cobrera de tres disciplinas: filolog\u00eda, sintaxis e historia\u201d y reivindic\u00f3 el papel de la mujer en la investigaci\u00f3n. Asimismo agradeci\u00f3 la distinci\u00f3n recordado el significativo apoyo de las instituciones para el desarrollo de las humanidades: \u201cLa curiosidad, la rebeld\u00eda y la pasi\u00f3n fueron cobijadas por las instituciones para poder seguir; las instituciones que me acogieron hicieron que las iniciativas personales se convirtieran en proyectos institucionales y me permitieron que las ideas iniciales e individuales se convirtieran en objetos de mayor complejidad\u201d.<\/p>\n<p>Remarcando las palabras de<strong>\u00a0Company<\/strong>, el rector Carlos Andradas asegur\u00f3 que \u201clas personas son importantes pero las instituciones permanecen sobre las personas y tienen que seguir dando cauce a las iniciativas personales\u201d.<\/p>\n<p>\u201cSomos universidad y, por esto, estamos orgullosos de otorgar este premio, el premio que lleva el nombre de nuestro fundador Men\u00e9ndez Pelayo, a una mujer y universitaria que ha hecho del rigor, del estudio y de la calidad, sus se\u00f1as de identidad\u201d, concluy\u00f3 Andradas, agradeciendo a la ling\u00fcista su papel en el impulso de las humanidades.<\/p>\n<p>Concepci\u00f3n Company ingresa a la selecta lista de mexicanos y latinoamericanos, todas ellas personalidades de la cultura y las letras que recibieron antes el premio, como Ruy P\u00e9rez Tamayo (2020), Ernesto de la Pe\u00f1a (2012), Miguel Le\u00f3n-Portilla (2001), Luis Mart\u00ednez (1995), Carlos Fuentes (1992), Jos\u00e9 Octavio paz (1987), N\u00e9lida Pi\u00f1\u00f3n (2003), Mario Benedetti (2005), y Mario Vargas Llosas, entre otras.<\/p>\n<h2>Una amplia trayectoria ling\u00fc\u00edstica<\/h2>\n<p><strong>Concepci\u00f3n Company\u00a0<\/strong>(Madrid, 1954), mexicana de origen espa\u00f1ol, fue propuesta para el galard\u00f3n por la Academia Mexicana de la Lengua, de la que es directora adjunta.<\/p>\n<p>La galardonada estudi\u00f3 la licenciatura en Lengua y Literaturas Hisp\u00e1nicas y la maestr\u00eda y el doctorado en Letras (Ling\u00fc\u00edstica Hisp\u00e1nica) en la Facultad de Filosof\u00eda y Letras de la Universidad Nacional Aut\u00f3noma de M\u00e9xico (UNAM). Es autora de diez libros y editora de veintisiete, de m\u00e1s de cien art\u00edculos especializados y cap\u00edtulos de libros, as\u00ed como de ponencias m\u00faltiples en congresos. Entre sus obras destacan La frase sustantiva en el espa\u00f1ol medieval, (1992); Documentos ling\u00fc\u00edsticos de la Nueva Espa\u00f1a, (1994); L\u00e9xico hist\u00f3rico del espa\u00f1ol de M\u00e9xico, (2000); los siete tomos de la Sintaxis hist\u00f3rica de la lengua espa\u00f1ola: La frase verbal, (2006), La frase nominal, (2009) y Adverbios, preposiciones y conjunciones. Relaciones interoracionales, (2014); Corpus Diacr\u00f3nico y Diat\u00f3pico del Espa\u00f1ol de Am\u00e9rica (2012); Los opuestos se tocan. Afectos y desafectos en la historia del espa\u00f1ol, (2018); Thomas Kuhn, revoluciones y paradigmas. o Una breve historia de la Ling\u00fc\u00edstica, (2019).<\/p>\n<p>En 1992 recibi\u00f3 el Premio Universidad Nacional para J\u00f3venes Acad\u00e9micos, en 1995, el Premio Nacional de Ling\u00fc\u00edstica Wigberto Jim\u00e9nez Moreno, en 2012 le fue otorgado el Premio Universidad Nacional en Investigaci\u00f3n en Humanidades, en 2015 fue nombrada vicepresidenta de la Asociaci\u00f3n Internacional de Historia de la Lengua Espa\u00f1ola; y en 2018 le fue otorgada la medalla al m\u00e9rito de la Universidad Veracruzana. En 2016 fue nombrada Investigadora Em\u00e9rita de la UNAM. Tambi\u00e9n en ese a\u00f1o ingres\u00f3 a El Colegio Nacional.<\/p>\n<\/address>\n<\/div>\n<\/div>\n","protected":false},"excerpt":{"rendered":"<p>La ling\u00fcista mexicana, miembro de El Colegio Nacional y de la Academia Mexicana de la&#8230;<\/p>\n","protected":false},"author":1,"featured_media":7610,"comment_status":"open","ping_status":"closed","sticky":false,"template":"","format":"standard","meta":{"footnotes":""},"categories":[27,11],"tags":[],"class_list":["post-7608","post","type-post","status-publish","format-standard","has-post-thumbnail","hentry","category-cultural","category-internacional"],"_links":{"self":[{"href":"https:\/\/xn--huracnpolmicocancnquintanaroo-knc6wmu.com\/index.php?rest_route=\/wp\/v2\/posts\/7608","targetHints":{"allow":["GET"]}}],"collection":[{"href":"https:\/\/xn--huracnpolmicocancnquintanaroo-knc6wmu.com\/index.php?rest_route=\/wp\/v2\/posts"}],"about":[{"href":"https:\/\/xn--huracnpolmicocancnquintanaroo-knc6wmu.com\/index.php?rest_route=\/wp\/v2\/types\/post"}],"author":[{"embeddable":true,"href":"https:\/\/xn--huracnpolmicocancnquintanaroo-knc6wmu.com\/index.php?rest_route=\/wp\/v2\/users\/1"}],"replies":[{"embeddable":true,"href":"https:\/\/xn--huracnpolmicocancnquintanaroo-knc6wmu.com\/index.php?rest_route=%2Fwp%2Fv2%2Fcomments&post=7608"}],"version-history":[{"count":1,"href":"https:\/\/xn--huracnpolmicocancnquintanaroo-knc6wmu.com\/index.php?rest_route=\/wp\/v2\/posts\/7608\/revisions"}],"predecessor-version":[{"id":7609,"href":"https:\/\/xn--huracnpolmicocancnquintanaroo-knc6wmu.com\/index.php?rest_route=\/wp\/v2\/posts\/7608\/revisions\/7609"}],"wp:featuredmedia":[{"embeddable":true,"href":"https:\/\/xn--huracnpolmicocancnquintanaroo-knc6wmu.com\/index.php?rest_route=\/wp\/v2\/media\/7610"}],"wp:attachment":[{"href":"https:\/\/xn--huracnpolmicocancnquintanaroo-knc6wmu.com\/index.php?rest_route=%2Fwp%2Fv2%2Fmedia&parent=7608"}],"wp:term":[{"taxonomy":"category","embeddable":true,"href":"https:\/\/xn--huracnpolmicocancnquintanaroo-knc6wmu.com\/index.php?rest_route=%2Fwp%2Fv2%2Fcategories&post=7608"},{"taxonomy":"post_tag","embeddable":true,"href":"https:\/\/xn--huracnpolmicocancnquintanaroo-knc6wmu.com\/index.php?rest_route=%2Fwp%2Fv2%2Ftags&post=7608"}],"curies":[{"name":"wp","href":"https:\/\/api.w.org\/{rel}","templated":true}]}}