{"id":7611,"date":"2022-07-08T16:50:22","date_gmt":"2022-07-08T21:50:22","guid":{"rendered":"https:\/\/xn--huracnpolmicocancnquintanaroo-knc6wmu.com\/?p=7611"},"modified":"2022-07-08T21:50:23","modified_gmt":"2022-07-08T21:50:23","slug":"alito-moreno-agradecio-apoyo-de-la-internacional-socialista-levantando-la-voz-en-nombre-de-mexico","status":"publish","type":"post","link":"https:\/\/xn--huracnpolmicocancnquintanaroo-knc6wmu.com\/?p=7611","title":{"rendered":"Alito Moreno agradeci\u00f3 apoyo de la Internacional Socialista: \u201cLevantando la voz en nombre de M\u00e9xico\u201d"},"content":{"rendered":"<h4 class=\"article-subheadline\" style=\"text-align: center;\">Moreno C\u00e1rdenas denunci\u00f3 una presunta persecuci\u00f3n pol\u00edtica por parte del gobierno de AMLO, luego de que la gobernadora de Campeche haya difundido audios comprometedores en su contra<\/h4>\n<div class=\"byline\">\n<div class=\"byline-text-wrapper\">\n<p class=\"paragraph\">El dirigente nacional del\u00a0<b>Partido Revolucionario Institucional<\/b>\u00a0(PRI),\u00a0<b>Alejandro\u00a0<\/b><i><b>Alito\u00a0<\/b><\/i><b>Moreno<\/b>\u00a0C\u00e1rdenas, viaj\u00f3 a las instalaciones de la Organizaci\u00f3n de las Naciones Unidas (ONU) en Ginebra, Suiza, para denunciar la\u00a0<b>presunta persecuci\u00f3n pol\u00edtica en su contra<\/b>, orquestada por el presidente Andr\u00e9s Manuel L\u00f3pez Obrador (AMLO).<\/p>\n<p class=\"paragraph\">Por medio de su cuenta oficial de Twitter, el exgobernador de Campeche se dedic\u00f3 a compartir su paso por la organizaci\u00f3n, pues asegur\u00f3 que el principal motivo de su viaje fue denunciar el presunto<b> atropellamiento del Estado de derecho mexicano.<\/b><\/p>\n<p class=\"paragraph\">Por lo cual,\u00a0<b>agradeci\u00f3 a la Internacional Socialista el apoyo\u00a0<\/b>que le brind\u00f3 como dirigente del PRI para poder presentar su mensaje en las Naciones Unidas; conviene recordar que el tricolor pertenece a dicha organizaci\u00f3n, la cual re\u00fane a la mayor\u00eda de partidos pol\u00edticos que se decantan por la socialdemocracia, socialismo y a favor de los derechos laborales.<\/p>\n<p class=\"paragraph\">\u201cHoy estoy en la representaci\u00f3n de las Naciones Unidas levantando la voz en nombre de nuestro pa\u00eds, presentando ante el mundo la grav\u00edsima situaci\u00f3n en la que este gobierno tiene a M\u00e9xico.<b>\u00a0\u00a1Muchas gracias a la Internacional Socialista por su respaldo a nuestra naci\u00f3n!<\/b>\u201d, redact\u00f3 en su cuenta oficial de Twitter.<\/p>\n<p class=\"paragraph\">El mensaje estuvo acompa\u00f1ado de un video de m\u00e1s de cuatro minutos en donde sentenci\u00f3 que el motivo de su viaje fue dejar a consideraci\u00f3n de los diplom\u00e1ticos de todo el mundo<b>\u00a0el caso que presuntamente se est\u00e1 viviendo en M\u00e9xico<\/b>, pues, dijo, ilustra los grandes retos y los grandes desaf\u00edos prioritarios que demanda la democracia global.<\/p>\n<p class=\"paragraph\">El diputado federal refiri\u00f3 que ya ha se\u00f1alado en diversos foros nacionales e internacionales cu\u00e1l es el estado la democracia en M\u00e9xico, misma que, desde su perspectiva, se encuentra en peligro. Explic\u00f3 a los presentes que en la actualidad,<b>\u00a0el pa\u00eds tiene un gobierno que atenta sistem\u00e1ticamente en su contra<\/b>.<\/p>\n<p class=\"paragraph\">\u201cEste gobierno ha buscado por todas las v\u00edas posibles la manera de debilitar a los partidos pol\u00edticos de oposici\u00f3n y a las autoridades electas aut\u00f3nomas. Se ha alterado el equilibrio de poderes, tenemos una injerencia permanente por parte del gobierno en el poder legislativo, como en el poder judicial\u201d<\/p>\n<p class=\"paragraph\">Horas antes, <i>Alito<\/i>\u00a0comparti\u00f3 una carta que le entreg\u00f3 a Michelle Bachelet, alta comisionada de las Naciones Unidas para los Derechos Humanos, en donde acus\u00f3 a Morena, que con la aprobaci\u00f3n del propio Presidente de la Rep\u00fablica, inici\u00f3 una campa\u00f1a medi\u00e1tica en contra de los diputados federales del\u00a0<b>PAN, PRI, PRD y MC que votaron en contra de la reforma el\u00e9ctrica<\/b>\u00a0que envi\u00f3 AMLO al Congreso de la Uni\u00f3n.<\/p>\n<p class=\"paragraph\">Explic\u00f3 a Bachelet que, incluso,<b>\u00a0Morena se atrevi\u00f3 a denunciar penalmente a los legisladores opositores bajo el cargo de \u201ctraici\u00f3n a la patria\u201d,<\/b>\u00a0lo que dej\u00f3 en \u201cclaro\u201d el talante autoritario del gobierno de L\u00f3pez Obrador.<\/p>\n<p>\u201cAlzamos nuestras voces en contra de esta iniciativa de reforma que representaba un retroceso para M\u00e9xico y, por ello, enfrentamos acoso constante, discursos de odio y amenazas directas, incluso en contra de nuestras familias\u201d<\/p>\n<p class=\"paragraph\">\u201cVamos a exponer el<b>\u00a0ataque permanente que este gobierno ha emprendido, en contra de todo aquel que se atreva a pensar diferente<\/b>\u201d, fueron las palabras que comparti\u00f3 el pol\u00edtico priista luego de entregar el documento.<\/p>\n<p class=\"paragraph\">Finalmente, el priista asegur\u00f3 que los mexicanos no se quedar\u00e1n de brazos cruzados ante la destrucci\u00f3n de la democracia, por lo que adelant\u00f3 que\u00a0<b>su siguiente parada ser\u00e1 Nueva York, Estados Unidos, para presentar una denuncia similar ante la Organizaci\u00f3n de Estados Americanos (OEA)<\/b>, organismo al que L\u00f3pez Obrador ha propuesto desaparecer.<\/p>\n<\/div>\n<\/div>\n","protected":false},"excerpt":{"rendered":"<p>Moreno C\u00e1rdenas denunci\u00f3 una presunta persecuci\u00f3n pol\u00edtica por parte del gobierno de AMLO, luego de&#8230;<\/p>\n","protected":false},"author":1,"featured_media":7613,"comment_status":"open","ping_status":"closed","sticky":false,"template":"","format":"standard","meta":{"footnotes":""},"categories":[11,15],"tags":[],"class_list":["post-7611","post","type-post","status-publish","format-standard","has-post-thumbnail","hentry","category-internacional","category-politica"],"_links":{"self":[{"href":"https:\/\/xn--huracnpolmicocancnquintanaroo-knc6wmu.com\/index.php?rest_route=\/wp\/v2\/posts\/7611","targetHints":{"allow":["GET"]}}],"collection":[{"href":"https:\/\/xn--huracnpolmicocancnquintanaroo-knc6wmu.com\/index.php?rest_route=\/wp\/v2\/posts"}],"about":[{"href":"https:\/\/xn--huracnpolmicocancnquintanaroo-knc6wmu.com\/index.php?rest_route=\/wp\/v2\/types\/post"}],"author":[{"embeddable":true,"href":"https:\/\/xn--huracnpolmicocancnquintanaroo-knc6wmu.com\/index.php?rest_route=\/wp\/v2\/users\/1"}],"replies":[{"embeddable":true,"href":"https:\/\/xn--huracnpolmicocancnquintanaroo-knc6wmu.com\/index.php?rest_route=%2Fwp%2Fv2%2Fcomments&post=7611"}],"version-history":[{"count":1,"href":"https:\/\/xn--huracnpolmicocancnquintanaroo-knc6wmu.com\/index.php?rest_route=\/wp\/v2\/posts\/7611\/revisions"}],"predecessor-version":[{"id":7612,"href":"https:\/\/xn--huracnpolmicocancnquintanaroo-knc6wmu.com\/index.php?rest_route=\/wp\/v2\/posts\/7611\/revisions\/7612"}],"wp:featuredmedia":[{"embeddable":true,"href":"https:\/\/xn--huracnpolmicocancnquintanaroo-knc6wmu.com\/index.php?rest_route=\/wp\/v2\/media\/7613"}],"wp:attachment":[{"href":"https:\/\/xn--huracnpolmicocancnquintanaroo-knc6wmu.com\/index.php?rest_route=%2Fwp%2Fv2%2Fmedia&parent=7611"}],"wp:term":[{"taxonomy":"category","embeddable":true,"href":"https:\/\/xn--huracnpolmicocancnquintanaroo-knc6wmu.com\/index.php?rest_route=%2Fwp%2Fv2%2Fcategories&post=7611"},{"taxonomy":"post_tag","embeddable":true,"href":"https:\/\/xn--huracnpolmicocancnquintanaroo-knc6wmu.com\/index.php?rest_route=%2Fwp%2Fv2%2Ftags&post=7611"}],"curies":[{"name":"wp","href":"https:\/\/api.w.org\/{rel}","templated":true}]}}