{"id":7656,"date":"2022-07-12T16:46:35","date_gmt":"2022-07-12T21:46:35","guid":{"rendered":"https:\/\/xn--huracnpolmicocancnquintanaroo-knc6wmu.com\/?p=7656"},"modified":"2022-07-12T21:46:36","modified_gmt":"2022-07-12T21:46:36","slug":"la-iniciativa-internacional-food-agriculture-resilience-mission-farm-para-la-seguridad-alimentaria-en-los-paises-mas-vulnerables","status":"publish","type":"post","link":"https:\/\/xn--huracnpolmicocancnquintanaroo-knc6wmu.com\/?p=7656","title":{"rendered":"La iniciativa internacional Food &#038; Agriculture Resilience Mission (FARM) para la seguridad alimentaria en los pa\u00edses m\u00e1s vulnerables"},"content":{"rendered":"<div class=\"chapo surlignable intro\">\n<p>La misi\u00f3n por la resiliencia alimentaria y agr\u00edcola (Food and Agriculture Resilience Mission, FARM) tiene como objetivo prevenir los efectos desastrosos sobre la seguridad alimentaria mundial de la guerra iniciada por Rusia en Ucrania. Efectivamente, esta guerra tiene consecuencias dram\u00e1ticas en muchos pa\u00edses vulnerables sobre los precios, la producci\u00f3n, el acceso y el suministro de cereales, especialmente el trigo.<\/p>\n<\/div>\n<div class=\"texte surlignable\">\n<p>Rusia y Ucrania son actores principales en la producci\u00f3n de varios alimentos b\u00e1sicos, como son los cereales. Estos dos pa\u00edses representan casi el 30\u00a0% de las exportaciones mundiales de trigo. La guerra que Rusia est\u00e1 librando en Ucrania aumenta el riesgo de inseguridad alimentaria y amenaza con sumir a millones de personas de los pa\u00edses m\u00e1s vulnerables en una situaci\u00f3n de crisis alimentaria.<\/p>\n<p>Para evitar una crisis alimentaria de gran envergadura, la Presidencia francesa del Consejo de la Uni\u00f3n Europea, junto con sus socios de la Uni\u00f3n Europea, el G7 y la Uni\u00f3n Africana, lanz\u00f3 el 24 de marzo de 2022 la Misi\u00f3n de Resiliencia Alimentaria y Agr\u00edcola (FARM).<\/p>\n<h3 class=\"spip\">Esta iniciativa propone un mecanismo de respuesta a la crisis alimentaria alrededor de tres pilares:<\/h3>\n<h4 class=\"spip\">Un pilar comercial para aliviar las tensiones en los mercados agr\u00edcolas<\/h4>\n<p>En v\u00ednculo estrecho con la Organizaci\u00f3n Mundial del Comercio (OMC), este pilar pretende salvar una \u00abcrisis de confianza\u00bb en los mercados agr\u00edcolas, evitando medidas de restricci\u00f3n a la exportaci\u00f3n y aumentando la transparencia de los precios y las reservas agr\u00edcolas.<\/p>\n<p>La reciente aprobaci\u00f3n en la 12\u00aa reuni\u00f3n ministerial de la OMC de una decisi\u00f3n que exime a las compras del Programa Alimentario Mundial (PAM) de cualquier medida restrictiva para las exportaciones es un paso en esta direcci\u00f3n.<\/p>\n<h4 class=\"spip\">Un pilar de solidaridad para reforzar la capacidad agr\u00edcola ucraniana<\/h4>\n<p>Francia trabaja en relaci\u00f3n estrecha con el PAM para definir un mecanismo de solidaridad que pueda desempe\u00f1ar un papel de \u00abamortiguador\u00bb en caso de agravaci\u00f3n de la crisis. Este mecanismo permitir\u00eda al PAM y a los pa\u00edses m\u00e1s fr\u00e1giles obtener suministros a precios inferiores a los del mercado.<\/p>\n<p>El apoyo al sector agr\u00edcola ucraniano y a la exportaci\u00f3n de cereal ucraniano a trav\u00e9s de la iniciativa \u00abCorredores solidarios\u00bb tambi\u00e9n est\u00e1 en el centro de las prioridades de FARM. La participaci\u00f3n de las empresas privadas (productores de cereales, transportistas, intermediarios) en este esfuerzo es esencial.<\/p>\n<h4 class=\"spip\">Un pilar de producci\u00f3n para crear capacidad agr\u00edcola sostenible en los pa\u00edses m\u00e1s afectados<\/h4>\n<p>Bajo la coordinaci\u00f3n del Fondo Internacional de Desarrollo Agr\u00edcola (FIDA), el tercer pilar de FARM pretende acelerar la transici\u00f3n hacia sistemas alimentarios sostenibles y resilientes, especialmente en el continente africano, cuya soberan\u00eda alimentaria es esencial. El objetivo es aprovechar los avances logrados en la 6\u00aa Cumbre UE\/UA, celebrada el 18 de febrero de 2022, en el \u00e1mbito de la producci\u00f3n agr\u00edcola y alimentaria sostenible y las iniciativas existentes sobre la Gran Muralla Verde y las prote\u00ednas vegetales.<\/p>\n<p>A trav\u00e9s de la iniciativa FARM, y con el apoyo de las organizaciones internacionales movilizadas en favor de la seguridad alimentaria y la nutrici\u00f3n, Francia y sus socios europeos proponen iniciativas concretas y operativas a corto, medio y largo plazo, en cuya puesta en marcha deber\u00e1 participar el conjunto de los agentes p\u00fablicos y privados implicados.<\/p>\n<h3 class=\"spip\"><a id=\"coalicion-mundial-agentes-publicos-1\" name=\"coalicion-mundial-agentes-publicos-1\"><\/a><a id=\"a2\" name=\"a2\"><\/a>Coalici\u00f3n mundial de agentes p\u00fablicos y privados para la resiliencia alimentaria internacional<\/h3>\n<p>En todos estos frentes, es indispensable una cooperaci\u00f3n m\u00e1s estrecha entre los agentes privados y p\u00fablicos para garantizar una respuesta eficaz a la crisis alimentaria. Por ello, el 23 de junio de 2022, Catherine Colonna, ministra para Europa y de Asuntos Exteriores, y Marc Fesneau, ministro de Agricultura e Soberan\u00eda Alimentaria, reunieron a los operadores del sector privado con Franck Riester, ministro delegado de Comercio Exterior y Atractivo, y con Crysoula Zacharopoulou, secretaria de Estado de Desarrollo, Francofon\u00eda y Colaboraci\u00f3n Internacional, dependiente de la ministra para Europa y de Asuntos Exteriores. En esta reuni\u00f3n se puso en marcha la coalici\u00f3n Empresarial Mundial para la Seguridad Alimentaria (Global Business Coalition for Food Security), con el apoyo de Francia, la Comisi\u00f3n Europea, el BEI, el PAM, el FIDA y la Fundaci\u00f3n Bill y Melinda Gates y la adopci\u00f3n de una declaraci\u00f3n de compromisos del sector privado para apoyar a la Coalici\u00f3n<\/p>\n<p>La conferencia ministerial alemana sobre seguridad alimentaria del 24 de junio de 2022, la cumbre del G7 en Elmau los d\u00edas 27 y 28 de junio de 2022, la reuni\u00f3n de alto nivel del Comit\u00e9 de Seguridad Alimentaria Mundial (CSA) en Nueva York el 18 de julio de 2022 y la cumbre del G20 en Bali en oto\u00f1o de 2022 son hitos fundamentales para seguir movilizando a la comunidad internacional y poner en pr\u00e1ctica las propuestas de la FARM.<\/p>\n<p>Informe del grupo de trabajo acad\u00e9mico independiente creado bajo el patrocinio del Presidente de la Rep\u00fablica para poner en perspectiva geoestrat\u00e9gica la iniciativa FARM.<\/p>\n<\/div>\n","protected":false},"excerpt":{"rendered":"<p>La misi\u00f3n por la resiliencia alimentaria y agr\u00edcola (Food and Agriculture Resilience Mission, FARM) tiene&#8230;<\/p>\n","protected":false},"author":1,"featured_media":7658,"comment_status":"open","ping_status":"closed","sticky":false,"template":"","format":"standard","meta":{"footnotes":""},"categories":[27,11],"tags":[],"class_list":["post-7656","post","type-post","status-publish","format-standard","has-post-thumbnail","hentry","category-cultural","category-internacional"],"_links":{"self":[{"href":"https:\/\/xn--huracnpolmicocancnquintanaroo-knc6wmu.com\/index.php?rest_route=\/wp\/v2\/posts\/7656","targetHints":{"allow":["GET"]}}],"collection":[{"href":"https:\/\/xn--huracnpolmicocancnquintanaroo-knc6wmu.com\/index.php?rest_route=\/wp\/v2\/posts"}],"about":[{"href":"https:\/\/xn--huracnpolmicocancnquintanaroo-knc6wmu.com\/index.php?rest_route=\/wp\/v2\/types\/post"}],"author":[{"embeddable":true,"href":"https:\/\/xn--huracnpolmicocancnquintanaroo-knc6wmu.com\/index.php?rest_route=\/wp\/v2\/users\/1"}],"replies":[{"embeddable":true,"href":"https:\/\/xn--huracnpolmicocancnquintanaroo-knc6wmu.com\/index.php?rest_route=%2Fwp%2Fv2%2Fcomments&post=7656"}],"version-history":[{"count":1,"href":"https:\/\/xn--huracnpolmicocancnquintanaroo-knc6wmu.com\/index.php?rest_route=\/wp\/v2\/posts\/7656\/revisions"}],"predecessor-version":[{"id":7657,"href":"https:\/\/xn--huracnpolmicocancnquintanaroo-knc6wmu.com\/index.php?rest_route=\/wp\/v2\/posts\/7656\/revisions\/7657"}],"wp:featuredmedia":[{"embeddable":true,"href":"https:\/\/xn--huracnpolmicocancnquintanaroo-knc6wmu.com\/index.php?rest_route=\/wp\/v2\/media\/7658"}],"wp:attachment":[{"href":"https:\/\/xn--huracnpolmicocancnquintanaroo-knc6wmu.com\/index.php?rest_route=%2Fwp%2Fv2%2Fmedia&parent=7656"}],"wp:term":[{"taxonomy":"category","embeddable":true,"href":"https:\/\/xn--huracnpolmicocancnquintanaroo-knc6wmu.com\/index.php?rest_route=%2Fwp%2Fv2%2Fcategories&post=7656"},{"taxonomy":"post_tag","embeddable":true,"href":"https:\/\/xn--huracnpolmicocancnquintanaroo-knc6wmu.com\/index.php?rest_route=%2Fwp%2Fv2%2Ftags&post=7656"}],"curies":[{"name":"wp","href":"https:\/\/api.w.org\/{rel}","templated":true}]}}