{"id":7674,"date":"2022-07-12T19:13:08","date_gmt":"2022-07-13T00:13:08","guid":{"rendered":"https:\/\/xn--huracnpolmicocancnquintanaroo-knc6wmu.com\/?p=7674"},"modified":"2022-07-13T00:13:10","modified_gmt":"2022-07-13T00:13:10","slug":"dia-del-abogado-en-mexico-por-que-se-celebra-el-12-de-julio","status":"publish","type":"post","link":"https:\/\/xn--huracnpolmicocancnquintanaroo-knc6wmu.com\/?p=7674","title":{"rendered":"D\u00eda del Abogado en M\u00e9xico: \u00bfPor qu\u00e9 se celebra el 12 de julio?"},"content":{"rendered":"<div class=\"row\">\n<div class=\"col-sm-xl-12 layout-section wrap-bottom\">\n<h4 class=\"primary-font__PrimaryFontStyles-o56yd5-0 heuGTu h4-primary sub-headline\" style=\"text-align: center;\">El D\u00eda del Abogado se conmemora a manera de recordatorio de los deberes que los mexicanos y mexicanas tienen para con la aplicaci\u00f3n de las leyes y la justicia.<\/h4>\n<\/div>\n<\/div>\n<div class=\"row\">\n<div class=\"col-sm-md-12 col-lg-xl-8 left-article-section ie-flex-100-percent-sm layout-section\">\n<p class=\"default__StyledText-xb1qmn-0 cgXrXK body-paragraph\">Todos hemos tenido una emergencia legal y la necesidad de contratar un\u00a0<b>abogado\u00a0<\/b>y es ah\u00ed cuando nos preguntamos \u00bfpor qu\u00e9 no tengo un amigo que se dedique a las leyes?<\/p>\n<p class=\"default__StyledText-xb1qmn-0 cgXrXK body-paragraph\">Pues bien, hoy es el<b>\u00a0D\u00eda del Abogado<\/b>. Si conoces a uno felic\u00edtalo y si te han sacado de emergencias, dale un regalo. Seg\u00fan la Universidad Aut\u00f3noma de Chiapas (<b>UNACH<\/b>), cada\u00a0<b>12 de julio en M\u00e9xico<\/b>\u00a0se conmemora a estos presi\u00f3nales.<\/p>\n<p class=\"default__StyledText-xb1qmn-0 cgXrXK body-paragraph\">El<b>\u00a0D\u00eda del Abogado<\/b>\u00a0se conmemora todos los a\u00f1os a manera de recordatorio de los deberes que los mexicanos y mexicanas tienen para con<b>\u00a0la aplicaci\u00f3n de las leyes y la justicia.<\/b><\/p>\n<h2 class=\"heading__StyledHeading-sc-5jxglz-0 kSxoe\"><b>Este es el origen del D\u00eda del Abogado<\/b><\/h2>\n<p class=\"default__StyledText-xb1qmn-0 cgXrXK body-paragraph\">El origen de este d\u00eda se remonta a 1960, cuando un comit\u00e9 encabeza por<b>\u00a0Federico Bracamontes,\u00a0<\/b>fundador del peri\u00f3dico\u00a0<i>Diario de M\u00e9xico\u00a0<\/i>solicit\u00f3 a Adolfo L\u00f3pez Mateos, entonces presidente de nuestro pa\u00eds, que declarara el\u00a0<b>12 de julio\u00a0<\/b>como<b>\u00a0D\u00eda del Abogado.\u00a0<\/b>El objetivo era rendir homenaje a los profesionales del \u00e1rea jur\u00eddica.<\/p>\n<p class=\"default__StyledText-xb1qmn-0 cgXrXK body-paragraph\">El 12 de julio de 1533 se estableci\u00f3 en la\u00a0<b>Nueva Espa\u00f1a<\/b>\u00a0la primera c\u00e1tedra para la ense\u00f1anza del Derecho, donde se dictaron las primeras ordenanzas del buen gobierno, por ello es el D\u00eda del Abogado en M\u00e9xico.<\/p>\n<p class=\"default__StyledText-xb1qmn-0 cgXrXK body-paragraph\">Seg\u00fan la UNACH, tambi\u00e9n un 12 de julio de 1553 Bartolom\u00e9 de Fr\u00edas y Albornoz ley\u00f3 ante testigos de importancia la\u00a0<b>Prima de Leyes,<\/b>\u00a0una de las c\u00e1tedras que hab\u00eda en ese tiempo y se impart\u00eda en\u00a0<b>Derecho<\/b>, en la que se ense\u00f1aba el Digesto.<\/p>\n<p class=\"default__StyledText-xb1qmn-0 cgXrXK body-paragraph\">La primera instituci\u00f3n que prepar\u00f3 profesionales del derecho fue la Real y Pontificia Universidad de M\u00e9xico, hoy la actual Universidad Nacional Aut\u00f3noma de M\u00e9xico (<b>UNAM<\/b>).<\/p>\n<p class=\"default__StyledText-xb1qmn-0 cgXrXK body-paragraph\">La palabra \u2018abogado\u2019 proviene del lat\u00edn advocatus,<b>\u00a0llamado en auxilio\u00a0<\/b>y hace referencia a aquellos profesionistas que se dedican a defender, en juicio por escrito o de palabra, los intereses o causas de los litigantes, pudiendo ser su representado a particulares, empresas o gobiernos en asuntos jur\u00eddicos en los tribunales competentes.<\/p>\n<\/div>\n<\/div>\n","protected":false},"excerpt":{"rendered":"<p>El D\u00eda del Abogado se conmemora a manera de recordatorio de los deberes que los&#8230;<\/p>\n","protected":false},"author":1,"featured_media":7676,"comment_status":"open","ping_status":"closed","sticky":false,"template":"","format":"standard","meta":{"footnotes":""},"categories":[27,11,15],"tags":[],"class_list":["post-7674","post","type-post","status-publish","format-standard","has-post-thumbnail","hentry","category-cultural","category-internacional","category-politica"],"_links":{"self":[{"href":"https:\/\/xn--huracnpolmicocancnquintanaroo-knc6wmu.com\/index.php?rest_route=\/wp\/v2\/posts\/7674","targetHints":{"allow":["GET"]}}],"collection":[{"href":"https:\/\/xn--huracnpolmicocancnquintanaroo-knc6wmu.com\/index.php?rest_route=\/wp\/v2\/posts"}],"about":[{"href":"https:\/\/xn--huracnpolmicocancnquintanaroo-knc6wmu.com\/index.php?rest_route=\/wp\/v2\/types\/post"}],"author":[{"embeddable":true,"href":"https:\/\/xn--huracnpolmicocancnquintanaroo-knc6wmu.com\/index.php?rest_route=\/wp\/v2\/users\/1"}],"replies":[{"embeddable":true,"href":"https:\/\/xn--huracnpolmicocancnquintanaroo-knc6wmu.com\/index.php?rest_route=%2Fwp%2Fv2%2Fcomments&post=7674"}],"version-history":[{"count":1,"href":"https:\/\/xn--huracnpolmicocancnquintanaroo-knc6wmu.com\/index.php?rest_route=\/wp\/v2\/posts\/7674\/revisions"}],"predecessor-version":[{"id":7675,"href":"https:\/\/xn--huracnpolmicocancnquintanaroo-knc6wmu.com\/index.php?rest_route=\/wp\/v2\/posts\/7674\/revisions\/7675"}],"wp:featuredmedia":[{"embeddable":true,"href":"https:\/\/xn--huracnpolmicocancnquintanaroo-knc6wmu.com\/index.php?rest_route=\/wp\/v2\/media\/7676"}],"wp:attachment":[{"href":"https:\/\/xn--huracnpolmicocancnquintanaroo-knc6wmu.com\/index.php?rest_route=%2Fwp%2Fv2%2Fmedia&parent=7674"}],"wp:term":[{"taxonomy":"category","embeddable":true,"href":"https:\/\/xn--huracnpolmicocancnquintanaroo-knc6wmu.com\/index.php?rest_route=%2Fwp%2Fv2%2Fcategories&post=7674"},{"taxonomy":"post_tag","embeddable":true,"href":"https:\/\/xn--huracnpolmicocancnquintanaroo-knc6wmu.com\/index.php?rest_route=%2Fwp%2Fv2%2Ftags&post=7674"}],"curies":[{"name":"wp","href":"https:\/\/api.w.org\/{rel}","templated":true}]}}