{"id":7704,"date":"2022-07-14T11:18:28","date_gmt":"2022-07-14T16:18:28","guid":{"rendered":"https:\/\/xn--huracnpolmicocancnquintanaroo-knc6wmu.com\/?p=7704"},"modified":"2022-07-14T16:18:30","modified_gmt":"2022-07-14T16:18:30","slug":"ante-inflacion-fondo-monetario-internacional-advierte-de-una-recesion-en-el-mundo","status":"publish","type":"post","link":"https:\/\/xn--huracnpolmicocancnquintanaroo-knc6wmu.com\/?p=7704","title":{"rendered":"Ante inflaci\u00f3n, Fondo Monetario Internacional advierte de una recesi\u00f3n en el mundo"},"content":{"rendered":"<h4 class=\"h2\" style=\"text-align: center;\">\u201cVa a ser un 2022 duro, y posiblemente un 2023 a\u00fan m\u00e1s duro\u201d, alert\u00f3 la gerente Kristalina Georgieva<\/h4>\n<div class=\"dfp-contenedor-imagen\">La directora gerente del Fondo Monetario Internacional (FMI),\u00a0<strong>Kristalina Georgieva<\/strong>, advirti\u00f3 que debido a la alta\u00a0<strong>inflaci\u00f3n<\/strong>\u00a0y los efectos de la\u00a0<strong>guerra en Ucrania<\/strong>, se incrementa el riesgo de una recesi\u00f3n.<\/p>\n<p>\u201cVa a ser un 2022 duro, y posiblemente un 2023 a\u00fan m\u00e1s duro con un mayor riesgo de recesi\u00f3n\u201d, alert\u00f3.<\/p>\n<p>De ah\u00ed que anticip\u00f3 que el FMI revisar\u00e1 a la baja sus estimaciones contenidas en las expectativas econ\u00f3micas mundiales que dar\u00e1n a conocer a finales de julio.<\/p>\n<p>Como resultado, los indicadores recientes apuntan a un segundo trimestre d\u00e9bil, &#8220;y proyectamos una nueva rebaja del crecimiento mundial tanto para 2022 como para 2023 en nuestra Actualizaci\u00f3n de las Perspectivas de la econom\u00eda mundial a finales de este mes\u201d, dijo.En unos comentarios previos a la reuni\u00f3n de ministros de finanzas y gobernadores de bancos centrales del G20 que se llevar\u00e1 a cabo en Bali, Indonesia este 15 y 16 de julio, afirm\u00f3 que la inflaci\u00f3n es m\u00e1s alta de lo esperado e incluso se ampli\u00f3 m\u00e1s all\u00e1 de los precios de los alimentos y energ\u00e9ticos.<\/p>\n<p>Georgieva estableci\u00f3 que frente a ese panorama, los principales bancos centrales han tenido que responder con una mayor contracci\u00f3n monetaria, lo cual es necesario, pero pesar\u00e1 sobre la recuperaci\u00f3n, reconoci\u00f3.<\/p>\n<p>Hizo ver que las continuas interrupciones relacionadas con la pandemia, especialmente en China, y los nuevos cuellos de botella en las cadenas de suministro mundiales han frenado la actividad econ\u00f3mica.<\/p>\n<p>Ante ello, hizo un llamado al G20 para liderar una acci\u00f3n decisiva y una fuerte cooperaci\u00f3n internacional.<\/p><\/div>\n<figure class=\"contenedor-ImagenArticulo\"><picture><source srcset=\"https:\/\/www.eluniversal.com.mx\/sites\/default\/files\/styles\/f27-273x210\/public\/2022\/07\/13\/kristalina-georgieva.jpeg?itok=wX-lsa6K\" media=\"(max-width:576px)\" \/><source srcset=\"https:\/\/www.eluniversal.com.mx\/sites\/default\/files\/styles\/f03-651x400\/public\/2022\/07\/13\/kristalina-georgieva.jpeg?itok=VL9EpBGp\" media=\"(max-width:1039px)\" \/><source srcset=\"https:\/\/www.eluniversal.com.mx\/sites\/default\/files\/2022\/07\/13\/kristalina-georgieva.jpeg\" media=\"(min-width:1040px)\" \/><\/picture>\n<div id=\"standard_1\" class=\"st-placement standard_1 inImageRestricted\"><\/div>\n<\/figure>\n","protected":false},"excerpt":{"rendered":"<p>\u201cVa a ser un 2022 duro, y posiblemente un 2023 a\u00fan m\u00e1s duro\u201d, alert\u00f3 la&#8230;<\/p>\n","protected":false},"author":1,"featured_media":7706,"comment_status":"open","ping_status":"closed","sticky":false,"template":"","format":"standard","meta":{"footnotes":""},"categories":[12,15],"tags":[],"class_list":["post-7704","post","type-post","status-publish","format-standard","has-post-thumbnail","hentry","category-nacional","category-politica"],"_links":{"self":[{"href":"https:\/\/xn--huracnpolmicocancnquintanaroo-knc6wmu.com\/index.php?rest_route=\/wp\/v2\/posts\/7704","targetHints":{"allow":["GET"]}}],"collection":[{"href":"https:\/\/xn--huracnpolmicocancnquintanaroo-knc6wmu.com\/index.php?rest_route=\/wp\/v2\/posts"}],"about":[{"href":"https:\/\/xn--huracnpolmicocancnquintanaroo-knc6wmu.com\/index.php?rest_route=\/wp\/v2\/types\/post"}],"author":[{"embeddable":true,"href":"https:\/\/xn--huracnpolmicocancnquintanaroo-knc6wmu.com\/index.php?rest_route=\/wp\/v2\/users\/1"}],"replies":[{"embeddable":true,"href":"https:\/\/xn--huracnpolmicocancnquintanaroo-knc6wmu.com\/index.php?rest_route=%2Fwp%2Fv2%2Fcomments&post=7704"}],"version-history":[{"count":1,"href":"https:\/\/xn--huracnpolmicocancnquintanaroo-knc6wmu.com\/index.php?rest_route=\/wp\/v2\/posts\/7704\/revisions"}],"predecessor-version":[{"id":7705,"href":"https:\/\/xn--huracnpolmicocancnquintanaroo-knc6wmu.com\/index.php?rest_route=\/wp\/v2\/posts\/7704\/revisions\/7705"}],"wp:featuredmedia":[{"embeddable":true,"href":"https:\/\/xn--huracnpolmicocancnquintanaroo-knc6wmu.com\/index.php?rest_route=\/wp\/v2\/media\/7706"}],"wp:attachment":[{"href":"https:\/\/xn--huracnpolmicocancnquintanaroo-knc6wmu.com\/index.php?rest_route=%2Fwp%2Fv2%2Fmedia&parent=7704"}],"wp:term":[{"taxonomy":"category","embeddable":true,"href":"https:\/\/xn--huracnpolmicocancnquintanaroo-knc6wmu.com\/index.php?rest_route=%2Fwp%2Fv2%2Fcategories&post=7704"},{"taxonomy":"post_tag","embeddable":true,"href":"https:\/\/xn--huracnpolmicocancnquintanaroo-knc6wmu.com\/index.php?rest_route=%2Fwp%2Fv2%2Ftags&post=7704"}],"curies":[{"name":"wp","href":"https:\/\/api.w.org\/{rel}","templated":true}]}}