{"id":7707,"date":"2022-07-14T11:20:35","date_gmt":"2022-07-14T16:20:35","guid":{"rendered":"https:\/\/xn--huracnpolmicocancnquintanaroo-knc6wmu.com\/?p=7707"},"modified":"2022-07-14T16:20:37","modified_gmt":"2022-07-14T16:20:37","slug":"peru-pide-mayor-cooperacion-internacional-para-combatir-el-narcotrafico","status":"publish","type":"post","link":"https:\/\/xn--huracnpolmicocancnquintanaroo-knc6wmu.com\/?p=7707","title":{"rendered":"Per\u00fa pide mayor cooperaci\u00f3n internacional para combatir el narcotr\u00e1fico"},"content":{"rendered":"<div class=\"article-header-epigraph col-12\">\n<h4 id=\"m69-68-70\" style=\"text-align: center;\">Naciones Unidas reporta un aumento sin precedentes de la fabricaci\u00f3n de coca\u00edna. Junto a los Gobiernos progresistas de Colombia y Bolivia, se abre un nuevo tiempo para hacer frente com\u00fan al problema e\u00a0impulsar el desarrollo de productos alternativos a la hoja de coca.<\/h4>\n<\/div>\n<p id=\"m333-332-334\" class=\"pb-article-item-iteration\">El presidente ejecutivo de la oficina antidrogas de Per\u00fa,\u00a0<b>Ricardo Sober\u00f3n<\/b>, inst\u00f3 este mi\u00e9rcoles a la comunidad internacional a redoblar esfuerzos para revertir la\u00a0<b>creciente demanda de coca\u00edna<\/b>\u00a0que, asegur\u00f3, es la &#8220;espada de Damocles&#8221; que est\u00e1 devastando la Amazon\u00eda y entorpeciendo las pol\u00edticas nacionales contra el narcotr\u00e1fico.<\/p>\n<p class=\"pb-article-item-iteration\">&#8220;No es por nuestra condici\u00f3n macroecon\u00f3mica que estamos exigiendo m\u00e1s cooperaci\u00f3n, sino porque\u00a0<b>la demanda internacional de coca\u00edna sigue subiendo<\/b>\u00a0(&#8230;) mientras contin\u00fae esta tendencia, Am\u00e9rica Latina no podr\u00e1 atacar de manera sustantiva el narcotr\u00e1fico&#8221;, sentenci\u00f3 el responsable de la Comisi\u00f3n Nacional para el Desarrollo y Vida sin Drogas (Devida) en un encuentro con la Asociaci\u00f3n de Prensa Extranjera de Per\u00fa.<\/p>\n<p id=\"m348-3-349\" class=\"pb-article-item-iteration\">Para Sober\u00f3n, es &#8220;urgente&#8221; que el Gobierno peruano se re\u00fana con sus hom\u00f3logos de\u00a0<b>Colombia y Bolivia<\/b>\u00a0a fin revisar el principio de<b>\u00a0&#8220;responsabilidad compartida&#8221;<\/b>, para se\u00f1alar a la comunidad internacional que las medidas adoptadas hasta la fecha para atajar la lucha contra el tr\u00e1fico il\u00edcito de drogas &#8220;no parecen estar funcionando&#8221;.<\/p>\n<div class=\"relacionadas\">\n<div class=\"related-module related-news-between-text\">\n<div class=\"related\">\n<div id=\"m265-264-266\" class=\"item-related-news-between-text add-author no-icon\" data-collection=\"m261-260-262\">\n<p id=\"m353-4-354\" class=\"pb-article-item-iteration\">El funcionario, quien calific\u00f3 de &#8220;preocupante&#8221; el \u00faltimo informe mundial de drogas de<b>\u00a0Naciones Unidas\u00a0<\/b>(ONU) que report\u00f3 un aumento sin precedentes de la fabricaci\u00f3n de coca\u00edna, insisti\u00f3 en que ahora, con la llegada de\u00a0<b>Gustavo Petro<\/b>\u00a0al poder en Colombia, es el momento oportuno para encontrar puntos en com\u00fan entre los pa\u00edses productores de esta sustancia con miras a\u00a0<b>&#8220;mejorar los mecanismos&#8221;<\/b>\u00a0y\u00a0<b>&#8220;modificar los t\u00e9rminos de intercambio&#8221;<\/b>\u00a0con organismos internacionales.<\/p>\n<p id=\"m358-5-359\" class=\"pb-article-item-iteration\">&#8220;Por primera vez en la historia reciente de Am\u00e9rica del Sur habr\u00e1 tres Gobiernos (Per\u00fa, Colombia y Bolivia) que tienen\u00a0<b>un inter\u00e9s particular<\/b>\u00a0en revisar la forma como abordamos problemas que nos afectan en conjunto&#8221;, resalt\u00f3, tras recordar que<b>\u00a0la cooperaci\u00f3n internacional a los pa\u00edses andinos &#8220;viene reduci\u00e9ndose&#8221;<\/b>\u00a0en los \u00faltimos a\u00f1os, salvo en Bolivia.<\/p>\n<p class=\"pb-article-item-iteration\">Precis\u00f3 que uno de los componentes que habr\u00eda que plantear a la ONU, a la Organizaci\u00f3n de los Estados Americanos (OEA) y a los pa\u00edses de la Organizaci\u00f3n para la Cooperaci\u00f3n y el Desarrollo Econ\u00f3micos (OCDE) es que\u00a0<b>&#8220;no son suficientes los mecanismos del libre mercado&#8221;<\/b>\u00a0para impulsar el desarrollo de productos alternativos a la hoja de coca, la materia prima de la coca\u00edna.<\/p>\n<p id=\"m373-8-374\" class=\"pb-article-item-iteration\">&#8220;Hay que entregarle\u00a0<b>un plus a los productos (&#8230;) que sustituyan la coca<\/b>. Eso debe de pagar(se), si no es (con) un bono, por lo menos (con) condiciones favorables de mercado&#8221;, dijo el presidente de Devida.<\/p>\n<p id=\"m378-9-379\" class=\"pb-article-item-iteration\">Y esboz\u00f3 un segundo planteamiento: &#8220;El norte, por decirlo de alguna manera, nos exige a nosotros reducci\u00f3n de oferta (de droga) (&#8230;), quisi\u00e9ramos la misma acuciosidad para evidenciar c\u00f3mo Alemania, Inglaterra, Francia, B\u00e9lgica,\u00a0Espa\u00f1a, Italia,\u00a0<b>no pueden detener la demanda creciente de coca\u00edna<\/b>&#8220;.<\/p>\n<p class=\"pb-article-item-iteration\">Insisti\u00f3 en que la\u00a0tendencia al alza de los consumidores mundiales de coca\u00edna, que escalaron\u00a0<b>de 14 millones en 1998 a 21 millones en 2020<\/b>, principalmente concentrados en Europa y Norteam\u00e9rica, &#8220;se convierte en un factor absolutamente determinante&#8221; de las pol\u00edticas nacionales antidrogas.<\/p>\n<h2 id=\"m388-11-389\" class=\"highlighted\">Ucayali, nuevo foco cocalero<\/h2>\n<p id=\"m393-12-394\" class=\"pb-article-item-iteration\">Sobre las estrategias del Gobierno peruano para combatir el narcotr\u00e1fico, que en la \u00faltima d\u00e9cada sumaron m\u00e1s de 500 millones de d\u00f3lares,\u00a0<b>Sober\u00f3n destac\u00f3 los esfuerzos para articular un &#8220;pacto social&#8221;<\/b>\u00a0entre el Estado y la poblaci\u00f3n para reducir los cultivos de hoja de coca con fines il\u00edcitos y contribuir al desarrollo integral y sostenible de la regi\u00f3n andino-amaz\u00f3nica del pa\u00eds.<\/p>\n<p class=\"pb-article-item-iteration\">Adem\u00e1s, revel\u00f3 que desde enero hasta la fecha las autoridades del pa\u00eds andino erradicaron de manera forzosa 1<b>0.000 hect\u00e1reas de cultivos de hoja de coca<\/b>, aunque el objetivo para fines de a\u00f1o es triplicar la cifra de 2020 y alcanzar las 18.000 hect\u00e1reas.<\/p>\n<p id=\"m408-15-409\" class=\"pb-article-item-iteration\">En paralelo, y trav\u00e9s del pacto social, Devida se traz\u00f3 la meta de reducir 1.000 hect\u00e1reas de cultivos de manera voluntaria en el c\u00e9ntrico Valle de los r\u00edos Apur\u00edmac, Ene y Mantaro (Vraem), la mayor cuenca cocalera de Per\u00fa, considerado el segundo productor mundial de coca\u00edna al producir entre 400 y 600 toneladas m\u00e9tricas al a\u00f1o.<\/p>\n<p id=\"m413-16-414\" class=\"pb-article-item-iteration\">El camino para esta erradicaci\u00f3n voluntaria, agreg\u00f3 Sober\u00f3n, parece haberse allanado ante\u00a0<b>la &#8220;situaci\u00f3n de abandono&#8221;<\/b>\u00a0por la que est\u00e1 atravesando ahora el Vraem debido al desplome de los precios de la hoja de coca, la pasta b\u00e1sica y el clorhidrato de coca\u00edna.<\/p>\n<p id=\"m418-17-419\" class=\"pb-article-item-iteration\">Las alarmas, en cambio, se est\u00e1n desviando hacia la selv\u00e1tica regi\u00f3n de Ucayali, que ya es un\u00a0<b>&#8220;nuevo foco cocalero&#8221; que &#8220;preocupa&#8221;<\/b>\u00a0a las autoridades peruanas. Al colindar con Brasil, este departamento goza de una localizaci\u00f3n estrat\u00e9gica para las rutas del narcotr\u00e1fico.<\/p>\n<p id=\"m423-18-424\" class=\"pb-article-item-iteration\">Tan solo entre 2020 y 2021, seg\u00fan precis\u00f3 el presidente de la oficina antidrogas, los cultivos de arbusto de hoja en Ucayali casi se triplicaron, al pasar de 3.810 hect\u00e1reas a 10.220.<\/p>\n<p id=\"m428-19-429\" class=\"pb-article-item-iteration\">En la zona de Aguaytia, en Ucayali, el incremento registrado el a\u00f1o pasado en la superficie cultivada de hoja de coca fue del 82%, mientras que en Caller\u00eda, en el mismo departamento, la subida fue del 145%.<\/p>\n<\/div>\n<\/div>\n<\/div>\n<\/div>\n","protected":false},"excerpt":{"rendered":"<p>Naciones Unidas reporta un aumento sin precedentes de la fabricaci\u00f3n de coca\u00edna. Junto a los&#8230;<\/p>\n","protected":false},"author":1,"featured_media":7709,"comment_status":"open","ping_status":"closed","sticky":false,"template":"","format":"standard","meta":{"footnotes":""},"categories":[11,14,15],"tags":[],"class_list":["post-7707","post","type-post","status-publish","format-standard","has-post-thumbnail","hentry","category-internacional","category-policia","category-politica"],"_links":{"self":[{"href":"https:\/\/xn--huracnpolmicocancnquintanaroo-knc6wmu.com\/index.php?rest_route=\/wp\/v2\/posts\/7707","targetHints":{"allow":["GET"]}}],"collection":[{"href":"https:\/\/xn--huracnpolmicocancnquintanaroo-knc6wmu.com\/index.php?rest_route=\/wp\/v2\/posts"}],"about":[{"href":"https:\/\/xn--huracnpolmicocancnquintanaroo-knc6wmu.com\/index.php?rest_route=\/wp\/v2\/types\/post"}],"author":[{"embeddable":true,"href":"https:\/\/xn--huracnpolmicocancnquintanaroo-knc6wmu.com\/index.php?rest_route=\/wp\/v2\/users\/1"}],"replies":[{"embeddable":true,"href":"https:\/\/xn--huracnpolmicocancnquintanaroo-knc6wmu.com\/index.php?rest_route=%2Fwp%2Fv2%2Fcomments&post=7707"}],"version-history":[{"count":1,"href":"https:\/\/xn--huracnpolmicocancnquintanaroo-knc6wmu.com\/index.php?rest_route=\/wp\/v2\/posts\/7707\/revisions"}],"predecessor-version":[{"id":7708,"href":"https:\/\/xn--huracnpolmicocancnquintanaroo-knc6wmu.com\/index.php?rest_route=\/wp\/v2\/posts\/7707\/revisions\/7708"}],"wp:featuredmedia":[{"embeddable":true,"href":"https:\/\/xn--huracnpolmicocancnquintanaroo-knc6wmu.com\/index.php?rest_route=\/wp\/v2\/media\/7709"}],"wp:attachment":[{"href":"https:\/\/xn--huracnpolmicocancnquintanaroo-knc6wmu.com\/index.php?rest_route=%2Fwp%2Fv2%2Fmedia&parent=7707"}],"wp:term":[{"taxonomy":"category","embeddable":true,"href":"https:\/\/xn--huracnpolmicocancnquintanaroo-knc6wmu.com\/index.php?rest_route=%2Fwp%2Fv2%2Fcategories&post=7707"},{"taxonomy":"post_tag","embeddable":true,"href":"https:\/\/xn--huracnpolmicocancnquintanaroo-knc6wmu.com\/index.php?rest_route=%2Fwp%2Fv2%2Ftags&post=7707"}],"curies":[{"name":"wp","href":"https:\/\/api.w.org\/{rel}","templated":true}]}}