{"id":7895,"date":"2022-07-25T16:28:34","date_gmt":"2022-07-25T21:28:34","guid":{"rendered":"https:\/\/xn--huracnpolmicocancnquintanaroo-knc6wmu.com\/?p=7895"},"modified":"2022-07-26T21:29:39","modified_gmt":"2022-07-26T21:29:39","slug":"ante-escasez-de-mano-de-obra-en-cancun-ebrard-propone-contratar-centroamericanos","status":"publish","type":"post","link":"https:\/\/xn--huracnpolmicocancnquintanaroo-knc6wmu.com\/?p=7895","title":{"rendered":"Ante escasez de mano de obra en Canc\u00fan, Ebrard propone contratar centroamericanos"},"content":{"rendered":"<div class=\"entry-top galleryDesktop\">\n<div class=\"title\">\n<h4 style=\"text-align: center;\">El canciller expuso que el subsecretario para Am\u00e9rica Latina y el Caribe se reunir\u00e1 con los representantes de las c\u00e1maras empresariales tanto de hoteles como de la industria restaurantera para afinar los detalles de esta iniciativa.<\/h4>\n<\/div>\n<\/div>\n<div class=\"nota-autor clearfix\">\n<div class=\"entry-author clearfix\">\n<address class=\"clearfix\">El canciller mexicano, Marcelo Ebrard Ebrard Casaub\u00f3n, anunci\u00f3 en su visita a Canc\u00fan que ante la falta de mano de obra que reportan tanto hoteles como restaurantes en la zona norte del estado, podr\u00edan implementar un programa de contrataci\u00f3n de trabajadores centroamericanos.<\/p>\n<p>Para ello adelant\u00f3 que el subsecretario para Am\u00e9rica Latina y el Caribe, Maximiliano Reyes Z\u00fa\u00f1iga, se reunir\u00e1 con los representantes de las c\u00e1maras empresariales tanto de hoteleros como de la industria restaurantera para afinar los detalles de esta iniciativa.<\/p>\n<p>\u201cRepresentantes de la industria restaurantera me dijeron ya que la falta de mano de obra es de m\u00e1s de 20%\u201d, expuso el canciller durante el encuentro con la prensa luego de sostener una reuni\u00f3n denominado Futuros y Retos internacionales para Quintana Roo, en la que adem\u00e1s de empresarios estuvo presente el gobernador, Carlos Joaqu\u00edn Gonz\u00e1lez.<\/p>\n<p class=\"_115565\">Aunado a la contrataci\u00f3n de mano de obra centroamericana, Marcelo Ebrard anunci\u00f3 el inicio de una gira de promoci\u00f3n por Estados Unidos, en la que recorrer\u00e1n 50 consulados mexicanos \u201cpara atraer inversi\u00f3n y flujo tur\u00edstico\u201d.<\/p>\n<p>La gira estar\u00e1 a cargo de Ximena Escobedo Ju\u00e1rez, directora general de Coordinaci\u00f3n Pol\u00edtica de la Secretar\u00eda de Relaciones Exteriores, con quien empresarios del ramo tur\u00edstico recorrer\u00e1n ciudades como Los \u00c1ngeles, Chicago, Nueva York, Houston, entre otras, a partir de octubre de este mismo a\u00f1o.<\/p>\n<h2>Impacto econ\u00f3mico<\/h2>\n<p>El secretario de Estado expuso adem\u00e1s que el empresariado quintanarroense le comunic\u00f3 el impacto econ\u00f3mico que ya est\u00e1 teniendo el Tren Maya en el estado, sobre todo en mercado inmobiliario con la revalorizaci\u00f3n de tierra y un mayor dinamismo en compra y venta de inmuebles.<\/p>\n<p class=\"_115565\">Sobre la queja interpuesta ante la Comisi\u00f3n de Cooperaci\u00f3n Ambiental del Tratado M\u00e9xico, Estados Unidos y Canad\u00e1 en contra del Tren Maya, en la que organizaciones ambientalistas acusan al gobierno mexicano de dejar de aplicar su legislaci\u00f3n ambiental para construir este proyecto gubernamental, el canciller s\u00f3lo se limit\u00f3 a decir que el que se haya admitido dicha queja \u201cno quiere decir que tengan raz\u00f3n, s\u00f3lo que se inici\u00f3 un proceso y lo bueno es que hay las v\u00edas para poder resolverlo\u201d.<\/p>\n<div id=\"FIOnDemandWrapper_fiInstance_115565_1_747226633066235\" class=\"FIOnDemandWrapper\">\n<p>En entrevista aparte, Le\u00f3n Cervantes, presidente del organismo Empresarios por Quintana Roo, coment\u00f3 que el programa de contrataci\u00f3n de mano de obra centroamericana podr\u00eda concretarse mediante una visa de trabajo, pero ello depender\u00e1 de lo que les exponga el subsecretario Reyes Z\u00fa\u00f1iga.<\/p>\n<p class=\"_115565\">Apenas hace dos semanas, ante el arranque de la temporada ala de verano, los empresarios reportaron un d\u00e9ficit de 9,000 trabajadores.<\/p>\n<p>El presidente del Consejo Coordinador Empresarial del Caribe, Iv\u00e1n Ferrat Mancera, dijo que para la temporada alta han recurrido a la b\u00fasqueda de mano calificada en estados vecinos para complementar sus respectivas plantillas laborales, con ferias de trabajo, pero hasta el momento la falta de personal se mantiene.<\/p>\n<\/div>\n<\/address>\n<\/div>\n<\/div>\n","protected":false},"excerpt":{"rendered":"<p>El canciller expuso que el subsecretario para Am\u00e9rica Latina y el Caribe se reunir\u00e1 con&#8230;<\/p>\n","protected":false},"author":1,"featured_media":7897,"comment_status":"open","ping_status":"closed","sticky":false,"template":"","format":"standard","meta":{"footnotes":""},"categories":[2,37],"tags":[],"class_list":["post-7895","post","type-post","status-publish","format-standard","has-post-thumbnail","hentry","category-local","category-quintana-roo"],"_links":{"self":[{"href":"https:\/\/xn--huracnpolmicocancnquintanaroo-knc6wmu.com\/index.php?rest_route=\/wp\/v2\/posts\/7895","targetHints":{"allow":["GET"]}}],"collection":[{"href":"https:\/\/xn--huracnpolmicocancnquintanaroo-knc6wmu.com\/index.php?rest_route=\/wp\/v2\/posts"}],"about":[{"href":"https:\/\/xn--huracnpolmicocancnquintanaroo-knc6wmu.com\/index.php?rest_route=\/wp\/v2\/types\/post"}],"author":[{"embeddable":true,"href":"https:\/\/xn--huracnpolmicocancnquintanaroo-knc6wmu.com\/index.php?rest_route=\/wp\/v2\/users\/1"}],"replies":[{"embeddable":true,"href":"https:\/\/xn--huracnpolmicocancnquintanaroo-knc6wmu.com\/index.php?rest_route=%2Fwp%2Fv2%2Fcomments&post=7895"}],"version-history":[{"count":1,"href":"https:\/\/xn--huracnpolmicocancnquintanaroo-knc6wmu.com\/index.php?rest_route=\/wp\/v2\/posts\/7895\/revisions"}],"predecessor-version":[{"id":7896,"href":"https:\/\/xn--huracnpolmicocancnquintanaroo-knc6wmu.com\/index.php?rest_route=\/wp\/v2\/posts\/7895\/revisions\/7896"}],"wp:featuredmedia":[{"embeddable":true,"href":"https:\/\/xn--huracnpolmicocancnquintanaroo-knc6wmu.com\/index.php?rest_route=\/wp\/v2\/media\/7897"}],"wp:attachment":[{"href":"https:\/\/xn--huracnpolmicocancnquintanaroo-knc6wmu.com\/index.php?rest_route=%2Fwp%2Fv2%2Fmedia&parent=7895"}],"wp:term":[{"taxonomy":"category","embeddable":true,"href":"https:\/\/xn--huracnpolmicocancnquintanaroo-knc6wmu.com\/index.php?rest_route=%2Fwp%2Fv2%2Fcategories&post=7895"},{"taxonomy":"post_tag","embeddable":true,"href":"https:\/\/xn--huracnpolmicocancnquintanaroo-knc6wmu.com\/index.php?rest_route=%2Fwp%2Fv2%2Ftags&post=7895"}],"curies":[{"name":"wp","href":"https:\/\/api.w.org\/{rel}","templated":true}]}}