{"id":8396,"date":"2022-08-24T15:31:10","date_gmt":"2022-08-24T20:31:10","guid":{"rendered":"https:\/\/xn--huracnpolmicocancnquintanaroo-knc6wmu.com\/?p=8396"},"modified":"2022-08-24T20:31:19","modified_gmt":"2022-08-24T20:31:19","slug":"la-inflacion-sigue-al-alza-en-mexico-y-llega-a-862","status":"publish","type":"post","link":"https:\/\/xn--huracnpolmicocancnquintanaroo-knc6wmu.com\/?p=8396","title":{"rendered":"La inflaci\u00f3n sigue al alza en M\u00e9xico y llega a 8,62%"},"content":{"rendered":"<div class=\"a_e_txt _df\">\n<h4 class=\"a_st\" style=\"text-align: center;\">Los precios de los alimentos siguen en aumento constante, provocando presi\u00f3n al bolsillo de los mexicanos<\/h4>\n<\/div>\n<div class=\"a_e_m\">\n<p class=\"\">El aumento de precios se desboca en M\u00e9xico. La tasa anual\u00a0de la inflaci\u00f3n generalizada\u00a0se ubic\u00f3 en 8,62% en la primera quincena de agosto, de acuerdo con el \u00cdndice Nacional de Precios al Consumidor publicado este mi\u00e9rcoles por el Instituto Nacional de Estad\u00edstica y Geograf\u00eda (Inegi). Con un aumento de 0,42% respecto al mes pasado, la inflaci\u00f3n\u00a0ha llegado a su nivel m\u00e1s alto\u00a0desde agosto del a\u00f1o 2000.<\/p>\n<div class=\"raw_html\">\n<p class=\"\">La\u00a0compra de alimentos es la que m\u00e1s presi\u00f3n coloca al bolsillo de los consumidores. Las legumbres y verduras frescas son los que han presentado m\u00e1s incrementos, como la cebolla, que ha subido de precio 37.,6% respecto a la \u00faltima quincena de julio, la papa subi\u00f3 2,36% y las tortillas de ma\u00edz se encarecieron 1,56% en el mismo periodo.<\/p>\n<p class=\"\">Adicionalmente, la inflaci\u00f3n subyacente, que no tiene en cuenta los alimentos frescos ni la energ\u00eda por su volatilidad y que determina la trayectoria de la inflaci\u00f3n general en el mediano y largo plazo, tuvo un empuje de 0,49% en la \u00faltima quincena, mientras que en su tasa anual el aumento fue de 7,97%, un nivel no visto para estos productos desde noviembre de 2000.<\/p>\n<p class=\"\">El aumento ha rebasado todas las expectativas del mercado. Seg\u00fan la\u00a0\u00faltima encuesta\u00a0de expectativas de Citibanamex, se esperaba que la inflaci\u00f3n no superara el 8,52%, mientras que este nivel ha remontado 16 meses seguidos el pron\u00f3stico de inflaci\u00f3n del Banco de M\u00e9xico. A inicios de mes, el banco central aument\u00f3 su tasa de inter\u00e9s de referencia, el que determina el valor del dinero, a 8,50% su nivel m\u00e1s alto desde que comenz\u00f3 a implementar su pol\u00edtica monetaria en 2008.<\/p>\n<p class=\"\">Gabriela Siller,\u00a0directora de an\u00e1lisis econ\u00f3mico de Banco Base, se\u00f1ala en su informe de este mi\u00e9rcoles que las presiones al alza sobre la inflaci\u00f3n subyacente de mercanc\u00edas alimentarias y sobre los precios de frutas y verduras en el componente no subyacente, presionan a que la inflaci\u00f3n generalizada siga creciendo en los pr\u00f3ximos meses. \u201cAdicionalmente, existen riesgos al alza para los precios de los energ\u00e9ticos\u201d, detalla la analista y advierte que el Banco de M\u00e9xico puede seguir subiendo su tasa de inter\u00e9s, hacia un nivel entre 9,5 y 10% al cierre del a\u00f1o.<\/p>\n<p class=\"\">M\u00e9xico no es ajeno a los problemas geopol\u00edticos que han provocado aumentos de precios en todo el mundo, pero se hace particularmente notable frente a los intentos del Gobierno mexicano de frenar la escalada. La Comisi\u00f3n Econ\u00f3mica para Am\u00e9rica Latina y el Caribe (Cepal) ha advertido en su m\u00e1s reciente informe para Am\u00e9rica Latina el riesgo que representa el aumento de precios. \u201cAl menor crecimiento econ\u00f3mico se suman las fuertes presiones inflacionarias, el bajo dinamismo de la creaci\u00f3n de empleo, ca\u00eddas de la inversi\u00f3n y crecientes demandas sociales\u201d, menciona el organismo.<\/p>\n<div id=\"sum_twitter\" class=\"a_em _df\" data-oembed-type=\"twitter\"><\/div>\n<\/div>\n<\/div>\n","protected":false},"excerpt":{"rendered":"<p>Los precios de los alimentos siguen en aumento constante, provocando presi\u00f3n al bolsillo de los&#8230;<\/p>\n","protected":false},"author":1,"featured_media":8398,"comment_status":"open","ping_status":"closed","sticky":false,"template":"","format":"standard","meta":{"footnotes":""},"categories":[12,15],"tags":[],"class_list":["post-8396","post","type-post","status-publish","format-standard","has-post-thumbnail","hentry","category-nacional","category-politica"],"_links":{"self":[{"href":"https:\/\/xn--huracnpolmicocancnquintanaroo-knc6wmu.com\/index.php?rest_route=\/wp\/v2\/posts\/8396","targetHints":{"allow":["GET"]}}],"collection":[{"href":"https:\/\/xn--huracnpolmicocancnquintanaroo-knc6wmu.com\/index.php?rest_route=\/wp\/v2\/posts"}],"about":[{"href":"https:\/\/xn--huracnpolmicocancnquintanaroo-knc6wmu.com\/index.php?rest_route=\/wp\/v2\/types\/post"}],"author":[{"embeddable":true,"href":"https:\/\/xn--huracnpolmicocancnquintanaroo-knc6wmu.com\/index.php?rest_route=\/wp\/v2\/users\/1"}],"replies":[{"embeddable":true,"href":"https:\/\/xn--huracnpolmicocancnquintanaroo-knc6wmu.com\/index.php?rest_route=%2Fwp%2Fv2%2Fcomments&post=8396"}],"version-history":[{"count":1,"href":"https:\/\/xn--huracnpolmicocancnquintanaroo-knc6wmu.com\/index.php?rest_route=\/wp\/v2\/posts\/8396\/revisions"}],"predecessor-version":[{"id":8397,"href":"https:\/\/xn--huracnpolmicocancnquintanaroo-knc6wmu.com\/index.php?rest_route=\/wp\/v2\/posts\/8396\/revisions\/8397"}],"wp:featuredmedia":[{"embeddable":true,"href":"https:\/\/xn--huracnpolmicocancnquintanaroo-knc6wmu.com\/index.php?rest_route=\/wp\/v2\/media\/8398"}],"wp:attachment":[{"href":"https:\/\/xn--huracnpolmicocancnquintanaroo-knc6wmu.com\/index.php?rest_route=%2Fwp%2Fv2%2Fmedia&parent=8396"}],"wp:term":[{"taxonomy":"category","embeddable":true,"href":"https:\/\/xn--huracnpolmicocancnquintanaroo-knc6wmu.com\/index.php?rest_route=%2Fwp%2Fv2%2Fcategories&post=8396"},{"taxonomy":"post_tag","embeddable":true,"href":"https:\/\/xn--huracnpolmicocancnquintanaroo-knc6wmu.com\/index.php?rest_route=%2Fwp%2Fv2%2Ftags&post=8396"}],"curies":[{"name":"wp","href":"https:\/\/api.w.org\/{rel}","templated":true}]}}