{"id":8578,"date":"2022-09-03T13:42:54","date_gmt":"2022-09-03T18:42:54","guid":{"rendered":"https:\/\/xn--huracnpolmicocancnquintanaroo-knc6wmu.com\/?p=8578"},"modified":"2022-09-03T18:43:09","modified_gmt":"2022-09-03T18:43:09","slug":"mexico-camara-aprueba-pase-de-guardia-nacional-a-sedena","status":"publish","type":"post","link":"https:\/\/xn--huracnpolmicocancnquintanaroo-knc6wmu.com\/?p=8578","title":{"rendered":"M\u00e9xico: C\u00e1mara aprueba pase de Guardia Nacional a Sedena"},"content":{"rendered":"<p>La C\u00e1mara de Diputados de M\u00e9xico aprob\u00f3 el s\u00e1bado una reforma legislativa impulsada por el presidente Andr\u00e9s Manuel L\u00f3pez Obrador que transfiere la Guardia Nacional, creada como una fuerza bajo mando civil, a la Secretar\u00eda de la Defensa Nacional, lo que de concretarse representa un cambio dr\u00e1stico en la postura que por a\u00f1os defendi\u00f3 el gobernante de que los militares deb\u00edan retornar a los cuarteles.<\/p>\n<p>La reforma legislativa pasar\u00e1 ahora a discusi\u00f3n del Senado, tambi\u00e9n controlado por el oficialismo, para su aprobaci\u00f3n final.<\/p>\n<p>Tras una sesi\u00f3n marat\u00f3nica, que extendi\u00f3 por m\u00e1s de 12 horas, los diputados del oficialista Movimiento Regeneraci\u00f3n Nacional (Morena) y sus partidos aliados lograron la aprobaci\u00f3n, con 264 votos a favor y 212 en contra y una abstenci\u00f3n, de la reforma de tres leyes que permiten a la Secretar\u00eda de la Defensa Nacional (Sedena) asumir el control operativo de la Guardia Nacional, que desde su creaci\u00f3n en 2019 era manejada por la Secretar\u00eda de Seguridad y Protecci\u00f3n Ciudadana.<\/p>\n<p>El poder ejecutivo promovi\u00f3 la transferencia proponiendo la modificaci\u00f3n de algunos art\u00edculos de leyes de la Administraci\u00f3n P\u00fablica Federal, de la Guardia Nacional, y del Ej\u00e9rcito y la Fuerza A\u00e9rea Mexicanos.<\/p>\n<p>El cambio legislativo se dio en medio de cuestionamientos de organizaciones humanitarias y opositores que consideraron que la reforma viola la Constituci\u00f3n y anunciaron que recurrir\u00e1n a la Suprema Corte de Justicia de la Naci\u00f3n para impugnarla.<\/p>\n<div class=\"enhancement\" data-click=\"enhancement\" data-align-left=\"\">\n<div class=\"list list-h list-spacer-bottom\" data-list-id=\"0000016b-b92c-dcc6-a5eb-bbbfdd480004\" data-module-id=\"0000016b-b92c-dcc6-a5eb-bbbfdd480004\">\n<div class=\"list-header list-h-list-header\" data-click=\"liHListTitleCTA\">L\u00f3pez Obrador, que durante a\u00f1os hab\u00eda dicho que los militares deb\u00edan retornar a los cuarteles, cambi\u00f3 de posici\u00f3n y en los \u00faltimos meses comenz\u00f3 a promover una propuesta de reforma constitucional para pasar a la Guardia Nacional a la Sedena. Luego de que la oposici\u00f3n, agrupada en una coalici\u00f3n de partidos, descart\u00f3 que apoyar\u00eda la reforma constitucional, el gobernante decidi\u00f3 recurrir al cambio de varias leyes para lograr que la Guardia Nacional pasara a control militar.El mandatario mexicano defendi\u00f3 la reforma legislativa, que present\u00f3 en el Congreso a mediados de la semana, alegando que las fuerzas policiales civiles no hab\u00edan logrado traer seguridad al pa\u00eds, que el Ej\u00e9rcito es la instituci\u00f3n m\u00e1s confiable de M\u00e9xico, y que la Guardia Nacional ya es esencialmente una instituci\u00f3n militar.<\/p>\n<p>De los m\u00e1s de 110.000 efectivos que integran la Guardia Nacional m\u00e1s del 80% provinieron del Ej\u00e9rcito y la Marina.<\/p>\n<p>L\u00f3pez Obrador sostuvo que la Guardia Nacional s\u00f3lo funciona gracias al liderazgo militar que la organiz\u00f3 y las amplias capacidades log\u00edsticas de las fuerzas armadas.<\/p>\n<div class=\"page-article-body\">\n<div class=\"rich-text-article-body\">\n<div class=\"rich-text-article-body-content rich-text-body\" data-subscriber-content=\"\">\n<p>Seg\u00fan la reforma legislativa, la Secretar\u00eda de Seguridad deber\u00e1 transferir a la Sedena en un plazo de 60 d\u00edas los recursos presupuestales para cubrir los gastos de operaci\u00f3n y personal de la Guardia Nacional, as\u00ed como los recursos materiales destinados a su operaci\u00f3n.<\/p>\n<\/div>\n<\/div>\n<\/div>\n<\/div>\n<\/div>\n<\/div>\n","protected":false},"excerpt":{"rendered":"<p>La C\u00e1mara de Diputados de M\u00e9xico aprob\u00f3 el s\u00e1bado una reforma legislativa impulsada por el&#8230;<\/p>\n","protected":false},"author":1,"featured_media":8580,"comment_status":"open","ping_status":"closed","sticky":false,"template":"","format":"standard","meta":{"footnotes":""},"categories":[12,14],"tags":[],"class_list":["post-8578","post","type-post","status-publish","format-standard","has-post-thumbnail","hentry","category-nacional","category-policia"],"_links":{"self":[{"href":"https:\/\/xn--huracnpolmicocancnquintanaroo-knc6wmu.com\/index.php?rest_route=\/wp\/v2\/posts\/8578","targetHints":{"allow":["GET"]}}],"collection":[{"href":"https:\/\/xn--huracnpolmicocancnquintanaroo-knc6wmu.com\/index.php?rest_route=\/wp\/v2\/posts"}],"about":[{"href":"https:\/\/xn--huracnpolmicocancnquintanaroo-knc6wmu.com\/index.php?rest_route=\/wp\/v2\/types\/post"}],"author":[{"embeddable":true,"href":"https:\/\/xn--huracnpolmicocancnquintanaroo-knc6wmu.com\/index.php?rest_route=\/wp\/v2\/users\/1"}],"replies":[{"embeddable":true,"href":"https:\/\/xn--huracnpolmicocancnquintanaroo-knc6wmu.com\/index.php?rest_route=%2Fwp%2Fv2%2Fcomments&post=8578"}],"version-history":[{"count":1,"href":"https:\/\/xn--huracnpolmicocancnquintanaroo-knc6wmu.com\/index.php?rest_route=\/wp\/v2\/posts\/8578\/revisions"}],"predecessor-version":[{"id":8579,"href":"https:\/\/xn--huracnpolmicocancnquintanaroo-knc6wmu.com\/index.php?rest_route=\/wp\/v2\/posts\/8578\/revisions\/8579"}],"wp:featuredmedia":[{"embeddable":true,"href":"https:\/\/xn--huracnpolmicocancnquintanaroo-knc6wmu.com\/index.php?rest_route=\/wp\/v2\/media\/8580"}],"wp:attachment":[{"href":"https:\/\/xn--huracnpolmicocancnquintanaroo-knc6wmu.com\/index.php?rest_route=%2Fwp%2Fv2%2Fmedia&parent=8578"}],"wp:term":[{"taxonomy":"category","embeddable":true,"href":"https:\/\/xn--huracnpolmicocancnquintanaroo-knc6wmu.com\/index.php?rest_route=%2Fwp%2Fv2%2Fcategories&post=8578"},{"taxonomy":"post_tag","embeddable":true,"href":"https:\/\/xn--huracnpolmicocancnquintanaroo-knc6wmu.com\/index.php?rest_route=%2Fwp%2Fv2%2Ftags&post=8578"}],"curies":[{"name":"wp","href":"https:\/\/api.w.org\/{rel}","templated":true}]}}