{"id":8635,"date":"2022-09-06T16:30:15","date_gmt":"2022-09-06T21:30:15","guid":{"rendered":"https:\/\/xn--huracnpolmicocancnquintanaroo-knc6wmu.com\/?p=8635"},"modified":"2022-09-06T21:30:24","modified_gmt":"2022-09-06T21:30:24","slug":"mexico-preve-rescatar-en-seis-meses-a-los-diez-mineros-atrapados-en-coahuila","status":"publish","type":"post","link":"https:\/\/xn--huracnpolmicocancnquintanaroo-knc6wmu.com\/?p=8635","title":{"rendered":"M\u00e9xico prev\u00e9 rescatar en seis meses a los diez mineros atrapados en Coahuila"},"content":{"rendered":"<div class=\"row\">\n<div class=\"col-sm-xl-12 layout-section wrap-bottom promo1\">\n<h4 class=\"primary-font__PrimaryFontStyles-o56yd5-0 ctbcAa h4-primary sub-headline\" style=\"text-align: center;\">La coordinadora nacional de Protecci\u00f3n Civil de M\u00e9xico, Laura Vel\u00e1zquez, ha afirmado que el rescate de los diez mineros atrapados desde el pasado 10 de agosto en la mina Pinabete en Coahuila (M\u00e9xico) se llevar\u00e1 a cabo seis meses despu\u00e9s del inicio de las obras para liberarlos, en la conferencia de prensa del presidente, Andr\u00e9s Manuel L\u00f3pez Obrador.<\/h4>\n<p class=\"default__StyledText-xb1qmn-0 gPlaKG body-paragraph\">La funcionaria ha explicado que como parte de los acuerdos, los familiares de los mineros recibir\u00e1n una indemnizaci\u00f3n en los pr\u00f3ximos d\u00edas por parte de la Subsecretar\u00eda de Derechos Humanos de Gobernaci\u00f3n. Adem\u00e1s, una vez llevada a cabo la excavaci\u00f3n y el rescate se levantar\u00e1 un memorial en nombre de los trabajadores, seg\u00fan &#8216;El Universal&#8217;.<\/p>\n<p class=\"default__StyledText-xb1qmn-0 gPlaKG body-paragraph\">&#8220;Llevaremos a cabo una mesa t\u00e9cnica para solventar todos los permisos necesarios para que se realice la obra sin contratiempos&#8221;, ha asegurado. La mesa estar\u00e1 compuesta por la Secretar\u00eda de Medio Ambiente y Recursos Naturales, la Secretar\u00eda de Defensa Nacional y la Comisi\u00f3n Nacional del Agua.<\/p>\n<p class=\"default__StyledText-xb1qmn-0 gPlaKG body-paragraph fi-aic_280\">Laura Vel\u00e1zquez ha explicado que el origen del incidente se ha asociado con un proceso no controlado de explotaci\u00f3n en la mina El Pinabete, que provoc\u00f3 el derrumbamiento de las paredes y la entrada de agua en la estructura. La funcionaria ha asegurado que para el Gobierno &#8220;no hay lugar&#8221; para el cansancio en el rescate, &#8220;ni para la indiferencia&#8221; ante el dolor de los familiares.<\/p>\n<p class=\"default__StyledText-xb1qmn-0 gPlaKG body-paragraph\">El presidente, L\u00f3pez Obrador, ha dicho que los t\u00e9cnicos decidieron cambiar de estrategia de rescate despu\u00e9s de consultar a especialistas del extranjero. &#8220;Se le present\u00f3 esta opci\u00f3n a los familiares, aceptaron y ya se est\u00e1 trabajando para el rescate de los mineros&#8221;, ha informado, seg\u00fan recoge &#8216;Milenio&#8217;. Tambi\u00e9n ha agradecido a los familiares que hayan actuado &#8220;a pesar de las dificultades&#8221; de manera muy responsable y se ha comprometido a no dejarlos desamparados.<\/p>\n<\/div>\n<\/div>\n","protected":false},"excerpt":{"rendered":"<p>La coordinadora nacional de Protecci\u00f3n Civil de M\u00e9xico, Laura Vel\u00e1zquez, ha afirmado que el rescate&#8230;<\/p>\n","protected":false},"author":1,"featured_media":8637,"comment_status":"open","ping_status":"closed","sticky":false,"template":"","format":"standard","meta":{"footnotes":""},"categories":[12,15],"tags":[],"class_list":["post-8635","post","type-post","status-publish","format-standard","has-post-thumbnail","hentry","category-nacional","category-politica"],"_links":{"self":[{"href":"https:\/\/xn--huracnpolmicocancnquintanaroo-knc6wmu.com\/index.php?rest_route=\/wp\/v2\/posts\/8635","targetHints":{"allow":["GET"]}}],"collection":[{"href":"https:\/\/xn--huracnpolmicocancnquintanaroo-knc6wmu.com\/index.php?rest_route=\/wp\/v2\/posts"}],"about":[{"href":"https:\/\/xn--huracnpolmicocancnquintanaroo-knc6wmu.com\/index.php?rest_route=\/wp\/v2\/types\/post"}],"author":[{"embeddable":true,"href":"https:\/\/xn--huracnpolmicocancnquintanaroo-knc6wmu.com\/index.php?rest_route=\/wp\/v2\/users\/1"}],"replies":[{"embeddable":true,"href":"https:\/\/xn--huracnpolmicocancnquintanaroo-knc6wmu.com\/index.php?rest_route=%2Fwp%2Fv2%2Fcomments&post=8635"}],"version-history":[{"count":1,"href":"https:\/\/xn--huracnpolmicocancnquintanaroo-knc6wmu.com\/index.php?rest_route=\/wp\/v2\/posts\/8635\/revisions"}],"predecessor-version":[{"id":8636,"href":"https:\/\/xn--huracnpolmicocancnquintanaroo-knc6wmu.com\/index.php?rest_route=\/wp\/v2\/posts\/8635\/revisions\/8636"}],"wp:featuredmedia":[{"embeddable":true,"href":"https:\/\/xn--huracnpolmicocancnquintanaroo-knc6wmu.com\/index.php?rest_route=\/wp\/v2\/media\/8637"}],"wp:attachment":[{"href":"https:\/\/xn--huracnpolmicocancnquintanaroo-knc6wmu.com\/index.php?rest_route=%2Fwp%2Fv2%2Fmedia&parent=8635"}],"wp:term":[{"taxonomy":"category","embeddable":true,"href":"https:\/\/xn--huracnpolmicocancnquintanaroo-knc6wmu.com\/index.php?rest_route=%2Fwp%2Fv2%2Fcategories&post=8635"},{"taxonomy":"post_tag","embeddable":true,"href":"https:\/\/xn--huracnpolmicocancnquintanaroo-knc6wmu.com\/index.php?rest_route=%2Fwp%2Fv2%2Ftags&post=8635"}],"curies":[{"name":"wp","href":"https:\/\/api.w.org\/{rel}","templated":true}]}}