{"id":8749,"date":"2022-09-12T19:44:52","date_gmt":"2022-09-13T00:44:52","guid":{"rendered":"https:\/\/xn--huracnpolmicocancnquintanaroo-knc6wmu.com\/?p=8749"},"modified":"2022-09-13T00:44:53","modified_gmt":"2022-09-13T00:44:53","slug":"claudia-sheinbaum-afirma-que-avanzan-estudios-para-reforzar-la-t2-del-aicm","status":"publish","type":"post","link":"https:\/\/xn--huracnpolmicocancnquintanaroo-knc6wmu.com\/?p=8749","title":{"rendered":"Claudia Sheinbaum afirma que avanzan estudios para reforzar la T2 del AICM"},"content":{"rendered":"<p class=\"selectable-text copyable-text\"><span class=\"selectable-text copyable-text\">La jefa de gobierno se reuni\u00f3 con el presidente L\u00f3pez Obrador para abordar el proyecto para la recimentaci\u00f3n y reforzamiento de la Terminal 2 del Aeropuerto Benito Ju\u00e1rez.<\/span><\/p>\n<p class=\"selectable-text copyable-text\"><span class=\"selectable-text copyable-text\">Los trabajos de reforzamiento de la Terminal 2 del Aeropuerto Internacional de la Ciudad de M\u00e9xico\u00a0podr\u00edan iniciar en los pr\u00f3ximos d\u00edas, pues los estudios para determinar cu\u00e1l es la soluci\u00f3n m\u00e1s adecuada para los hundimientos que se registran en esta zona van avanzados y podr\u00edan estar listos en 15 d\u00edas,\u00a0adelant\u00f3 la jefa de gobierno Claudia Sheinbaum.<\/span><\/p>\n<p class=\"selectable-text copyable-text\"><span class=\"selectable-text copyable-text\">En conferencia de prensa, la mandataria capitalina record\u00f3 que estas labores estar\u00e1n a cargo de\u00a0la Secretar\u00eda de Obras,\u00a0en gran medida por la confianza que el presidente L\u00f3pez Obrador tiene en el titular de esta dependencia, Jes\u00fas Esteva.<\/span><\/p>\n<p class=\"selectable-text copyable-text\"><span class=\"selectable-text copyable-text\">\u201cYa est\u00e1n los estudios, ya est\u00e1n los trabajadores, de hecho ya empezaron las excavaciones para poder ver cu\u00e1l es la mejor soluci\u00f3n y\u00a0en unos 15 d\u00edas m\u00e1s o menos queda ya lo que ser\u00eda el proyecto de cimentaci\u00f3n, m\u00e1s que de cimentaci\u00f3n de protecci\u00f3n, digamos, de la terminal dos, ya lo estaremos informando el costo y los tiempos de ejecuci\u00f3n\u201d,\u00a0coment\u00f3.<\/span><\/p>\n<p class=\"selectable-text copyable-text\"><span class=\"selectable-text copyable-text\">La funcionaria agreg\u00f3 que esperan firmar el convenio con el gobierno federal para que puedan transferir los recursos e iniciar con los trabajos.<\/span><\/p>\n<p class=\"selectable-text copyable-text\"><span class=\"selectable-text copyable-text\">\u201cSe estaba por firmar el d\u00eda de hoy si no la pr\u00f3xima semana en convenio con la Secretar\u00eda de infraestructura, comunicaciones y transportes y el aeropuerto de la ciudad de M\u00e9xico para que se nos de el recurso federal y podamos entrar a trabajar\u201d,\u00a0indic\u00f3.<\/span><\/p>\n<p class=\"selectable-text copyable-text\"><span class=\"selectable-text copyable-text\">Fue ayer cuando Sheinbaum Pardo se reuni\u00f3 con el presidente L\u00f3pez Obrador para abordar el proyecto para la recimentaci\u00f3n y reforzamiento de la Terminal 2 del Aeropuerto Benito Ju\u00e1rez.<\/span><\/p>\n","protected":false},"excerpt":{"rendered":"<p>La jefa de gobierno se reuni\u00f3 con el presidente L\u00f3pez Obrador para abordar el proyecto&#8230;<\/p>\n","protected":false},"author":1,"featured_media":8751,"comment_status":"open","ping_status":"closed","sticky":false,"template":"","format":"standard","meta":{"footnotes":""},"categories":[12,15,18],"tags":[],"class_list":["post-8749","post","type-post","status-publish","format-standard","has-post-thumbnail","hentry","category-nacional","category-politica","category-tecnologia"],"_links":{"self":[{"href":"https:\/\/xn--huracnpolmicocancnquintanaroo-knc6wmu.com\/index.php?rest_route=\/wp\/v2\/posts\/8749","targetHints":{"allow":["GET"]}}],"collection":[{"href":"https:\/\/xn--huracnpolmicocancnquintanaroo-knc6wmu.com\/index.php?rest_route=\/wp\/v2\/posts"}],"about":[{"href":"https:\/\/xn--huracnpolmicocancnquintanaroo-knc6wmu.com\/index.php?rest_route=\/wp\/v2\/types\/post"}],"author":[{"embeddable":true,"href":"https:\/\/xn--huracnpolmicocancnquintanaroo-knc6wmu.com\/index.php?rest_route=\/wp\/v2\/users\/1"}],"replies":[{"embeddable":true,"href":"https:\/\/xn--huracnpolmicocancnquintanaroo-knc6wmu.com\/index.php?rest_route=%2Fwp%2Fv2%2Fcomments&post=8749"}],"version-history":[{"count":1,"href":"https:\/\/xn--huracnpolmicocancnquintanaroo-knc6wmu.com\/index.php?rest_route=\/wp\/v2\/posts\/8749\/revisions"}],"predecessor-version":[{"id":8750,"href":"https:\/\/xn--huracnpolmicocancnquintanaroo-knc6wmu.com\/index.php?rest_route=\/wp\/v2\/posts\/8749\/revisions\/8750"}],"wp:featuredmedia":[{"embeddable":true,"href":"https:\/\/xn--huracnpolmicocancnquintanaroo-knc6wmu.com\/index.php?rest_route=\/wp\/v2\/media\/8751"}],"wp:attachment":[{"href":"https:\/\/xn--huracnpolmicocancnquintanaroo-knc6wmu.com\/index.php?rest_route=%2Fwp%2Fv2%2Fmedia&parent=8749"}],"wp:term":[{"taxonomy":"category","embeddable":true,"href":"https:\/\/xn--huracnpolmicocancnquintanaroo-knc6wmu.com\/index.php?rest_route=%2Fwp%2Fv2%2Fcategories&post=8749"},{"taxonomy":"post_tag","embeddable":true,"href":"https:\/\/xn--huracnpolmicocancnquintanaroo-knc6wmu.com\/index.php?rest_route=%2Fwp%2Fv2%2Ftags&post=8749"}],"curies":[{"name":"wp","href":"https:\/\/api.w.org\/{rel}","templated":true}]}}