{"id":8752,"date":"2022-09-13T15:21:56","date_gmt":"2022-09-13T20:21:56","guid":{"rendered":"https:\/\/xn--huracnpolmicocancnquintanaroo-knc6wmu.com\/?p=8752"},"modified":"2022-09-13T20:22:04","modified_gmt":"2022-09-13T20:22:04","slug":"mexico-ve-posible-solucion-a-disputa-energetica-elogia-nuevo-tono-de-eeuu","status":"publish","type":"post","link":"https:\/\/xn--huracnpolmicocancnquintanaroo-knc6wmu.com\/?p=8752","title":{"rendered":"M\u00e9xico ve posible soluci\u00f3n a disputa energ\u00e9tica, elogia nuevo &#8220;tono&#8221; de EEUU"},"content":{"rendered":"<div class=\"single-news-header\">\n<h4 class=\"single-news-header-subtitle\" style=\"text-align: center;\">La disputa energ\u00e9tica estall\u00f3 en julio, cuando el gobierno estadounidense exigi\u00f3 conversaciones para la resoluci\u00f3n de controversias con M\u00e9xico, argumentando que un plan de L\u00f3pez Obrador para reforzar el control estatal en el mercado era injusto para sus empresas.<\/h4>\n<p class=\"tr-story-p1\">M\u00e9xico expres\u00f3 el lunes\u00a0<strong>la esperanza de poder resolver una disputa con Estados Unidos sobre la pol\u00edtica energ\u00e9tica<\/strong>\u00a0del pa\u00eds latinoamericano al dar la bienvenida a una delegaci\u00f3n de funcionarios estadounidenses y despu\u00e9s de que el presidente Andr\u00e9s Manuel L\u00f3pez Obrador suaviz\u00f3 su postura sobre el tema.<\/p>\n<p>La disputa energ\u00e9tica estall\u00f3 en julio, cuando el gobierno estadounidense exigi\u00f3 conversaciones para la resoluci\u00f3n de controversias con M\u00e9xico,\u00a0<strong>argumentando que un plan de L\u00f3pez Obrador para reforzar el control estatal en el mercado era injusto para sus empresas.<\/strong><\/p>\n<p>La queja estadounidense, a la que Canad\u00e1 se sum\u00f3 de inmediato,\u00a0<strong>es posiblemente la mayor disputa surgida en virtud del acuerdo comercial entre las tres naciones, el TMEC, desde que entr\u00f3 en vigor en 2020.<\/strong><\/p>\n<p>Si no se resuelve, podr\u00eda conducir a la imposici\u00f3n de fuertes aranceles comerciales contra M\u00e9xico, aseguran analistas.<\/p>\n<p>Las autoridades dijeron que la disputa no fue un tema central en las conversaciones del lunes en Ciudad de M\u00e9xico con funcionarios estadounidenses liderados por el secretario de Estado, Antony Blinken, aunque el canciller mexicano, Marcelo Ebrard,\u00a0<strong>expres\u00f3 su optimismo de que se podr\u00eda llegar a un acuerdo.<\/strong><\/p>\n<p>La secretaria de Econom\u00eda de M\u00e9xico, Tatiana Clouthier, subray\u00f3 el punto en una conferencia de prensa conjunta, diciendo que los dos gobiernos trabajar\u00edan para encontrar una soluci\u00f3n.<\/p>\n<p>L\u00f3pez Obrador, quien ha presentado su pol\u00edtica sobre energ\u00eda como una cuesti\u00f3n de soberan\u00eda nacional, hab\u00eda respondido previamente al tema de forma desafiante,\u00a0<strong>diciendo que defender\u00eda su planteamiento en el desfile militar del D\u00eda de la Independencia que se celebrar\u00e1 el pr\u00f3ximo viernes.<\/strong><\/p>\n<p>Sin embargo, el lunes anunci\u00f3 que ya no se referir\u00eda al tema en su discurso del 16 de septiembre porque su hom\u00f3logo estadounidense, Joe Biden, hab\u00eda respondido positivamente a sus preocupaciones.<\/p>\n<p>&#8220;Hay un tono distinto. Hay una actitud de respeto.\u00a0<strong>Mejor dicho, es la reafirmaci\u00f3n del respeto a nuestra soberan\u00eda&#8221;,<\/strong>\u00a0se\u00f1al\u00f3 en su habitual conferencia de prensa diaria, aludiendo una carta que asegur\u00f3 haber recibido de Biden.<\/p>\n<p>&nbsp;<\/p>\n<h2>Reuni\u00f3n amistosa<\/h2>\n<p>Despu\u00e9s de reunirse con los funcionarios estadounidenses,\u00a0<strong>L\u00f3pez Obrador dijo en Twitter que tuvo una reuni\u00f3n &#8220;productiva y amistosa&#8221; con Blinken y la secretaria de Comercio de Estados Unidos, Gina Raimondo.<\/strong><\/p>\n<p>Blinken y el presidente mexicano hablaron sobre los esfuerzos conjuntos para enfrentar el cambio clim\u00e1tico al invertir en energ\u00eda limpia y \u00e1reas como veh\u00edculos el\u00e9ctricos, energ\u00eda solar y producci\u00f3n de semiconductores, dijo el vocero del Departamento de Estado de estadounidense, Ned Price.<\/p>\n<p><strong>Estados Unidos y M\u00e9xico cuentan con una de las relaciones comerciales m\u00e1s grandes del mundo, y los funcionarios destacaron que los esfuerzos para modernizar sus econom\u00edas<\/strong>\u00a0impulsar\u00edan el crecimiento y el empleo.<\/p>\n<p>La secretaria de Comercio de Estados Unidos, Raimondo, dijo que su pa\u00eds y M\u00e9xico han identificado \u00e1reas de colaboraci\u00f3n en las cadenas de suministro.<\/p>\n<p><strong>&#8220;Lo mejor est\u00e1 por venir&#8221;, asever\u00f3, agregando que estaba &#8220;emocionada&#8221; con el progreso que las dos partes hab\u00edan logrado<\/strong>\u00a0en una variedad de temas, incluido el refuerzo de la seguridad energ\u00e9tica.<\/p>\n<\/div>\n","protected":false},"excerpt":{"rendered":"<p>La disputa energ\u00e9tica estall\u00f3 en julio, cuando el gobierno estadounidense exigi\u00f3 conversaciones para la resoluci\u00f3n&#8230;<\/p>\n","protected":false},"author":1,"featured_media":8754,"comment_status":"open","ping_status":"closed","sticky":false,"template":"","format":"standard","meta":{"footnotes":""},"categories":[12,15],"tags":[],"class_list":["post-8752","post","type-post","status-publish","format-standard","has-post-thumbnail","hentry","category-nacional","category-politica"],"_links":{"self":[{"href":"https:\/\/xn--huracnpolmicocancnquintanaroo-knc6wmu.com\/index.php?rest_route=\/wp\/v2\/posts\/8752","targetHints":{"allow":["GET"]}}],"collection":[{"href":"https:\/\/xn--huracnpolmicocancnquintanaroo-knc6wmu.com\/index.php?rest_route=\/wp\/v2\/posts"}],"about":[{"href":"https:\/\/xn--huracnpolmicocancnquintanaroo-knc6wmu.com\/index.php?rest_route=\/wp\/v2\/types\/post"}],"author":[{"embeddable":true,"href":"https:\/\/xn--huracnpolmicocancnquintanaroo-knc6wmu.com\/index.php?rest_route=\/wp\/v2\/users\/1"}],"replies":[{"embeddable":true,"href":"https:\/\/xn--huracnpolmicocancnquintanaroo-knc6wmu.com\/index.php?rest_route=%2Fwp%2Fv2%2Fcomments&post=8752"}],"version-history":[{"count":1,"href":"https:\/\/xn--huracnpolmicocancnquintanaroo-knc6wmu.com\/index.php?rest_route=\/wp\/v2\/posts\/8752\/revisions"}],"predecessor-version":[{"id":8753,"href":"https:\/\/xn--huracnpolmicocancnquintanaroo-knc6wmu.com\/index.php?rest_route=\/wp\/v2\/posts\/8752\/revisions\/8753"}],"wp:featuredmedia":[{"embeddable":true,"href":"https:\/\/xn--huracnpolmicocancnquintanaroo-knc6wmu.com\/index.php?rest_route=\/wp\/v2\/media\/8754"}],"wp:attachment":[{"href":"https:\/\/xn--huracnpolmicocancnquintanaroo-knc6wmu.com\/index.php?rest_route=%2Fwp%2Fv2%2Fmedia&parent=8752"}],"wp:term":[{"taxonomy":"category","embeddable":true,"href":"https:\/\/xn--huracnpolmicocancnquintanaroo-knc6wmu.com\/index.php?rest_route=%2Fwp%2Fv2%2Fcategories&post=8752"},{"taxonomy":"post_tag","embeddable":true,"href":"https:\/\/xn--huracnpolmicocancnquintanaroo-knc6wmu.com\/index.php?rest_route=%2Fwp%2Fv2%2Ftags&post=8752"}],"curies":[{"name":"wp","href":"https:\/\/api.w.org\/{rel}","templated":true}]}}